{"id":13387,"date":"2025-04-25T12:55:06","date_gmt":"2025-04-25T10:55:06","guid":{"rendered":"https:\/\/elcafedepipa.com\/?p=13387"},"modified":"2025-04-25T12:55:06","modified_gmt":"2025-04-25T10:55:06","slug":"el-pspv-de-castello-denuncia-la-valencianofobia-institucional-de-pp-i-vox-en-prohibir-la-commemoracio-del-25-dabril-data-dexaltacio-de-lautogovern","status":"publish","type":"post","link":"https:\/\/elcafedepipa.com\/index.php\/2025\/04\/25\/el-pspv-de-castello-denuncia-la-valencianofobia-institucional-de-pp-i-vox-en-prohibir-la-commemoracio-del-25-dabril-data-dexaltacio-de-lautogovern\/","title":{"rendered":"El PSPV de Castell\u00f3 denuncia la \u201cvalencianof\u00f2bia institucional de PP i VOX en prohibir la commemoraci\u00f3 del 25 d\u2019Abril, data d\u2019exaltaci\u00f3 de l\u2019autogovern&#8221;"},"content":{"rendered":"\n<p>El PSPV-PSOE de Castell\u00f3 ha acusat PP i VOX de prohibir aquest divendres la commemoraci\u00f3 del 25 d\u2019Abril a les Corts. El secretari general socialista, Samuel Falomir, ha carregat contra la decisi\u00f3 \u201cunilateral i arbitr\u00e0ria\u201d de la presidenta del parlament valenci\u00e0, Llanos Mass\u00f3, d\u2019impedir qualsevol acte institucional per a recordar \u201cuna data clau per a l\u2019autogovern, els drets hist\u00f2rics i la defensa de la llengua i cultura pr\u00f2pies del nostre poble\u201d. \u201cHa imposat el seu discurs d\u2019oci contra la identitat valenciana\u201d.<\/p>\n\n\n\n<p>Falomir ha denunciat que \u201cla censura de Mass\u00f3\u201d ha anat m\u00e9s enll\u00e0 de vetar els actes oficials que es venien celebrant de forma oficial des de 1994 \u201camb governs de tots els colors pol\u00edtics\u201d, com el lliurament de les distincions Francesc de Vinatea. Tamb\u00e9 s\u2019ha prohibit l\u2019\u00fas a l\u2019oposici\u00f3 de qualsevol sala del Palau dels Borja per a commemorar aquesta diada. En aquest sentit, ha lamentat que \u201cuna presidenta d\u2019un partit que es declara obertament en contra de l\u2019Estat auton\u00f2mic suspenga el dret a recordar qui som, la nostra hist\u00f2ria i all\u00f2 que ens defineix com a poble mentre el PP ho permet amb la seua complicitat covarda\u201d.<\/p>\n\n\n\n<p>\u201cLlanos Mass\u00f3 diu que no \u00e9s moment de celebrar pel context de crispaci\u00f3 pol\u00edtic actual, per\u00f2 \u00e9s que el 25 d\u2019Abril no se celebra res. Commemorem la p\u00e8rdua de les nostres institucions pr\u00f2pies i l\u2019inici de la repressi\u00f3 contra la nostra llengua i la nostra cultura. I aix\u00f2 \u00e9s precisament el que molesta a VOX, la mem\u00f2ria del que ens van prendre com a poble\u201d. \u201cTot aix\u00f2 frega el rid\u00edcul quan, el mateix dia que prohibeixen recordar aquesta data, VOX reclama celebrar el 2 de maig, la festa de la Comunitat de Madrid, a tot l\u2019Estat\u201d.<\/p>\n\n\n\n<p>\u201cA\u00e7\u00f2 t\u00e9 un nom, i es diu valencianof\u00f2bia. No \u00e9s crispaci\u00f3, \u00e9s odi pol\u00edtic a la identitat valenciana. I damunt culpen els altres mentre s\u00f3n ells els que imposen la censura, els insults i la mentida per damunt del debat i del respecte democr\u00e0tic\u201d, ha reblat.<\/p>\n\n\n\n<p>\u201cEstem vivint una degradaci\u00f3 institucional inaudita, amb persecucions i prohibicions de tot all\u00f2 que sona a valenci\u00e0. VOX fa i desf\u00e0 com vol mentre el PP de Maz\u00f3n calla, s\u2019agenolla i ven la dignitat del poble valenci\u00e0\u201d. El dirigent castellonenc ha advertit que, tot i les prohibicions, calcades a les de Franco, \u201cno aconseguiran esborrar la nostra mem\u00f2ria col\u00b7lectiva\u201d.<\/p>\n\n\n\n<p>Finalment, el dirigent del PSPV de Castell\u00f3 ha exigit a Maz\u00f3n que \u201cacabe amb aquest desgavell de legislatura\u201d i \u201cdone la veu al poble amb una convocat\u00f2ria urgent d\u2019eleccions anticipades\u201d. \u201cEls valencians i valencianes no ens mereixem un Consell que ataca la seua pr\u00f2pia cultura ni unes Corts on es prohibeix recordar qui som. Som un poble amb mem\u00f2ria i no oblidem\u201d, ha concl\u00f2s.<\/p>\n","protected":false},"excerpt":{"rendered":"<p>El PSPV-PSOE de Castell\u00f3 ha acusat PP i VOX de prohibir aquest divendres la commemoraci\u00f3 del 25 d\u2019Abril a les Corts. El secretari general socialista, Samuel Falomir, ha carregat contra la decisi\u00f3 \u201cunilateral i arbitr\u00e0ria\u201d de la presidenta del parlament valenci\u00e0, Llanos Mass\u00f3, d\u2019impedir qualsevol acte institucional per a recordar \u201cuna data clau per a &#8230; <a title=\"El PSPV de Castell\u00f3 denuncia la \u201cvalencianof\u00f2bia institucional de PP i VOX en prohibir la commemoraci\u00f3 del 25 d\u2019Abril, data d\u2019exaltaci\u00f3 de l\u2019autogovern&#8221;\" class=\"read-more\" href=\"https:\/\/elcafedepipa.com\/index.php\/2025\/04\/25\/el-pspv-de-castello-denuncia-la-valencianofobia-institucional-de-pp-i-vox-en-prohibir-la-commemoracio-del-25-dabril-data-dexaltacio-de-lautogovern\/\" aria-label=\"M\u00e9s informaci\u00f3 sobre El PSPV de Castell\u00f3 denuncia la \u201cvalencianof\u00f2bia institucional de PP i VOX en prohibir la commemoraci\u00f3 del 25 d\u2019Abril, data d\u2019exaltaci\u00f3 de l\u2019autogovern&#8221;\">Read more<\/a><\/p>\n","protected":false},"author":2,"featured_media":13388,"comment_status":"closed","ping_status":"closed","sticky":false,"template":"","format":"standard","meta":{"om_disable_all_campaigns":false,"_monsterinsights_skip_tracking":false,"_monsterinsights_sitenote_active":false,"_monsterinsights_sitenote_note":"","_monsterinsights_sitenote_category":0,"_uf_show_specific_survey":0,"_uf_disable_surveys":false,"footnotes":""},"categories":[10],"tags":[],"class_list":["post-13387","post","type-post","status-publish","format-standard","has-post-thumbnail","hentry","category-provinciadecastello"],"_links":{"self":[{"href":"https:\/\/elcafedepipa.com\/index.php\/wp-json\/wp\/v2\/posts\/13387","targetHints":{"allow":["GET"]}}],"collection":[{"href":"https:\/\/elcafedepipa.com\/index.php\/wp-json\/wp\/v2\/posts"}],"about":[{"href":"https:\/\/elcafedepipa.com\/index.php\/wp-json\/wp\/v2\/types\/post"}],"author":[{"embeddable":true,"href":"https:\/\/elcafedepipa.com\/index.php\/wp-json\/wp\/v2\/users\/2"}],"replies":[{"embeddable":true,"href":"https:\/\/elcafedepipa.com\/index.php\/wp-json\/wp\/v2\/comments?post=13387"}],"version-history":[{"count":0,"href":"https:\/\/elcafedepipa.com\/index.php\/wp-json\/wp\/v2\/posts\/13387\/revisions"}],"wp:featuredmedia":[{"embeddable":true,"href":"https:\/\/elcafedepipa.com\/index.php\/wp-json\/wp\/v2\/media\/13388"}],"wp:attachment":[{"href":"https:\/\/elcafedepipa.com\/index.php\/wp-json\/wp\/v2\/media?parent=13387"}],"wp:term":[{"taxonomy":"category","embeddable":true,"href":"https:\/\/elcafedepipa.com\/index.php\/wp-json\/wp\/v2\/categories?post=13387"},{"taxonomy":"post_tag","embeddable":true,"href":"https:\/\/elcafedepipa.com\/index.php\/wp-json\/wp\/v2\/tags?post=13387"}],"curies":[{"name":"wp","href":"https:\/\/api.w.org\/{rel}","templated":true}]}}