{"id":13370,"date":"2025-04-24T14:34:16","date_gmt":"2025-04-24T12:34:16","guid":{"rendered":"https:\/\/elcafedepipa.com\/?p=13370"},"modified":"2025-04-24T14:34:17","modified_gmt":"2025-04-24T12:34:17","slug":"nules-ja-esta-preparada-per-a-celebrar-la-festivitat-de-sant-vicent","status":"publish","type":"post","link":"https:\/\/elcafedepipa.com\/index.php\/2025\/04\/24\/nules-ja-esta-preparada-per-a-celebrar-la-festivitat-de-sant-vicent\/","title":{"rendered":"Nules ja est\u00e0 preparada per a celebrar la festivitat de Sant Vicent."},"content":{"rendered":"\n<p>Nules comen\u00e7a aquesta setmana els actes previs a la festivitat en honor a Sant Vicent. De manera que, el Regidor de Tradicions, Ram\u00f3n Mart\u00ednez, el President de la Quinta 98, Miguel \u00c1ngel Oliver, i els clavaris de la Quinta 98, Juan \u00c1lvarez, Francisco Mill\u00e1n, i Antonio Cascales han estat els encarregats de presentar hui aquesta programaci\u00f3.<\/p>\n\n\n\n<p>En aquest sentit, dijous s\u2019ha previst a la sala teatre de la Caixa Rural de Nules la presentaci\u00f3 del documental \u201cLa festa de Sant Vicent Ferrer a Nules\u201d, a m\u00e9s tamb\u00e9 s\u2019exhibiran les noves cabe\u00e7ades dels cavalls dels clavaris de Sant Vicent, amb les quals es culmina la seua nova indument\u00e0ria, cal recordar que l\u2019any passat es van renovar les guarnicions i la vestimenta d\u2019aquests cavalls.<\/p>\n\n\n\n<p>Divendres, la Quinta de l\u2019any 1998, com a organitzadora d\u2019aquest esdeveniment, compartir\u00e0 la jornada festiva amb les quintes anterior i posterior i amb la quinta que enguany celebra el 25 aniversari.<\/p>\n\n\n\n<p>Aix\u00ed mateix, diumenge en finalitzar la Process\u00f3 de les Camareres, acompanyament a la Patrona de Nules, la Mare de D\u00e9u de la Soledat, fins a la seua capella. Tot seguit, desfilada de la Quinta 98 fins a la Pla\u00e7a Major per a l\u2019obertura del dosser en honor a Sant Vicent Ferrer a c\u00e0rrec dels clavaris de la Quinta del 98. Tamb\u00e9 hi haur\u00e0 espectacle pirot\u00e8cnic a c\u00e0rrec de la pirot\u00e8cnia Pe\u00f1arroja, l\u2019encesa de les torxes del retaule de Sant Vicent de la m\u00e0 del president de la Quinta del 98, i ball amb l\u2019orquestra \u201cAcr\u00f3polis\u201d.<\/p>\n\n\n\n<p>Amb tot, la poblaci\u00f3 de Nules celebrar\u00e0 dilluns, 28 d\u2019abril, la festivitat de Sant Vicent amb un dels actes m\u00e9s destacats d\u2019aquesta localitat, declarat com a Festa d\u2019Inter\u00e8s Tur\u00edstic Provincial, que cada any compta amb la participaci\u00f3 de milers de persones del municipi i de poblacions del voltant. De fet, la festivitat de Sant Vicent destaca a aquesta localitat de la comarca de la Plana Baixa per la celebraci\u00f3 del tradicional cercavila de Sant Vicent que est\u00e0 protagonitzat per les quintes.<\/p>\n\n\n\n<p>Aix\u00ed doncs, aquest cercavila comptar\u00e0, com cada any, amb la participaci\u00f3 de les diferents quintes que, com \u00e9s costum, eixiran de la Pla\u00e7a Major a les 9 del mat\u00ed i recorrer\u00e0 diferents carrers de la vila per a finalitzar a la Pla\u00e7a Major per a lliurar, davant del dosser, el gui\u00f3 de Sant Vicent a la Quinta de l\u2019any 1999 la qual ser\u00e0 l\u2019encarregada d\u2019organitzar el pr\u00f2xim any aquesta festa. Per la vesprada, se celebrar\u00e0 la missa i la process\u00f3 en honor a Sant Vicent Ferrer.<\/p>\n\n\n\n<p>Des de la Regidoria de Tradicions de l\u2019Ajuntament de Nules s\u2019est\u00e0 col\u00b7laborant amb els organitzadors d\u2019aquesta festivitat. Aix\u00ed, el regidor, Ram\u00f3n Mart\u00ednez, comenta al respecte que \u201ces tracta d\u2019una de les festes m\u00e9s multitudin\u00e0ries que se celebren a Nules i que compta amb molta tradici\u00f3 amb el cercavila, i tamb\u00e9 amb els actes religiosos que formen part de la programaci\u00f3, i d\u2019altres com el dosser que s\u2019instal\u00b7la als baixos de l\u2019ajuntament i on es lliura el gui\u00f3 a la quinta que organitzar\u00e0 la festa l\u2019any vinent. De fet, \u00e9s una festa molt nostra, una senya de la nostra identitat i cultura local que l\u2019any 2021 va estar declarada com a Festa d\u2019Inter\u00e8s Tur\u00edstic Provincial\u201d.<\/p>\n\n\n\n<p>Cal assenyalar que, va ser la Quinta de l\u2019any 1961 la que en el seu dia va instaurar aquesta festa que actualment compta amb molta tradici\u00f3 i est\u00e0 molt arrelada entre el ve\u00efnat de Nules.<\/p>\n","protected":false},"excerpt":{"rendered":"<p>Nules comen\u00e7a aquesta setmana els actes previs a la festivitat en honor a Sant Vicent. De manera que, el Regidor de Tradicions, Ram\u00f3n Mart\u00ednez, el President de la Quinta 98, Miguel \u00c1ngel Oliver, i els clavaris de la Quinta 98, Juan \u00c1lvarez, Francisco Mill\u00e1n, i Antonio Cascales han estat els encarregats de presentar hui aquesta &#8230; <a title=\"Nules ja est\u00e0 preparada per a celebrar la festivitat de Sant Vicent.\" class=\"read-more\" href=\"https:\/\/elcafedepipa.com\/index.php\/2025\/04\/24\/nules-ja-esta-preparada-per-a-celebrar-la-festivitat-de-sant-vicent\/\" aria-label=\"M\u00e9s informaci\u00f3 sobre Nules ja est\u00e0 preparada per a celebrar la festivitat de Sant Vicent.\">Read more<\/a><\/p>\n","protected":false},"author":2,"featured_media":13371,"comment_status":"closed","ping_status":"closed","sticky":false,"template":"","format":"standard","meta":{"om_disable_all_campaigns":false,"_monsterinsights_skip_tracking":false,"_monsterinsights_sitenote_active":false,"_monsterinsights_sitenote_note":"","_monsterinsights_sitenote_category":0,"_uf_show_specific_survey":0,"_uf_disable_surveys":false,"footnotes":""},"categories":[3],"tags":[],"class_list":["post-13370","post","type-post","status-publish","format-standard","has-post-thumbnail","hentry","category-nules"],"_links":{"self":[{"href":"https:\/\/elcafedepipa.com\/index.php\/wp-json\/wp\/v2\/posts\/13370","targetHints":{"allow":["GET"]}}],"collection":[{"href":"https:\/\/elcafedepipa.com\/index.php\/wp-json\/wp\/v2\/posts"}],"about":[{"href":"https:\/\/elcafedepipa.com\/index.php\/wp-json\/wp\/v2\/types\/post"}],"author":[{"embeddable":true,"href":"https:\/\/elcafedepipa.com\/index.php\/wp-json\/wp\/v2\/users\/2"}],"replies":[{"embeddable":true,"href":"https:\/\/elcafedepipa.com\/index.php\/wp-json\/wp\/v2\/comments?post=13370"}],"version-history":[{"count":0,"href":"https:\/\/elcafedepipa.com\/index.php\/wp-json\/wp\/v2\/posts\/13370\/revisions"}],"wp:featuredmedia":[{"embeddable":true,"href":"https:\/\/elcafedepipa.com\/index.php\/wp-json\/wp\/v2\/media\/13371"}],"wp:attachment":[{"href":"https:\/\/elcafedepipa.com\/index.php\/wp-json\/wp\/v2\/media?parent=13370"}],"wp:term":[{"taxonomy":"category","embeddable":true,"href":"https:\/\/elcafedepipa.com\/index.php\/wp-json\/wp\/v2\/categories?post=13370"},{"taxonomy":"post_tag","embeddable":true,"href":"https:\/\/elcafedepipa.com\/index.php\/wp-json\/wp\/v2\/tags?post=13370"}],"curies":[{"name":"wp","href":"https:\/\/api.w.org\/{rel}","templated":true}]}}