{"id":13360,"date":"2025-04-24T14:03:41","date_gmt":"2025-04-24T12:03:41","guid":{"rendered":"https:\/\/elcafedepipa.com\/?p=13360"},"modified":"2025-04-24T14:03:41","modified_gmt":"2025-04-24T12:03:41","slug":"el-pspv-psoe-de-borriana-dona-suport-a-lampliacio-de-credit-per-a-reprendre-les-obres-de-lies-jaume-i-i-acusa-al-govern-del-pp-de-mentir-per-ignorancia-o-per-mala-fe","status":"publish","type":"post","link":"https:\/\/elcafedepipa.com\/index.php\/2025\/04\/24\/el-pspv-psoe-de-borriana-dona-suport-a-lampliacio-de-credit-per-a-reprendre-les-obres-de-lies-jaume-i-i-acusa-al-govern-del-pp-de-mentir-per-ignorancia-o-per-mala-fe\/","title":{"rendered":"El PSPV-PSOE de Borriana dona suport a l\u2019ampliaci\u00f3 de cr\u00e8dit per a reprendre les obres de l\u2019IES Jaume I i acusa al govern del PP de \u201cmentir per ignor\u00e0ncia o per mala fe\u201d"},"content":{"rendered":"\n<p>El PSPV-PSOE de Borriana ha votat hui dijous a favor de l\u2019ampliaci\u00f3 de cr\u00e8dit per a actualitzar el projecte de construcci\u00f3 de l\u2019IES Jaume I, paralitzat des de 2022 despr\u00e9s de la ruptura del contracte amb l\u2019empresa adjudicat\u00e0ria per discrep\u00e0ncies econ\u00f2miques. Tot i el suport, els socialistes han carregat amb duresa contra el govern municipal de Jorge Monferrer, del PP, a qui acusen de \u201cmentir per ignor\u00e0ncia o per mala fe\u201d i de no haver avan\u00e7at\u201d gens\u201d en dos anys de mandat.<\/p>\n\n\n\n<p>El regidor socialista Ramon Monferrer ha afirmat que el seu grup dona suport al punt \u201cperqu\u00e8 nosaltres s\u00ed que creem en l\u2019ensenyament p\u00fablic i, a m\u00e9s a m\u00e9s, el defensem\u201d, per\u00f2 ha volgut \u201ccontestar a algunes mentides que s\u2019han dit des de l\u2019equip de govern\u201d, en refer\u00e8ncia directa a declaracions de l\u2019alcalde afirmant que el PP ha heretat una situaci\u00f3 paralitzada des de fa anys.<\/p>\n\n\n\n<p>\u201cEfectivament, les obres del Jaume I duen parades no arriba a tres anys, dels quals vost\u00e8s en s\u00f3n responsables des de fa vora dos. I en seran responsables fins que estiga acabat el centre. I com diuen vost\u00e9s mateixos, despr\u00e9s de dos anys, all\u00ed no ha entrat ni una m\u00e0quina ni s\u2019ha posat una rajola. Aix\u00f2 s\u00ed que \u00e9s par\u00e0lisi\u201d, ha denunciat Monferrer.<\/p>\n\n\n\n<p>El representant socialista ha volgut deixar clar que el projecte que ara es repr\u00e9n \u00e9s el mateix que es va aprovar l\u2019any 2019 amb el suport un\u00e0nime de tots els grups municipals. \u201cEl que hui s\u2019aprova \u00e9s l\u2019acceptaci\u00f3 de la modificaci\u00f3 de la delegaci\u00f3 de compet\u00e8ncies per a l\u2019actuaci\u00f3 de reposici\u00f3 al centre Jaume I, \u00e9s a dir, l\u2019actualitzaci\u00f3 del projecte aprovat en 2019 adaptat a les circumst\u00e0ncies actuals\u201d. Segons Monferrer, \u201cara falta redactar les bases, adjudicar i comen\u00e7ar les obres, que si tot va b\u00e9 poden tardar vora tres anys m\u00e9s\u201d.<\/p>\n\n\n\n<p>El regidor ha criticat durament la manera com el nou equip de govern va gestionar la ruptura del contracte amb l\u2019empresa constructora. \u201cQuan vost\u00e9s van arribar a l\u2019Ajuntament es van trobar amb una empresa que demanava cinc milions d\u2019euros m\u00e9s, cosa que \u00e9s il\u00b7legal en el marc del Pla Edificant. En lloc de defensar els interessos p\u00fablics, van c\u00f3rrer a solucionar els problemes de l\u2019empresa, li van perdonar totes les penalitats i li van donar, a m\u00e9s, un mili\u00f3 d\u2019euros. I ara, damunt, la mateixa empresa pot tornar-se a presentar a l\u2019adjudicaci\u00f3 de l\u2019obra restant\u201d.<\/p>\n\n\n\n<p>&nbsp;\u201cNom\u00e9s la ignom\u00ednia o la mala fe poden sustentar les seues afirmacions. No es pot arrear amb una m\u00e0 i demanar consens amb l\u2019altra. La dignitat d\u2019un pol\u00edtic es demostra amb la veritat, no amb la mentida sistem\u00e0tica\u201d.<\/p>\n\n\n\n<p>Els socialistes han reiterat el seu comprom\u00eds amb l\u2019ensenyament p\u00fablic i amb la finalitzaci\u00f3 del nou IES Jaume I, per\u00f2 han reclamat \u201crespecte i dignitat\u201d al govern municipal, recordant-li que \u201cla ignor\u00e0ncia nom\u00e9s la supera la incompet\u00e8ncia\u201d.<\/p>\n","protected":false},"excerpt":{"rendered":"<p>El PSPV-PSOE de Borriana ha votat hui dijous a favor de l\u2019ampliaci\u00f3 de cr\u00e8dit per a actualitzar el projecte de construcci\u00f3 de l\u2019IES Jaume I, paralitzat des de 2022 despr\u00e9s de la ruptura del contracte amb l\u2019empresa adjudicat\u00e0ria per discrep\u00e0ncies econ\u00f2miques. Tot i el suport, els socialistes han carregat amb duresa contra el govern municipal &#8230; <a title=\"El PSPV-PSOE de Borriana dona suport a l\u2019ampliaci\u00f3 de cr\u00e8dit per a reprendre les obres de l\u2019IES Jaume I i acusa al govern del PP de \u201cmentir per ignor\u00e0ncia o per mala fe\u201d\" class=\"read-more\" href=\"https:\/\/elcafedepipa.com\/index.php\/2025\/04\/24\/el-pspv-psoe-de-borriana-dona-suport-a-lampliacio-de-credit-per-a-reprendre-les-obres-de-lies-jaume-i-i-acusa-al-govern-del-pp-de-mentir-per-ignorancia-o-per-mala-fe\/\" aria-label=\"M\u00e9s informaci\u00f3 sobre El PSPV-PSOE de Borriana dona suport a l\u2019ampliaci\u00f3 de cr\u00e8dit per a reprendre les obres de l\u2019IES Jaume I i acusa al govern del PP de \u201cmentir per ignor\u00e0ncia o per mala fe\u201d\">Read more<\/a><\/p>\n","protected":false},"author":2,"featured_media":13361,"comment_status":"closed","ping_status":"closed","sticky":false,"template":"","format":"standard","meta":{"om_disable_all_campaigns":false,"_monsterinsights_skip_tracking":false,"_monsterinsights_sitenote_active":false,"_monsterinsights_sitenote_note":"","_monsterinsights_sitenote_category":0,"_uf_show_specific_survey":0,"_uf_disable_surveys":false,"footnotes":""},"categories":[10],"tags":[],"class_list":["post-13360","post","type-post","status-publish","format-standard","has-post-thumbnail","hentry","category-provinciadecastello"],"_links":{"self":[{"href":"https:\/\/elcafedepipa.com\/index.php\/wp-json\/wp\/v2\/posts\/13360","targetHints":{"allow":["GET"]}}],"collection":[{"href":"https:\/\/elcafedepipa.com\/index.php\/wp-json\/wp\/v2\/posts"}],"about":[{"href":"https:\/\/elcafedepipa.com\/index.php\/wp-json\/wp\/v2\/types\/post"}],"author":[{"embeddable":true,"href":"https:\/\/elcafedepipa.com\/index.php\/wp-json\/wp\/v2\/users\/2"}],"replies":[{"embeddable":true,"href":"https:\/\/elcafedepipa.com\/index.php\/wp-json\/wp\/v2\/comments?post=13360"}],"version-history":[{"count":0,"href":"https:\/\/elcafedepipa.com\/index.php\/wp-json\/wp\/v2\/posts\/13360\/revisions"}],"wp:featuredmedia":[{"embeddable":true,"href":"https:\/\/elcafedepipa.com\/index.php\/wp-json\/wp\/v2\/media\/13361"}],"wp:attachment":[{"href":"https:\/\/elcafedepipa.com\/index.php\/wp-json\/wp\/v2\/media?parent=13360"}],"wp:term":[{"taxonomy":"category","embeddable":true,"href":"https:\/\/elcafedepipa.com\/index.php\/wp-json\/wp\/v2\/categories?post=13360"},{"taxonomy":"post_tag","embeddable":true,"href":"https:\/\/elcafedepipa.com\/index.php\/wp-json\/wp\/v2\/tags?post=13360"}],"curies":[{"name":"wp","href":"https:\/\/api.w.org\/{rel}","templated":true}]}}