{"id":13346,"date":"2025-04-24T13:43:31","date_gmt":"2025-04-24T11:43:31","guid":{"rendered":"https:\/\/elcafedepipa.com\/?p=13346"},"modified":"2025-04-24T13:43:32","modified_gmt":"2025-04-24T11:43:32","slug":"lajuntament-de-la-vall-duixo-installa-31-contenidors-per-a-la-recollida-selectiva-de-piles","status":"publish","type":"post","link":"https:\/\/elcafedepipa.com\/index.php\/2025\/04\/24\/lajuntament-de-la-vall-duixo-installa-31-contenidors-per-a-la-recollida-selectiva-de-piles\/","title":{"rendered":"L\u2019Ajuntament de la Vall d\u2019Uix\u00f3 instal\u00b7la 31 contenidors per a la recollida selectiva de piles"},"content":{"rendered":"\n<p>L&#8217;Ajuntament de la Vall d\u2019Uix\u00f3 ha signat un conveni de col\u00b7laboraci\u00f3 amb la Fundaci\u00f3 Ecopiles per a la posada en marxa de sistemes de recollida selectiva de residus de piles i acumuladors. Aquesta setmana ha comen\u00e7at la instal\u00b7laci\u00f3 de 31 contenidors en llocs p\u00fablics, visibles i accessibles, ja que es reparteixen per tota la ciutat i hi ha instal\u00b7lacions amb un ampli horari d\u2019obertura.<\/p>\n\n\n\n<p>El regidor de Medi Ambient i Transici\u00f3 Ecol\u00f2gica, Marc Seguer, ha destacat el comprom\u00eds municipal \u201camb la separaci\u00f3 en origen dels residus per a facilitar una gesti\u00f3 adequada, d\u2019acord amb la normativa i amb especial atenci\u00f3 als que tenen un car\u00e0cter perill\u00f3s i molt contaminant, com \u00e9s el cas de les piles\u201d.<\/p>\n\n\n\n<p>Els 31 contenidors de recollida estaran ubicats a: ajuntament (provisionalment al Palau de Vivel), servei de medi ambient (avinguda Jaume I, 25), mercat municipal, biblioteca municipal, piscina municipal, 12 col\u00b7legis p\u00fablics, 3 instituts, el centre de formaci\u00f3 de persones adultes, cafeteries dels centres socials del Toledo, Mestre Rodrigo i Col\u00f2nia Sant Antoni i set centres socials.<\/p>\n\n\n\n<p>La Fundaci\u00f3 Ecopiles realitzar\u00e0 la recollida del contingut per a tractar-lo de manera adequada. A m\u00e9s, tamb\u00e9 es repartiran petits recopiladors de cartr\u00f3 \u201cperqu\u00e8 els ve\u00efns i ve\u00efnes puguen acumular les piles a casa i despr\u00e9s buidar-los als llocs indicats\u201d, ha explicat Seguer. Aquests es podran recollir de manera gratu\u00efta a la Regidoria de Medi Ambient, Transici\u00f3 Ecol\u00f2gica i Agricultura a partir del 5 de maig.<\/p>\n\n\n\n<p>A trav\u00e9s d\u2019aquest acord, l\u2019Ajuntament \u201cfa un pas m\u00e9s en la recollida selectiva de residus, facilitant a la gent la seua separaci\u00f3 perqu\u00e8 fins ara l\u2019\u00fanic punt habilitat per a depositar-les era l\u2019ecoparc\u201d. El regidor ho considera important perqu\u00e8 les piles i acumuladors s\u00f3n \u201cun residu t\u00f2xic que pot ocasionar greus danys en les persones, la fauna, la flora i el medi ambient\u201d.<\/p>\n\n\n\n<p>En aquest sentit, si les piles no es separen i acaben als abocadors i perden la seua carcassa protectora, aboquen metalls i components molt contaminants per a les aig\u00fces subterr\u00e0nies i els s\u00f2ls, per la qual cosa poden acabar introduint-se en la cadena aliment\u00e0ria. S\u2019estima que una pila de bot\u00f3 de mercuri (com les dels rellotges o els audi\u00f2fons) pot contaminar mig mili\u00f3 de litres d\u2019aigua, i una pila alcalina uns 167.000 litres.<\/p>\n\n\n\n<p>Aix\u00ed mateix, Seguer ha advertit que \u201cla pluja, la calor o l\u2019acidesa del s\u00f2l acceleren el proc\u00e9s de descomposici\u00f3 de les piles\u201d, cosa que provoca \u201cefectes fatals en el medi ambient\u201d. Quan una pila es degrada en el s\u00f2l allibera elements altament contaminants com el mercuri, el liti, el plom o el cadmi, i es produeixen vapors que es dispersen per l\u2019aire i l\u2019aigua.<\/p>\n\n\n\n<p>Des de la Regidoria de Medi Ambient i Transici\u00f3 Ecol\u00f2gica remarquen l\u2019aposta municipal per \u201ccontinuar facilitant la separaci\u00f3 dels residus als valleros i valleres pels m\u00faltiples beneficis ambientals, econ\u00f2mics i socials que t\u00e9\u201d. Aix\u00ed mateix, l\u2019edil recorda que \u201c\u00e9s una tasca de totes i tots aconseguir-ho i que gestos menuts com reciclar una pila compten\u201d.<\/p>\n","protected":false},"excerpt":{"rendered":"<p>L&#8217;Ajuntament de la Vall d\u2019Uix\u00f3 ha signat un conveni de col\u00b7laboraci\u00f3 amb la Fundaci\u00f3 Ecopiles per a la posada en marxa de sistemes de recollida selectiva de residus de piles i acumuladors. Aquesta setmana ha comen\u00e7at la instal\u00b7laci\u00f3 de 31 contenidors en llocs p\u00fablics, visibles i accessibles, ja que es reparteixen per tota la ciutat &#8230; <a title=\"L\u2019Ajuntament de la Vall d\u2019Uix\u00f3 instal\u00b7la 31 contenidors per a la recollida selectiva de piles\" class=\"read-more\" href=\"https:\/\/elcafedepipa.com\/index.php\/2025\/04\/24\/lajuntament-de-la-vall-duixo-installa-31-contenidors-per-a-la-recollida-selectiva-de-piles\/\" aria-label=\"M\u00e9s informaci\u00f3 sobre L\u2019Ajuntament de la Vall d\u2019Uix\u00f3 instal\u00b7la 31 contenidors per a la recollida selectiva de piles\">Read more<\/a><\/p>\n","protected":false},"author":2,"featured_media":13347,"comment_status":"closed","ping_status":"closed","sticky":false,"template":"","format":"standard","meta":{"om_disable_all_campaigns":false,"_monsterinsights_skip_tracking":false,"_monsterinsights_sitenote_active":false,"_monsterinsights_sitenote_note":"","_monsterinsights_sitenote_category":0,"_uf_show_specific_survey":0,"_uf_disable_surveys":false,"footnotes":""},"categories":[2],"tags":[],"class_list":["post-13346","post","type-post","status-publish","format-standard","has-post-thumbnail","hentry","category-lavallduixo"],"_links":{"self":[{"href":"https:\/\/elcafedepipa.com\/index.php\/wp-json\/wp\/v2\/posts\/13346","targetHints":{"allow":["GET"]}}],"collection":[{"href":"https:\/\/elcafedepipa.com\/index.php\/wp-json\/wp\/v2\/posts"}],"about":[{"href":"https:\/\/elcafedepipa.com\/index.php\/wp-json\/wp\/v2\/types\/post"}],"author":[{"embeddable":true,"href":"https:\/\/elcafedepipa.com\/index.php\/wp-json\/wp\/v2\/users\/2"}],"replies":[{"embeddable":true,"href":"https:\/\/elcafedepipa.com\/index.php\/wp-json\/wp\/v2\/comments?post=13346"}],"version-history":[{"count":0,"href":"https:\/\/elcafedepipa.com\/index.php\/wp-json\/wp\/v2\/posts\/13346\/revisions"}],"wp:featuredmedia":[{"embeddable":true,"href":"https:\/\/elcafedepipa.com\/index.php\/wp-json\/wp\/v2\/media\/13347"}],"wp:attachment":[{"href":"https:\/\/elcafedepipa.com\/index.php\/wp-json\/wp\/v2\/media?parent=13346"}],"wp:term":[{"taxonomy":"category","embeddable":true,"href":"https:\/\/elcafedepipa.com\/index.php\/wp-json\/wp\/v2\/categories?post=13346"},{"taxonomy":"post_tag","embeddable":true,"href":"https:\/\/elcafedepipa.com\/index.php\/wp-json\/wp\/v2\/tags?post=13346"}],"curies":[{"name":"wp","href":"https:\/\/api.w.org\/{rel}","templated":true}]}}