{"id":13338,"date":"2025-04-24T13:10:23","date_gmt":"2025-04-24T11:10:23","guid":{"rendered":"https:\/\/elcafedepipa.com\/?p=13338"},"modified":"2025-04-24T13:10:23","modified_gmt":"2025-04-24T11:10:23","slug":"la-nit-taronja-dalmenara-2025-se-celebrara-el-cap-de-setmana-del-9-a-l11-de-maig","status":"publish","type":"post","link":"https:\/\/elcafedepipa.com\/index.php\/2025\/04\/24\/la-nit-taronja-dalmenara-2025-se-celebrara-el-cap-de-setmana-del-9-a-l11-de-maig\/","title":{"rendered":"La Nit Taronja d&#8217;Almenara 2025 se celebrar\u00e0 el cap de setmana del 9 a l&#8217;11 de maig"},"content":{"rendered":"\n<p>La huitena edici\u00f3 del Festival Cultural d&#8217;Almenara, conegut com \u201cla Nit Taronja\u201d se celebrar\u00e0 el cap de setmana del 9 a l&#8217;11 del pr\u00f2xim mes de maig, en la qual hi haur\u00e0 una exposici\u00f3, un col\u00b7loqui-presentaci\u00f3 de revista, una obra flamenca, titelles i el concert de l\u2019Associaci\u00f3 Musical Santa Cecilia d&#8217;Almenara.<\/p>\n\n\n\n<p>La programaci\u00f3 arrancar\u00e0 el divendres 9 de maig a les 19 hores amb la inauguraci\u00f3 en el Museu del Mol\u00ed d\u2019Arr\u00f2s de l&#8217;exposici\u00f3 pict\u00f2rica de Rebeca L\u00f3pez titulada \u201cMelancolia\u201d. La mostra estar\u00e0 oberta fins al 5 de juny i es podr\u00e0 visitar de dilluns a divendres de 9.30 a 14 hores, els divendres a la vesprada de 16.30 a 19 hores i els dissabtes al mat\u00ed de 9.30 a 13.30 hores.<\/p>\n\n\n\n<p>El dissabte 10 de maig a les 18 hores a la Biblioteca Municipal Joan Fuster se celebrar\u00e0 la presentaci\u00f3 de la revista \u201cDe major vull ser com ella\u201d on hi haur\u00e0 una taula redona posterior. En ella es vol donar visibilitat a 13 dones de la localitat en diversos espais per a valorar el seu paper en les diferents professions, amb la finalitat que es puguen con\u00e9ixer millor i fomentar el trencament de rols i estereotips preestablits social i culturalment.<\/p>\n\n\n\n<p>Posteriorment a les 19 hores, en la Sala d&#8217;actes del CMC Paulo Freire arribar\u00e0 la representaci\u00f3 de l&#8217;obra flamenca \u201cAire i Comp\u00e0s\u201d (Escena Flamenca), amb acc\u00e9s lliure fins a completar aforament. L&#8217;obra \u00e9s apta per a tots els p\u00fablics.<\/p>\n\n\n\n<p>Ja el diumenge 11 de maig, a partir de les 12 del migdia en la Sala d&#8217;actes del CMC Paulo Freire arribar\u00e0 \u201cThe show Mosc\u00f3n\u201d, una obra de circ de titelles per a tots els p\u00fablics a c\u00e0rrec de Galitoon. L&#8217;acc\u00e9s ser\u00e0 lliure fins a completar l&#8217;aforament.<\/p>\n\n\n\n<p>La Nit Taronja 2025 conclour\u00e0 amb el Concert de Primavera de la banda simf\u00f2nica de l\u2019Associaci\u00f3 Musical Santa Cecilia d&#8217;Almenara, que se celebrar\u00e0 a les 19 hores en la Sala d&#8217;actes del CMC Paulo Freire amb acc\u00e9s lliure fins a completar l&#8217;aforament.<\/p>\n\n\n\n<figure class=\"wp-block-image\"><img decoding=\"async\" src=\"https:\/\/attachment.outlook.live.net\/owa\/MSA%3Acc5365c3f7dd9ce4d9b90e6c827db01b594c6660eeea802e5a4261ecbb1a3b77%40shadow.outlook.com\/service.svc\/s\/GetAttachmentThumbnail?id=AQMkAGM4YzkwMAItZGZjOC1jNTQ1LTAwAi0wMAoARgAAA9cCEmx8MKRJt8qcbetlCk8HALfylbCfFZBMsjL0Guod8mwAAAIBDAAAALfylbCfFZBMsjL0Guod8mwAAACmRbEeAAAAARIAEACbG8Sc0hqcTYoj%2F7uRbpM9&amp;thumbnailType=2&amp;isc=1&amp;token=eyJhbGciOiJSUzI1NiIsInR5cCI6IkpXVCIsImtpZCI6ImRWU0JoUUlmdGVneTFacWNITXNqa3U4L2JCND0iLCJ4NXQiOiJkVlNCaFFJZnRlZ3kxWnFjSE1zamt1OC9iQjQ9Iiwibm9uY2UiOiJTbmRvXzZlQ3ZSQkE4dnJhR2tDYXgtd3pKalRPcUplT2hDX2FWamJ6N3hVTFphN0kzeVpteXJfVzZFOXF0X3ZyMk5XYi1ZLUZkd1Q5b3R5SlZnV1k2bTRoVW5idU9wMkx2STVfaXN1X3hZRnA1Tjl5V29INFo0U053S3N3bGFib0JfWG5kaHdjZHZ3eXRaWWZOS0REcDRsOXBoWFpvSHNUTzZIX0tfR1hCQ0UiLCJpc3Nsb2MiOiJBTTZQUjA4TUI0MjMyIiwic3JzbiI6NjM4ODA4NjQzMTY1ODk1ODk5fQ.eyJzYXAtdmVyc2lvbiI6IjMxIiwiYXBwaWQiOiJhZjNlYmJiYS1jMjNmLTQ5MmEtYWE5My04MzQyMTY5NmVjNGIiLCJpc3NyaW5nIjoiV1ciLCJhcHBpZGFjciI6IjIiLCJhcHBfZGlzcGxheW5hbWUiOiIiLCJ1dGkiOiI1OTkxODEyNi1hNjY3LTQwYWUtYTAwMi1jOWFkMmM2NzMwZmQiLCJpYXQiOjE3NDU0OTI3MTMsInZlciI6IlNUSS5Vc2VyLkNhbGxiYWNrVG9rZW4uVjEiLCJ0aWQiOiI4NGRmOWU3ZmU5ZjY0MGFmYjQzNWFhYWFhYWFhYWFhYSIsInRydXN0ZWRmb3JkZWxlZ2F0aW9uIjoiZmFsc2UiLCJ0b3BvbG9neSI6IntcIlR5cGVcIjpcIk1hY2hpbmVcIixcIlZhbHVlXCI6XCJBTTZQUjA4TUI0MjMyLmV1cnByZDA4LnByb2Qub3V0bG9vay5jb21cIn0iLCJyZXF1ZXN0b3JfYXBwaWQiOiIxNTdjZGZiZi03Mzk4LTRhNTYtOTZjMy1lOTNlOWFiMzA5YjUiLCJyZXF1ZXN0b3JfYXBwX2Rpc3BsYXluYW1lIjoiT2ZmaWNlIDM2NSBFeGNoYW5nZSBNaWNyb3NlcnZpY2UiLCJzY3AiOiJPd2FBdHRhY2htZW50cy5SZWFkIiwib2lkIjoiYzhjOTAwMDAtZGZjOC1jNTQ1LTAwMDAtMDAwMDAwMDAwMDAwIiwicHVpZCI6IkM4QzkwMDAwREZDOEM1NDUiLCJzbXRwIjoiY2M1MzY1YzNmN2RkOWNlNGQ5YjkwZTZjODI3ZGIwMWI1OTRjNjY2MGVlZWE4MDJlNWE0MjYxZWNiYjFhM2I3N0BzaGFkb3cub3V0bG9vay5jb20iLCJ1cG4iOiJjYzUzNjVjM2Y3ZGQ5Y2U0ZDliOTBlNmM4MjdkYjAxYjU5NGM2NjYwZWVlYTgwMmU1YTQyNjFlY2JiMWEzYjc3QHNoYWRvdy5vdXRsb29rLmNvbSIsInVzZXJjYWxsYmFja3VzZXJjb250ZXh0aWQiOiJlMmYxYzNiNWIzODQ0OGYwODFmYjkyN2M2M2Y5ODJjZSIsImVwayI6IntcImt0eVwiOlwiUlNBXCIsXCJuXCI6XCI3bTltc0VLZnBwbVBGelFaQjNuTGFVbzZIQVpMd25EbFpKR3Zxd0NqNHYxZDBqYm1nb1ZMUDk5S0hMeWh4QmxBcDlvVE5wNnBhcEwwVGxIVm9HTzExTFBJTGtwSTBQTk5NTzJmclZDMkRuSWsyN0o0OTFvYVRiZEZtVjZXcXpjMGYtd3JBYmxYMTlvZXlSZmxjTGNFbGRmSXBoaUpaZE10WWd2RWFjRWl0XzNYXzUtS3hMSW1naUVGd2tSVXVHNW5lQmtDYkZNbk9icTZpTldmem5lWE14SEpLNER3aTZudWlCMXdzU2JRTzFHajQ5dzJlejgxUkxjdDVHYW9hMmEyMEpNZjVuQk5HUVVRWmlDQlZSNlJHamxtQW5KUlB5LVJXNFVYT3RMVkExVjYyVHFWT2I5VV9GRUxXNkUxN212TGRpb3JWcFV1SjNVMTY2eHVOdlZxelFcIixcImVcIjpcIkFRQUJcIixcImFsZ1wiOlwiUlMyNTZcIixcImV4cFwiOlwiMTc0NTU4MjU4N1wiLFwiZXhwX2RpZmZcIjpcIjg2NDAwXCIsXCJraWRcIjpcIkg4X0R0MjRwclFURUNucVdSamZQeXZEZWNwTVwifS5RbG9aK1hUQWpCcVMvUk80YTAwQmhvaTdJU2h0WTd6bkNxMVhxWno5SDZ3c1pPU3lsRHJ2VytpTTU3bi9wMUlOS0liSzBlaitEN0ZxbUtaZ3QyV2RLKzIwdzhYejZRdGs1bndtV3hVOXhUV2RKbW80RkdNUHFaQ0hHaHZhV2R1aHp1OHFTdWJHeXJRY2Nyd01lMmJwcGxCaHpQcHd4Nm5mazZ4MTJlaGxBVjVWaXhvbjZRbDBEQ2FycFhBLzVELy9iODcwRkFFT1NLOXlNNE8wVk43SC9Ud1VWc2J0bGJhUC95ZlpOOFptbTUwdHJPS0U3WEZ2Zm9TQy9PWHhsNzFML0xObU1Vc3puWkxzQW9nR0VOTlFiODRUdTAyYW5DdHhpNTdObndOTk5sNktUajROSUR3VEk4b2pkeTB4K054OEJSYVBQVVVkMjExTEw4S2xsTG82dVE9PSIsIm5iZiI6MTc0NTQ5MjcxMywiZXhwIjoxNzQ1NDkzMDEzLCJpc3MiOiJodHRwczovL3N1YnN0cmF0ZS5vZmZpY2UuY29tL3N0cy8iLCJhdWQiOiJodHRwczovL291dGxvb2sub2ZmaWNlLmNvbSIsInNzZWMiOiJFN1B5Z0lyRm1LLzRzRE5EIn0.qbGg0B8xCYKvuh-uXuIPGZSnfIkk4Dq8xoSFl4yOQtguGDwNnzY9wJCa5n953WEQG9fjRRd1VWgjOrJZWqcXrBzk-HBhFWt73Jyxa5G6g7PVaza3udTq1ZEljM_0vqFNti38-zD7I_2tCIh0faTsByu8TmwPYq1AoqjJ4dB-ydGc0gH0N5Cr7ghW55Q8CgvHcRWopYk31iWC8ERnJY_3dmzH5cEVWTMFtmP7skRINui7a7ZimnLSF7iawG0iyzys6TrydjqffPt_K9rSHtPFZnxoLBMIBwyHM8MJVPGZA74SB3ijTADam-_wRck9pEXfGQk-dE0JxQjRnyt_QX6mxw&amp;X-OWA-CANARY=X-OWA-CANARY_cookie_is_null_or_empty&amp;owa=outlook.office.com&amp;scriptVer=20250418009.03&amp;clientId=9D102550BD6B4DD893AD89D9C51CE92B&amp;animation=true&amp;persistenceId=dfe7cb4f-a6bf-4148-b72c-84af090c5629\" alt=\"Visualitzaci\u00f3 pr\u00e8via de la imatge\"\/><\/figure>\n","protected":false},"excerpt":{"rendered":"<p>La huitena edici\u00f3 del Festival Cultural d&#8217;Almenara, conegut com \u201cla Nit Taronja\u201d se celebrar\u00e0 el cap de setmana del 9 a l&#8217;11 del pr\u00f2xim mes de maig, en la qual hi haur\u00e0 una exposici\u00f3, un col\u00b7loqui-presentaci\u00f3 de revista, una obra flamenca, titelles i el concert de l\u2019Associaci\u00f3 Musical Santa Cecilia d&#8217;Almenara. La programaci\u00f3 arrancar\u00e0 el &#8230; <a title=\"La Nit Taronja d&#8217;Almenara 2025 se celebrar\u00e0 el cap de setmana del 9 a l&#8217;11 de maig\" class=\"read-more\" href=\"https:\/\/elcafedepipa.com\/index.php\/2025\/04\/24\/la-nit-taronja-dalmenara-2025-se-celebrara-el-cap-de-setmana-del-9-a-l11-de-maig\/\" aria-label=\"M\u00e9s informaci\u00f3 sobre La Nit Taronja d&#8217;Almenara 2025 se celebrar\u00e0 el cap de setmana del 9 a l&#8217;11 de maig\">Read more<\/a><\/p>\n","protected":false},"author":2,"featured_media":13339,"comment_status":"closed","ping_status":"closed","sticky":false,"template":"","format":"standard","meta":{"om_disable_all_campaigns":false,"_monsterinsights_skip_tracking":false,"_monsterinsights_sitenote_active":false,"_monsterinsights_sitenote_note":"","_monsterinsights_sitenote_category":0,"_uf_show_specific_survey":0,"_uf_disable_surveys":false,"footnotes":""},"categories":[5],"tags":[],"class_list":["post-13338","post","type-post","status-publish","format-standard","has-post-thumbnail","hentry","category-almenara"],"_links":{"self":[{"href":"https:\/\/elcafedepipa.com\/index.php\/wp-json\/wp\/v2\/posts\/13338","targetHints":{"allow":["GET"]}}],"collection":[{"href":"https:\/\/elcafedepipa.com\/index.php\/wp-json\/wp\/v2\/posts"}],"about":[{"href":"https:\/\/elcafedepipa.com\/index.php\/wp-json\/wp\/v2\/types\/post"}],"author":[{"embeddable":true,"href":"https:\/\/elcafedepipa.com\/index.php\/wp-json\/wp\/v2\/users\/2"}],"replies":[{"embeddable":true,"href":"https:\/\/elcafedepipa.com\/index.php\/wp-json\/wp\/v2\/comments?post=13338"}],"version-history":[{"count":0,"href":"https:\/\/elcafedepipa.com\/index.php\/wp-json\/wp\/v2\/posts\/13338\/revisions"}],"wp:featuredmedia":[{"embeddable":true,"href":"https:\/\/elcafedepipa.com\/index.php\/wp-json\/wp\/v2\/media\/13339"}],"wp:attachment":[{"href":"https:\/\/elcafedepipa.com\/index.php\/wp-json\/wp\/v2\/media?parent=13338"}],"wp:term":[{"taxonomy":"category","embeddable":true,"href":"https:\/\/elcafedepipa.com\/index.php\/wp-json\/wp\/v2\/categories?post=13338"},{"taxonomy":"post_tag","embeddable":true,"href":"https:\/\/elcafedepipa.com\/index.php\/wp-json\/wp\/v2\/tags?post=13338"}],"curies":[{"name":"wp","href":"https:\/\/api.w.org\/{rel}","templated":true}]}}