{"id":13326,"date":"2025-04-26T12:00:00","date_gmt":"2025-04-26T10:00:00","guid":{"rendered":"https:\/\/elcafedepipa.com\/?p=13326"},"modified":"2025-04-24T10:51:52","modified_gmt":"2025-04-24T08:51:52","slug":"a-unio-reclama-a-la-conselleria-dagricultura-una-estrategia-de-lluita-biologica-per-a-gestionar-noves-plagues-com-el-trips-de-sud-africa-en-el-cultiu-ecologic","status":"publish","type":"post","link":"https:\/\/elcafedepipa.com\/index.php\/2025\/04\/26\/a-unio-reclama-a-la-conselleria-dagricultura-una-estrategia-de-lluita-biologica-per-a-gestionar-noves-plagues-com-el-trips-de-sud-africa-en-el-cultiu-ecologic\/","title":{"rendered":"A UNI\u00d3 reclama a la Conselleria d&#8217;Agricultura una estrat\u00e8gia de lluita biol\u00f2gica per a gestionar noves plagues com el Trips de Sud-\u00e0frica en el cultiu ecol\u00f2gic"},"content":{"rendered":"\n<p>La Uni\u00f3 Llauradora reclama a la Conselleria d&#8217;Agricultura un pla de control biol\u00f2gic per a gestionar noves plagues de quarantena com entre altres el Trips de Sud-\u00e0frica, almenys per als productors ecol\u00f2gics de la Comunitat Valenciana ja que disposen de menys productes fitosanitaris per a combatre-la. L&#8217;organitzaci\u00f3 considera que \u00e9s important mantindre una estrat\u00e8gia enfront del Scirtothrips aurantii d&#8217;una manera sostenible i sense generar una c\u00e0rrega econ\u00f2mica desproporcionada per als productors.<\/p>\n\n\n\n<p>Els llauradors ecol\u00f2gics no utilitzen productes qu\u00edmics sint\u00e8tics com a pesticides i per aix\u00f2 veuen limitada la seua actuaci\u00f3 davant les plagues emergents, d&#8217;ac\u00ed ve que calga apostar fonamentalment pel control biol\u00f2gic. A m\u00e9s, molts dels joves que s&#8217;incorporaran al sector agrari valenci\u00e0 el faran sota el m\u00e8tode ecol\u00f2gic i sense eines de lluita contra les plagues la seua perman\u00e8ncia en el sector resultar\u00e0 bastant m\u00e9s dif\u00edcil.<\/p>\n\n\n\n<p>Carles Peris, secretari general de la Uni\u00f3 Llauradora, assenyala que \u201cConselleria d&#8217;Agricultura s&#8217;ufaneja de dir que t\u00e9 un pressupost de 35 milions d&#8217;euros per a sanitat vegetal i des de LA UNI\u00d3 li demanem que destine una part d&#8217;aquest a la lluita biol\u00f2gica enfront de les plagues noves\u201d.<\/p>\n\n\n\n<p>El Trips de Sud-\u00e0frica \u00e9s una plaga que afecta ja ac\u00ed a diversos cultius com els c\u00edtrics, caqui, magraner, ra\u00efm de taula i fins i tot pot ser que en algunes hortalisses. Va ser detectada per primera vegada a Espanya en 2020, a la prov\u00edncia de Huelva. No obstant aix\u00f2, al maig de 2024, el servei de Sanitat Vegetal de la Conselleria d&#8217;Agricultura va detectar una expansi\u00f3 d&#8217;aquesta plaga en diverses comarques de la Comunitat Valenciana, com la Vega Baja, el Baix Vinalop\u00f3, la Safor i la Ribera Alta. La seua expansi\u00f3 \u00e9s molt r\u00e0pida i s&#8217;ha confirmat la seua pres\u00e8ncia, segons l&#8217;\u00faltima actualitzaci\u00f3 de fa unes setmanes, en 325 municipis de les prov\u00edncies d&#8217;Alacant (79), Castell\u00f3 (39) i Val\u00e8ncia (207), per la qual cosa \u00e9s present ja en el 60% de localitats del nostre territori.<\/p>\n\n\n\n<p>LA UNI\u00d3 proposa a la Conselleria d&#8217;Agricultura que pose en marxa en una primera fase urgent una compra p\u00fablica d&#8217;insectes auxiliars per a despr\u00e9s en una segona distribuir-los de manera gratu\u00efta als llauradors ecol\u00f2gics valencians.<\/p>\n\n\n\n<p>Aquesta proposta es basa en experi\u00e8ncies pr\u00e8vies que han demostrat ser efectives, com \u00e9s la solta massiva de Cryptolaemus montrouzieri per part de la Conselleria d&#8217;Agricultura per a combatre el Cotonet de Sud-\u00e0frica (Delottococcus aberiae). Amb un sistema de distribuci\u00f3 similar, es podria facilitar l&#8217;acc\u00e9s a aquests organismes beneficiosos a totes les persones llauradores afectades i fer una solta massiva per part de l&#8217;administraci\u00f3 agr\u00e0ria valenciana.<\/p>\n\n\n\n<p>Per a garantir l&#8217;efic\u00e0cia d&#8217;aquesta estrat\u00e8gia, \u00e9s fonamental, segons el parer de l&#8217;organitzaci\u00f3 agr\u00e0ria, iniciar immediatament el proc\u00e9s de contractaci\u00f3 per a la compra p\u00fablica d&#8217;eixos insectes auxiliars i establir un mecanisme de sol\u00b7licitud individual per als llauradors. Aix\u00ed mateix, la Conselleria hauria de planificar una solta massiva durant finals d&#8217;agost i tamb\u00e9 durant la tardor de 2025, coincidint amb el per\u00edode de menor aplicaci\u00f3 de tractaments fitosanitaris en el camp valenci\u00e0, fet que permetr\u00e0 maximitzar l&#8217;efectivitat de la fauna auxiliar en el control de la plaga.<\/p>\n\n\n\n<p>Des de LA UNI\u00d3, s&#8217;ha insistit reiteradament en la necessitat d&#8217;adoptar mesures urgents i espec\u00edfiques davant aquesta plaga, com per exemple la concessi\u00f3 d&#8217;ajudes directes a les persones afectades o el subministrament gratu\u00eft de paranys cromotr\u00f2pics adhesius. Ara, davant la gravetat de la situaci\u00f3 en la qual es troba la plaga, des de la Uni\u00f3 Llauradora s&#8217;ha traslladat a la Conselleria d&#8217;Agricultura la necessitat de considerar amb car\u00e0cter d&#8217;urg\u00e8ncia aquesta proposta, almenys per als productors ecol\u00f2gics que no poden emprar la lluita qu\u00edmica.<\/p>\n","protected":false},"excerpt":{"rendered":"<p>La Uni\u00f3 Llauradora reclama a la Conselleria d&#8217;Agricultura un pla de control biol\u00f2gic per a gestionar noves plagues de quarantena com entre altres el Trips de Sud-\u00e0frica, almenys per als productors ecol\u00f2gics de la Comunitat Valenciana ja que disposen de menys productes fitosanitaris per a combatre-la. L&#8217;organitzaci\u00f3 considera que \u00e9s important mantindre una estrat\u00e8gia enfront &#8230; <a title=\"A UNI\u00d3 reclama a la Conselleria d&#8217;Agricultura una estrat\u00e8gia de lluita biol\u00f2gica per a gestionar noves plagues com el Trips de Sud-\u00e0frica en el cultiu ecol\u00f2gic\" class=\"read-more\" href=\"https:\/\/elcafedepipa.com\/index.php\/2025\/04\/26\/a-unio-reclama-a-la-conselleria-dagricultura-una-estrategia-de-lluita-biologica-per-a-gestionar-noves-plagues-com-el-trips-de-sud-africa-en-el-cultiu-ecologic\/\" aria-label=\"M\u00e9s informaci\u00f3 sobre A UNI\u00d3 reclama a la Conselleria d&#8217;Agricultura una estrat\u00e8gia de lluita biol\u00f2gica per a gestionar noves plagues com el Trips de Sud-\u00e0frica en el cultiu ecol\u00f2gic\">Read more<\/a><\/p>\n","protected":false},"author":2,"featured_media":13327,"comment_status":"closed","ping_status":"closed","sticky":false,"template":"","format":"standard","meta":{"om_disable_all_campaigns":false,"_monsterinsights_skip_tracking":false,"_monsterinsights_sitenote_active":false,"_monsterinsights_sitenote_note":"","_monsterinsights_sitenote_category":0,"_uf_show_specific_survey":0,"_uf_disable_surveys":false,"footnotes":""},"categories":[10],"tags":[],"class_list":["post-13326","post","type-post","status-publish","format-standard","has-post-thumbnail","hentry","category-provinciadecastello"],"_links":{"self":[{"href":"https:\/\/elcafedepipa.com\/index.php\/wp-json\/wp\/v2\/posts\/13326","targetHints":{"allow":["GET"]}}],"collection":[{"href":"https:\/\/elcafedepipa.com\/index.php\/wp-json\/wp\/v2\/posts"}],"about":[{"href":"https:\/\/elcafedepipa.com\/index.php\/wp-json\/wp\/v2\/types\/post"}],"author":[{"embeddable":true,"href":"https:\/\/elcafedepipa.com\/index.php\/wp-json\/wp\/v2\/users\/2"}],"replies":[{"embeddable":true,"href":"https:\/\/elcafedepipa.com\/index.php\/wp-json\/wp\/v2\/comments?post=13326"}],"version-history":[{"count":0,"href":"https:\/\/elcafedepipa.com\/index.php\/wp-json\/wp\/v2\/posts\/13326\/revisions"}],"wp:featuredmedia":[{"embeddable":true,"href":"https:\/\/elcafedepipa.com\/index.php\/wp-json\/wp\/v2\/media\/13327"}],"wp:attachment":[{"href":"https:\/\/elcafedepipa.com\/index.php\/wp-json\/wp\/v2\/media?parent=13326"}],"wp:term":[{"taxonomy":"category","embeddable":true,"href":"https:\/\/elcafedepipa.com\/index.php\/wp-json\/wp\/v2\/categories?post=13326"},{"taxonomy":"post_tag","embeddable":true,"href":"https:\/\/elcafedepipa.com\/index.php\/wp-json\/wp\/v2\/tags?post=13326"}],"curies":[{"name":"wp","href":"https:\/\/api.w.org\/{rel}","templated":true}]}}