{"id":13308,"date":"2025-04-23T13:59:42","date_gmt":"2025-04-23T11:59:42","guid":{"rendered":"https:\/\/elcafedepipa.com\/?p=13308"},"modified":"2025-04-23T13:59:42","modified_gmt":"2025-04-23T11:59:42","slug":"el-consell-augmenta-latencio-social-dels-veins-de-nules-amb-una-injeccio-de-mes-de-818-000-euros","status":"publish","type":"post","link":"https:\/\/elcafedepipa.com\/index.php\/2025\/04\/23\/el-consell-augmenta-latencio-social-dels-veins-de-nules-amb-una-injeccio-de-mes-de-818-000-euros\/","title":{"rendered":"El Consell augmenta l&#8217;atenci\u00f3 social dels ve\u00efns de Nules amb una injecci\u00f3 de m\u00e9s de 818.000 euros"},"content":{"rendered":"\n<p>La vicepresidenta primera de la Generalitat Valenciana, Susana Camarero, ha decidit incrementar el pressupost que destina a Nules per a atendre els servicis socials municipals. Amb un augment de m\u00e9s de 109.000 euros, \u201cel Consell complix amb Nules i aprova un programa\u201d i refor\u00e7a els cinc programes que es desenrotllar en el municipi.<\/p>\n\n\n\n<p>Aix\u00ed ho ha posat en valor la regidora del PP a Nules, Susana Sorribes, qui ha destacat que \u201cel canvi pol\u00edtic al capdavant del Consell li senta b\u00e9 a la nostra poblaci\u00f3, ja que refor\u00e7a l&#8217;acci\u00f3 professional dels nostres t\u00e8cnics municipals per a atendre les diferents necessitats socials de la nostra localitat\u201d.<\/p>\n\n\n\n<p>El programa social 2025-2028 que el Consell finan\u00e7a a Nules i que compta amb un pressupost global de m\u00e9s de 818.000 euros permet atendre les necessitats en mat\u00e8ria de depend\u00e8ncia, inclusi\u00f3 social, igualtat, assist\u00e8ncia a la inf\u00e0ncia i l&#8217;adolesc\u00e8ncia, aix\u00ed com migrants. \u201cLa vicepresidenta complix amb la depend\u00e8ncia, que s&#8217;incrementa en 55.000 euros en 2025 fins a aconseguir una suma total de 100.000 euros, o la inclusi\u00f3 social, que creix en 30.360 euros, fins a aconseguir els 162.860 euros\u201d.<\/p>\n\n\n\n<p>L&#8217;atenci\u00f3 a la igualtat es dota amb 6.000 euros, mentres que en 2024 no comptava amb pressupost, mentres que la inf\u00e0ncia i l&#8217;adolesc\u00e8ncia es reforcen<\/p>\n\n\n\n<p>amb 6.420 euros fins a aconseguir una xifra global de 84.125 euros en 2025. Finalment, l&#8217;atenci\u00f3 als migrants aconseguix els 33.500 euros despr\u00e9s d&#8217;incrementar-se la partida amb 11.310 euros.<\/p>\n\n\n\n<p>Sorribes ha posat en valor l&#8217;esfor\u00e7 i vocaci\u00f3 dels t\u00e8cnics municipals \u201cque hui per fi es veuen refor\u00e7ats per l&#8217;acci\u00f3 de la vicepresidenta del Consell, Susana Camarero, que mostra amb esta inversi\u00f3 la seua sensibilitat cap al nostre municipi. I ho fa amb inversions que creixen i permeten millorar amb servicis espec\u00edfics i efica\u00e7os les diferents situacions que la nostra poblaci\u00f3 demanda. Complim\u201d, ha concl\u00f2s la regidora del PP.<\/p>\n","protected":false},"excerpt":{"rendered":"<p>La vicepresidenta primera de la Generalitat Valenciana, Susana Camarero, ha decidit incrementar el pressupost que destina a Nules per a atendre els servicis socials municipals. Amb un augment de m\u00e9s de 109.000 euros, \u201cel Consell complix amb Nules i aprova un programa\u201d i refor\u00e7a els cinc programes que es desenrotllar en el municipi. Aix\u00ed ho &#8230; <a title=\"El Consell augmenta l&#8217;atenci\u00f3 social dels ve\u00efns de Nules amb una injecci\u00f3 de m\u00e9s de 818.000 euros\" class=\"read-more\" href=\"https:\/\/elcafedepipa.com\/index.php\/2025\/04\/23\/el-consell-augmenta-latencio-social-dels-veins-de-nules-amb-una-injeccio-de-mes-de-818-000-euros\/\" aria-label=\"M\u00e9s informaci\u00f3 sobre El Consell augmenta l&#8217;atenci\u00f3 social dels ve\u00efns de Nules amb una injecci\u00f3 de m\u00e9s de 818.000 euros\">Read more<\/a><\/p>\n","protected":false},"author":2,"featured_media":13309,"comment_status":"closed","ping_status":"closed","sticky":false,"template":"","format":"standard","meta":{"om_disable_all_campaigns":false,"_monsterinsights_skip_tracking":false,"_monsterinsights_sitenote_active":false,"_monsterinsights_sitenote_note":"","_monsterinsights_sitenote_category":0,"_uf_show_specific_survey":0,"_uf_disable_surveys":false,"footnotes":""},"categories":[3],"tags":[],"class_list":["post-13308","post","type-post","status-publish","format-standard","has-post-thumbnail","hentry","category-nules"],"_links":{"self":[{"href":"https:\/\/elcafedepipa.com\/index.php\/wp-json\/wp\/v2\/posts\/13308","targetHints":{"allow":["GET"]}}],"collection":[{"href":"https:\/\/elcafedepipa.com\/index.php\/wp-json\/wp\/v2\/posts"}],"about":[{"href":"https:\/\/elcafedepipa.com\/index.php\/wp-json\/wp\/v2\/types\/post"}],"author":[{"embeddable":true,"href":"https:\/\/elcafedepipa.com\/index.php\/wp-json\/wp\/v2\/users\/2"}],"replies":[{"embeddable":true,"href":"https:\/\/elcafedepipa.com\/index.php\/wp-json\/wp\/v2\/comments?post=13308"}],"version-history":[{"count":0,"href":"https:\/\/elcafedepipa.com\/index.php\/wp-json\/wp\/v2\/posts\/13308\/revisions"}],"wp:featuredmedia":[{"embeddable":true,"href":"https:\/\/elcafedepipa.com\/index.php\/wp-json\/wp\/v2\/media\/13309"}],"wp:attachment":[{"href":"https:\/\/elcafedepipa.com\/index.php\/wp-json\/wp\/v2\/media?parent=13308"}],"wp:term":[{"taxonomy":"category","embeddable":true,"href":"https:\/\/elcafedepipa.com\/index.php\/wp-json\/wp\/v2\/categories?post=13308"},{"taxonomy":"post_tag","embeddable":true,"href":"https:\/\/elcafedepipa.com\/index.php\/wp-json\/wp\/v2\/tags?post=13308"}],"curies":[{"name":"wp","href":"https:\/\/api.w.org\/{rel}","templated":true}]}}