{"id":13282,"date":"2025-04-23T13:08:31","date_gmt":"2025-04-23T11:08:31","guid":{"rendered":"https:\/\/elcafedepipa.com\/?p=13282"},"modified":"2025-04-23T13:08:32","modified_gmt":"2025-04-23T11:08:32","slug":"floralia-almenara-oferira-quatre-tallers-gratuits-de-ritmes-llatins-dansa-contemporania-i-danses-tradicionals","status":"publish","type":"post","link":"https:\/\/elcafedepipa.com\/index.php\/2025\/04\/23\/floralia-almenara-oferira-quatre-tallers-gratuits-de-ritmes-llatins-dansa-contemporania-i-danses-tradicionals\/","title":{"rendered":"Flor\u00e0lia-Almenara oferir\u00e0 quatre tallers gratu\u00efts de ritmes llatins, dansa contempor\u00e0nia i danses tradicionals"},"content":{"rendered":"\n<p>El pr\u00f2xim diumenge comen\u00e7ar\u00e0 una nova edici\u00f3 de <em>Flor\u00e0lia-Almenara<\/em>, un esdeveniment impulsat per l\u2019Ajuntament d\u2019Almenara, a trav\u00e9s de l\u2019\u00e0rea de Cultura, que oferir\u00e0 de manera gratu\u00efta una s\u00e8rie de tallers de ritmes llatins, dansa contempor\u00e0nia i danses tradicionals a c\u00e0rrec de la plataforma cultural Hort-Art.<\/p>\n\n\n\n<p>Les activitats arrancaran el diumenge 27 d\u2019abril a les 18 hores a l\u2019Espai dels Majors amb \u201c<strong>Balla Balla<\/strong>\u201d, un taller que combina la dansa contempor\u00e0nia amb ritmes llatins per crear una experi\u00e8ncia col\u00b7lectiva de comunitat i col\u00b7laboraci\u00f3. Aquest taller tindr\u00e0 una segona sessi\u00f3 el dimecres 7 de maig a les 9:30 hores al pavell\u00f3 poliesportiu.<\/p>\n\n\n\n<p>El cicle continuar\u00e0 el dimecres 14 de maig amb un nou taller de dansa contempor\u00e0nia, tamb\u00e9 a les 9:30 del mat\u00ed al pavell\u00f3, i finalitzar\u00e0 el diumenge 25 de maig a les 18 hores a l\u2019Espai dels Majors amb un taller dedicat a les danses tradicionals.<\/p>\n\n\n\n<p>Tots els tallers s\u00f3n <strong>gratu\u00efts<\/strong>, per\u00f2 cal <strong>inscripci\u00f3 pr\u00e8via<\/strong> a trav\u00e9s del tel\u00e8fon o WhatsApp al <strong>623 42 52 17<\/strong>.<\/p>\n\n\n\n<p>\u201cFlor\u00e0lia\u201d rep el seu nom de la for\u00e7a de la primavera per emergir a trav\u00e9s del cos i la dansa. Est\u00e0 organitzat per <strong>Hort-Art<\/strong>, una plataforma art\u00edstica formada per <strong>\u00c0lex Guerra i Pere Bod\u00ed<\/strong>, especialitzada en producci\u00f3, formaci\u00f3 i mobilitat de les arts del cos mitjan\u00e7ant tallers, pon\u00e8ncies, resid\u00e8ncies i espectacles per promoure i difondre l\u2019art contemporani.<\/p>\n","protected":false},"excerpt":{"rendered":"<p>El pr\u00f2xim diumenge comen\u00e7ar\u00e0 una nova edici\u00f3 de Flor\u00e0lia-Almenara, un esdeveniment impulsat per l\u2019Ajuntament d\u2019Almenara, a trav\u00e9s de l\u2019\u00e0rea de Cultura, que oferir\u00e0 de manera gratu\u00efta una s\u00e8rie de tallers de ritmes llatins, dansa contempor\u00e0nia i danses tradicionals a c\u00e0rrec de la plataforma cultural Hort-Art. Les activitats arrancaran el diumenge 27 d\u2019abril a les 18 &#8230; <a title=\"Flor\u00e0lia-Almenara oferir\u00e0 quatre tallers gratu\u00efts de ritmes llatins, dansa contempor\u00e0nia i danses tradicionals\" class=\"read-more\" href=\"https:\/\/elcafedepipa.com\/index.php\/2025\/04\/23\/floralia-almenara-oferira-quatre-tallers-gratuits-de-ritmes-llatins-dansa-contemporania-i-danses-tradicionals\/\" aria-label=\"M\u00e9s informaci\u00f3 sobre Flor\u00e0lia-Almenara oferir\u00e0 quatre tallers gratu\u00efts de ritmes llatins, dansa contempor\u00e0nia i danses tradicionals\">Read more<\/a><\/p>\n","protected":false},"author":2,"featured_media":13283,"comment_status":"closed","ping_status":"closed","sticky":false,"template":"","format":"standard","meta":{"om_disable_all_campaigns":false,"_monsterinsights_skip_tracking":false,"_monsterinsights_sitenote_active":false,"_monsterinsights_sitenote_note":"","_monsterinsights_sitenote_category":0,"_uf_show_specific_survey":0,"_uf_disable_surveys":false,"footnotes":""},"categories":[5],"tags":[],"class_list":["post-13282","post","type-post","status-publish","format-standard","has-post-thumbnail","hentry","category-almenara"],"_links":{"self":[{"href":"https:\/\/elcafedepipa.com\/index.php\/wp-json\/wp\/v2\/posts\/13282","targetHints":{"allow":["GET"]}}],"collection":[{"href":"https:\/\/elcafedepipa.com\/index.php\/wp-json\/wp\/v2\/posts"}],"about":[{"href":"https:\/\/elcafedepipa.com\/index.php\/wp-json\/wp\/v2\/types\/post"}],"author":[{"embeddable":true,"href":"https:\/\/elcafedepipa.com\/index.php\/wp-json\/wp\/v2\/users\/2"}],"replies":[{"embeddable":true,"href":"https:\/\/elcafedepipa.com\/index.php\/wp-json\/wp\/v2\/comments?post=13282"}],"version-history":[{"count":0,"href":"https:\/\/elcafedepipa.com\/index.php\/wp-json\/wp\/v2\/posts\/13282\/revisions"}],"wp:featuredmedia":[{"embeddable":true,"href":"https:\/\/elcafedepipa.com\/index.php\/wp-json\/wp\/v2\/media\/13283"}],"wp:attachment":[{"href":"https:\/\/elcafedepipa.com\/index.php\/wp-json\/wp\/v2\/media?parent=13282"}],"wp:term":[{"taxonomy":"category","embeddable":true,"href":"https:\/\/elcafedepipa.com\/index.php\/wp-json\/wp\/v2\/categories?post=13282"},{"taxonomy":"post_tag","embeddable":true,"href":"https:\/\/elcafedepipa.com\/index.php\/wp-json\/wp\/v2\/tags?post=13282"}],"curies":[{"name":"wp","href":"https:\/\/api.w.org\/{rel}","templated":true}]}}