{"id":13276,"date":"2025-04-23T12:51:06","date_gmt":"2025-04-23T10:51:06","guid":{"rendered":"https:\/\/elcafedepipa.com\/?p=13276"},"modified":"2025-04-23T12:51:07","modified_gmt":"2025-04-23T10:51:07","slug":"el-ppcv-demana-al-govern-que-indemnitze-les-dones-afectades-per-la-reduccio-de-condemnes-als-agressors-despres-de-la-llei-del-nomes-si-es-si","status":"publish","type":"post","link":"https:\/\/elcafedepipa.com\/index.php\/2025\/04\/23\/el-ppcv-demana-al-govern-que-indemnitze-les-dones-afectades-per-la-reduccio-de-condemnes-als-agressors-despres-de-la-llei-del-nomes-si-es-si\/","title":{"rendered":"El PPCV demana al Govern que indemnitze les dones afectades per la reducci\u00f3 de condemnes als agressors despr\u00e9s de la Llei del \u201cnom\u00e9s s\u00ed \u00e9s s\u00ed\u201d."},"content":{"rendered":"\n<p>El Grup Popular ha presentat una Proposici\u00f3 No de Llei en la Comissi\u00f3 d\u2019Igualtat de Les Corts per instar el Govern de Pedro S\u00e1nchez a crear un fons estatal de reparaci\u00f3 per a les dones v\u00edctimes d\u2019agressions sexuals que van ser revictimitzades com a conseq\u00fc\u00e8ncia de l\u2019aplicaci\u00f3 de la Llei del \u201cnom\u00e9s s\u00ed \u00e9s s\u00ed\u201d. La portaveu popular de Viol\u00e8ncia sobre la Dona, Ver\u00f3nica Marcos, ha recordat que \u201cdes de l\u2019entrada en vigor de la Llei Org\u00e0nica 10\/2022, centenars d\u2019agressors sexuals han vist redu\u00efdes les seues penes i molts han eixit en llibertat abans del previst\u201d.<\/p>\n\n\n\n<p>Marcos ha assenyalat que aquest efecte va ser resultat directe \u201cd\u2019una llei mal dissenyada tot i les advert\u00e8ncies d\u2019experts, jutges, comunitats aut\u00f2nomes i el propi Partit Popular\u201d. Finalment, el Govern va reformar la llei \u201cper\u00f2 el mal ja estava fet. Moltes dones van haver de reviure el seu patiment i superar noves seq\u00fceles psicol\u00f2giques, familiars i laborals\u201d, ha indicat la diputada.<\/p>\n\n\n\n<p>En la seua iniciativa, que ha sigut aprovada per unanimitat, el Grup Popular exigeix a l\u2019Executiu central la creaci\u00f3 d\u2019un fons de reparaci\u00f3 que, en un termini m\u00e0xim de sis mesos, habilite una via d\u2019indemnitzaci\u00f3 econ\u00f2mica per a aquestes v\u00edctimes. Segons Marcos, \u201cno es tracta de posar preu al dolor, sin\u00f3 de recon\u00e9ixer oficialment l\u2019error i facilitar a aquestes dones la possibilitat de reprendre les seues vides amb m\u00e9s suport i dignitat\u201d.<\/p>\n\n\n\n<p>La portaveu del GPP ha insistit que \u201cla lluita contra la viol\u00e8ncia sexual exigeix responsabilitat, rigor i sensibilitat. El que no es pot permetre \u00e9s que el sectarisme convertisca una bona intenci\u00f3 en una trag\u00e8dia legal. Espanya mereix lleis serioses, no propaganda que deixe les dones desprotegides\u201d.<\/p>\n\n\n\n<p><\/p>\n","protected":false},"excerpt":{"rendered":"<p>El Grup Popular ha presentat una Proposici\u00f3 No de Llei en la Comissi\u00f3 d\u2019Igualtat de Les Corts per instar el Govern de Pedro S\u00e1nchez a crear un fons estatal de reparaci\u00f3 per a les dones v\u00edctimes d\u2019agressions sexuals que van ser revictimitzades com a conseq\u00fc\u00e8ncia de l\u2019aplicaci\u00f3 de la Llei del \u201cnom\u00e9s s\u00ed \u00e9s s\u00ed\u201d. &#8230; <a title=\"El PPCV demana al Govern que indemnitze les dones afectades per la reducci\u00f3 de condemnes als agressors despr\u00e9s de la Llei del \u201cnom\u00e9s s\u00ed \u00e9s s\u00ed\u201d.\" class=\"read-more\" href=\"https:\/\/elcafedepipa.com\/index.php\/2025\/04\/23\/el-ppcv-demana-al-govern-que-indemnitze-les-dones-afectades-per-la-reduccio-de-condemnes-als-agressors-despres-de-la-llei-del-nomes-si-es-si\/\" aria-label=\"M\u00e9s informaci\u00f3 sobre El PPCV demana al Govern que indemnitze les dones afectades per la reducci\u00f3 de condemnes als agressors despr\u00e9s de la Llei del \u201cnom\u00e9s s\u00ed \u00e9s s\u00ed\u201d.\">Read more<\/a><\/p>\n","protected":false},"author":2,"featured_media":13277,"comment_status":"closed","ping_status":"closed","sticky":false,"template":"","format":"standard","meta":{"om_disable_all_campaigns":false,"_monsterinsights_skip_tracking":false,"_monsterinsights_sitenote_active":false,"_monsterinsights_sitenote_note":"","_monsterinsights_sitenote_category":0,"_uf_show_specific_survey":0,"_uf_disable_surveys":false,"footnotes":""},"categories":[11],"tags":[],"class_list":["post-13276","post","type-post","status-publish","format-standard","has-post-thumbnail","hentry","category-comunitatvalenciana"],"_links":{"self":[{"href":"https:\/\/elcafedepipa.com\/index.php\/wp-json\/wp\/v2\/posts\/13276","targetHints":{"allow":["GET"]}}],"collection":[{"href":"https:\/\/elcafedepipa.com\/index.php\/wp-json\/wp\/v2\/posts"}],"about":[{"href":"https:\/\/elcafedepipa.com\/index.php\/wp-json\/wp\/v2\/types\/post"}],"author":[{"embeddable":true,"href":"https:\/\/elcafedepipa.com\/index.php\/wp-json\/wp\/v2\/users\/2"}],"replies":[{"embeddable":true,"href":"https:\/\/elcafedepipa.com\/index.php\/wp-json\/wp\/v2\/comments?post=13276"}],"version-history":[{"count":0,"href":"https:\/\/elcafedepipa.com\/index.php\/wp-json\/wp\/v2\/posts\/13276\/revisions"}],"wp:featuredmedia":[{"embeddable":true,"href":"https:\/\/elcafedepipa.com\/index.php\/wp-json\/wp\/v2\/media\/13277"}],"wp:attachment":[{"href":"https:\/\/elcafedepipa.com\/index.php\/wp-json\/wp\/v2\/media?parent=13276"}],"wp:term":[{"taxonomy":"category","embeddable":true,"href":"https:\/\/elcafedepipa.com\/index.php\/wp-json\/wp\/v2\/categories?post=13276"},{"taxonomy":"post_tag","embeddable":true,"href":"https:\/\/elcafedepipa.com\/index.php\/wp-json\/wp\/v2\/tags?post=13276"}],"curies":[{"name":"wp","href":"https:\/\/api.w.org\/{rel}","templated":true}]}}