{"id":13266,"date":"2025-04-22T14:20:39","date_gmt":"2025-04-22T12:20:39","guid":{"rendered":"https:\/\/elcafedepipa.com\/?p=13266"},"modified":"2025-04-22T14:20:40","modified_gmt":"2025-04-22T12:20:40","slug":"nules-dona-suport-a-la-nova-direccio-de-lempresa-keraben","status":"publish","type":"post","link":"https:\/\/elcafedepipa.com\/index.php\/2025\/04\/22\/nules-dona-suport-a-la-nova-direccio-de-lempresa-keraben\/","title":{"rendered":"Nules dona suport a la nova direcci\u00f3 de l\u2019empresa Kerab\u00e9n"},"content":{"rendered":"\n<p>L\u2019Ajuntament de Nules segueix donant suport a les empreses taulelleres ubicades al seu terme municipal, aix\u00ed recentment l\u2019Alcalde de Nules, David Garc\u00eda, i el Regidor d\u2019Ind\u00fastria, C\u00e9sar Esta\u00f1ol, han pogut con\u00e8ixer de primera m\u00e0 les necessitats i la projecci\u00f3 de l\u2019empresa Kerab\u00e9n.<\/p>\n\n\n\n<p>En aquest sentit, s\u2019han reunit amb el nou CEO a Victoria Ceramics Spain i CEO de la Divisi\u00f3 Cer\u00e0mica Internacional, Jos\u00e9 Luis Llacuna, qui ha rebut a les autoritats locals juntament amb les persones responsables de l\u2019empresa, i han aprofitat la seua pres\u00e8ncia a les instal\u00b7lacions per a visitar tamb\u00e9 el nou showroom The Agora.<\/p>\n\n\n\n<p>Amb tot, des del consistori s\u2019ha traslladat a l\u2019empresa taulellera la seua predisposici\u00f3 per seguir col\u00b7laborant amb el nou equip directiu \u201cel sector tauleller \u00e9s molt rellevant al nostre municipi, i per a l\u2019ajuntament s\u00f3n molt importants les sin\u00e8rgies entre l\u2019instituci\u00f3 local i les diferents empreses\u201d, apunta l\u2019Alcalde de Nules, David Garc\u00eda.<\/p>\n","protected":false},"excerpt":{"rendered":"<p>L\u2019Ajuntament de Nules segueix donant suport a les empreses taulelleres ubicades al seu terme municipal, aix\u00ed recentment l\u2019Alcalde de Nules, David Garc\u00eda, i el Regidor d\u2019Ind\u00fastria, C\u00e9sar Esta\u00f1ol, han pogut con\u00e8ixer de primera m\u00e0 les necessitats i la projecci\u00f3 de l\u2019empresa Kerab\u00e9n. En aquest sentit, s\u2019han reunit amb el nou CEO a Victoria Ceramics Spain &#8230; <a title=\"Nules dona suport a la nova direcci\u00f3 de l\u2019empresa Kerab\u00e9n\" class=\"read-more\" href=\"https:\/\/elcafedepipa.com\/index.php\/2025\/04\/22\/nules-dona-suport-a-la-nova-direccio-de-lempresa-keraben\/\" aria-label=\"M\u00e9s informaci\u00f3 sobre Nules dona suport a la nova direcci\u00f3 de l\u2019empresa Kerab\u00e9n\">Read more<\/a><\/p>\n","protected":false},"author":2,"featured_media":13267,"comment_status":"closed","ping_status":"closed","sticky":false,"template":"","format":"standard","meta":{"om_disable_all_campaigns":false,"_monsterinsights_skip_tracking":false,"_monsterinsights_sitenote_active":false,"_monsterinsights_sitenote_note":"","_monsterinsights_sitenote_category":0,"_uf_show_specific_survey":0,"_uf_disable_surveys":false,"footnotes":""},"categories":[3],"tags":[],"class_list":["post-13266","post","type-post","status-publish","format-standard","has-post-thumbnail","hentry","category-nules"],"_links":{"self":[{"href":"https:\/\/elcafedepipa.com\/index.php\/wp-json\/wp\/v2\/posts\/13266","targetHints":{"allow":["GET"]}}],"collection":[{"href":"https:\/\/elcafedepipa.com\/index.php\/wp-json\/wp\/v2\/posts"}],"about":[{"href":"https:\/\/elcafedepipa.com\/index.php\/wp-json\/wp\/v2\/types\/post"}],"author":[{"embeddable":true,"href":"https:\/\/elcafedepipa.com\/index.php\/wp-json\/wp\/v2\/users\/2"}],"replies":[{"embeddable":true,"href":"https:\/\/elcafedepipa.com\/index.php\/wp-json\/wp\/v2\/comments?post=13266"}],"version-history":[{"count":0,"href":"https:\/\/elcafedepipa.com\/index.php\/wp-json\/wp\/v2\/posts\/13266\/revisions"}],"wp:featuredmedia":[{"embeddable":true,"href":"https:\/\/elcafedepipa.com\/index.php\/wp-json\/wp\/v2\/media\/13267"}],"wp:attachment":[{"href":"https:\/\/elcafedepipa.com\/index.php\/wp-json\/wp\/v2\/media?parent=13266"}],"wp:term":[{"taxonomy":"category","embeddable":true,"href":"https:\/\/elcafedepipa.com\/index.php\/wp-json\/wp\/v2\/categories?post=13266"},{"taxonomy":"post_tag","embeddable":true,"href":"https:\/\/elcafedepipa.com\/index.php\/wp-json\/wp\/v2\/tags?post=13266"}],"curies":[{"name":"wp","href":"https:\/\/api.w.org\/{rel}","templated":true}]}}