{"id":13242,"date":"2025-04-22T12:49:57","date_gmt":"2025-04-22T10:49:57","guid":{"rendered":"https:\/\/elcafedepipa.com\/?p=13242"},"modified":"2025-04-22T12:49:58","modified_gmt":"2025-04-22T10:49:58","slug":"lajuntament-dalmenara-convoca-els-concursos-per-als-cartells-anunciadors-de-les-festes-patronals-2025-i-de-les-festes-destiu-de-la-platja-casablanca","status":"publish","type":"post","link":"https:\/\/elcafedepipa.com\/index.php\/2025\/04\/22\/lajuntament-dalmenara-convoca-els-concursos-per-als-cartells-anunciadors-de-les-festes-patronals-2025-i-de-les-festes-destiu-de-la-platja-casablanca\/","title":{"rendered":"L&#8217;Ajuntament d&#8217;Almenara convoca els concursos per als cartells anunciadors de les Festes Patronals 2025 i de les Festes d\u2019Estiu de la Platja Casablanca."},"content":{"rendered":"\n<p>L&#8217;Ajuntament d&#8217;Almenara ha convocat els concursos per al disseny dels cartells de les Festes Patronals 2025 i de les Festes d\u2019Estiu de la Platja Casablanca 2025, dotat amb un premi de 400 euros per al cartell guanyador de cadascun dels concursos. Les persones interessades podran presentar les seues obres abans del 30 de maig de 2025 a les 14 hores.<\/p>\n\n\n\n<p>Per a tots dos concursos els cartells hauran de ser en format vertical i originals, no havent-se utilitzat anteriorment ni publicat en xarxes socials. En el seu disseny s&#8217;hauran de tindre en compte les tradicions festives de la localitat, en un cas, de les festes patronals, i en l&#8217;altre, les de la Platja Casablanca, aix\u00ed com tamb\u00e9 inserir el r\u00e8tol corresponent, les dates de celebraci\u00f3 i l&#8217;escut oficial d&#8217;Almenara. Els treballs s&#8217;hauran de presentar amb un lema visible en el dors, adjuntant un sobre tancat amb les dades de l&#8217;autor o autora.<\/p>\n\n\n\n<p>Els treballs podran ser entregats personalment en el registre d&#8217;entrada de l&#8217;ajuntament despr\u00e9s d&#8217;emplenar la pertinent inst\u00e0ncia, o b\u00e9 remetre&#8217;ls per correu certificat al Departament de Cultura adjuntant tamb\u00e9 la inst\u00e0ncia.<\/p>\n\n\n\n<p>Tots els cartells presentats formaran part d&#8217;una exposici\u00f3 que es dur\u00e0 a terme en el Museu del Mol\u00ed d\u2019Arr\u00f2s d\u2019Almenara del 19 de setembre al 5 d&#8217;octubre de 2025.<\/p>\n\n\n\n<p>Totes les persones interessades podran trobar les bases dels dos concursos en la web&nbsp;<a href=\"http:\/\/almenara.es\/\" target=\"_blank\" rel=\"noreferrer noopener\">almenara.es<\/a>&nbsp;(Serveis Municipals &#8211; Cultura)&nbsp;i en les xarxes socials municipals. Tamb\u00e9 podran informar-se en el Departament de Cultura d&#8217;Almenara, telefonant al 96 262 68 01 extensi\u00f3 3401.<\/p>\n\n\n\n<p><\/p>\n","protected":false},"excerpt":{"rendered":"<p>L&#8217;Ajuntament d&#8217;Almenara ha convocat els concursos per al disseny dels cartells de les Festes Patronals 2025 i de les Festes d\u2019Estiu de la Platja Casablanca 2025, dotat amb un premi de 400 euros per al cartell guanyador de cadascun dels concursos. Les persones interessades podran presentar les seues obres abans del 30 de maig de &#8230; <a title=\"L&#8217;Ajuntament d&#8217;Almenara convoca els concursos per als cartells anunciadors de les Festes Patronals 2025 i de les Festes d\u2019Estiu de la Platja Casablanca.\" class=\"read-more\" href=\"https:\/\/elcafedepipa.com\/index.php\/2025\/04\/22\/lajuntament-dalmenara-convoca-els-concursos-per-als-cartells-anunciadors-de-les-festes-patronals-2025-i-de-les-festes-destiu-de-la-platja-casablanca\/\" aria-label=\"M\u00e9s informaci\u00f3 sobre L&#8217;Ajuntament d&#8217;Almenara convoca els concursos per als cartells anunciadors de les Festes Patronals 2025 i de les Festes d\u2019Estiu de la Platja Casablanca.\">Read more<\/a><\/p>\n","protected":false},"author":2,"featured_media":13243,"comment_status":"closed","ping_status":"closed","sticky":false,"template":"","format":"standard","meta":{"om_disable_all_campaigns":false,"_monsterinsights_skip_tracking":false,"_monsterinsights_sitenote_active":false,"_monsterinsights_sitenote_note":"","_monsterinsights_sitenote_category":0,"_uf_show_specific_survey":0,"_uf_disable_surveys":false,"footnotes":""},"categories":[5],"tags":[],"class_list":["post-13242","post","type-post","status-publish","format-standard","has-post-thumbnail","hentry","category-almenara"],"_links":{"self":[{"href":"https:\/\/elcafedepipa.com\/index.php\/wp-json\/wp\/v2\/posts\/13242","targetHints":{"allow":["GET"]}}],"collection":[{"href":"https:\/\/elcafedepipa.com\/index.php\/wp-json\/wp\/v2\/posts"}],"about":[{"href":"https:\/\/elcafedepipa.com\/index.php\/wp-json\/wp\/v2\/types\/post"}],"author":[{"embeddable":true,"href":"https:\/\/elcafedepipa.com\/index.php\/wp-json\/wp\/v2\/users\/2"}],"replies":[{"embeddable":true,"href":"https:\/\/elcafedepipa.com\/index.php\/wp-json\/wp\/v2\/comments?post=13242"}],"version-history":[{"count":0,"href":"https:\/\/elcafedepipa.com\/index.php\/wp-json\/wp\/v2\/posts\/13242\/revisions"}],"wp:featuredmedia":[{"embeddable":true,"href":"https:\/\/elcafedepipa.com\/index.php\/wp-json\/wp\/v2\/media\/13243"}],"wp:attachment":[{"href":"https:\/\/elcafedepipa.com\/index.php\/wp-json\/wp\/v2\/media?parent=13242"}],"wp:term":[{"taxonomy":"category","embeddable":true,"href":"https:\/\/elcafedepipa.com\/index.php\/wp-json\/wp\/v2\/categories?post=13242"},{"taxonomy":"post_tag","embeddable":true,"href":"https:\/\/elcafedepipa.com\/index.php\/wp-json\/wp\/v2\/tags?post=13242"}],"curies":[{"name":"wp","href":"https:\/\/api.w.org\/{rel}","templated":true}]}}