{"id":13185,"date":"2025-04-17T10:04:44","date_gmt":"2025-04-17T08:04:44","guid":{"rendered":"https:\/\/elcafedepipa.com\/?p=13185"},"modified":"2025-04-17T10:04:45","modified_gmt":"2025-04-17T08:04:45","slug":"la-guardia-civil-investiga-una-persona-per-un-delicte-de-trafic-illegal-de-residus-textils-en-naus-dalmassora","status":"publish","type":"post","link":"https:\/\/elcafedepipa.com\/index.php\/2025\/04\/17\/la-guardia-civil-investiga-una-persona-per-un-delicte-de-trafic-illegal-de-residus-textils-en-naus-dalmassora\/","title":{"rendered":"La Gu\u00e0rdia Civil investiga una persona per un delicte de tr\u00e0fic il\u00b7legal de residus t\u00e8xtils en naus d&#8217;Almassora."},"content":{"rendered":"\n<p>En el marc de l&#8217;operaci\u00f3 &#8220;Sunrising&#8221;, la Gu\u00e0rdia Civil, a trav\u00e9s del seprona de Castell\u00f3, ha investigat una persona pels presumptes delictes contra els recursos naturals, el medi ambient i per falsedat documental, relacionats amb l&#8217;emmagatzematge no autoritzat de residus t\u00e8xtils postindustrials trobats en dues naus industrials de la localitat d&#8217;Almassora.<br>L&#8217;investigat hauria llogat aquests espais per emmagatzemar els residus de manera irregular, al voltant de 7.000 tones procedents de pa\u00efsos europeus.<br>El procediment detectat consistia a abonar per avan\u00e7at diverses mensualitats de lloguer, utilitzar les naus com a dip\u00f2sit, i una vegada que la mercaderia ocupava la capacitat total de les instal\u00b7lacions, els residus quedaven abandonats sense cap gesti\u00f3, la qual cosa generava importants costos econ\u00f2mics per als propietaris que havien de gestionar-los, quedant dipositada aix\u00ed la responsabilitat del tractament dels residus als propietaris de les propietats.<br>En el cas concret de les naus d&#8217;Almassora, el cost estimat de la gesti\u00f3 supera el mili\u00f3 d&#8217;euros.<\/p>\n\n\n\n<p>El Seprona de la Gu\u00e0rdia Civil de la Comand\u00e0ncia de Castell\u00f3 va instruir les dilig\u00e8ncies corresponents que van ser entregades als jutjats de Castell\u00f3 i c\u00f2pia de les mateixes a la Fiscalia de Medi Ambient..<br><\/p>\n\n\n\n<p><\/p>\n","protected":false},"excerpt":{"rendered":"<p>En el marc de l&#8217;operaci\u00f3 &#8220;Sunrising&#8221;, la Gu\u00e0rdia Civil, a trav\u00e9s del seprona de Castell\u00f3, ha investigat una persona pels presumptes delictes contra els recursos naturals, el medi ambient i per falsedat documental, relacionats amb l&#8217;emmagatzematge no autoritzat de residus t\u00e8xtils postindustrials trobats en dues naus industrials de la localitat d&#8217;Almassora.L&#8217;investigat hauria llogat aquests espais &#8230; <a title=\"La Gu\u00e0rdia Civil investiga una persona per un delicte de tr\u00e0fic il\u00b7legal de residus t\u00e8xtils en naus d&#8217;Almassora.\" class=\"read-more\" href=\"https:\/\/elcafedepipa.com\/index.php\/2025\/04\/17\/la-guardia-civil-investiga-una-persona-per-un-delicte-de-trafic-illegal-de-residus-textils-en-naus-dalmassora\/\" aria-label=\"M\u00e9s informaci\u00f3 sobre La Gu\u00e0rdia Civil investiga una persona per un delicte de tr\u00e0fic il\u00b7legal de residus t\u00e8xtils en naus d&#8217;Almassora.\">Read more<\/a><\/p>\n","protected":false},"author":2,"featured_media":13186,"comment_status":"closed","ping_status":"closed","sticky":false,"template":"","format":"standard","meta":{"om_disable_all_campaigns":false,"_monsterinsights_skip_tracking":false,"_monsterinsights_sitenote_active":false,"_monsterinsights_sitenote_note":"","_monsterinsights_sitenote_category":0,"_uf_show_specific_survey":0,"_uf_disable_surveys":false,"footnotes":""},"categories":[10],"tags":[],"class_list":["post-13185","post","type-post","status-publish","format-standard","has-post-thumbnail","hentry","category-provinciadecastello"],"_links":{"self":[{"href":"https:\/\/elcafedepipa.com\/index.php\/wp-json\/wp\/v2\/posts\/13185","targetHints":{"allow":["GET"]}}],"collection":[{"href":"https:\/\/elcafedepipa.com\/index.php\/wp-json\/wp\/v2\/posts"}],"about":[{"href":"https:\/\/elcafedepipa.com\/index.php\/wp-json\/wp\/v2\/types\/post"}],"author":[{"embeddable":true,"href":"https:\/\/elcafedepipa.com\/index.php\/wp-json\/wp\/v2\/users\/2"}],"replies":[{"embeddable":true,"href":"https:\/\/elcafedepipa.com\/index.php\/wp-json\/wp\/v2\/comments?post=13185"}],"version-history":[{"count":0,"href":"https:\/\/elcafedepipa.com\/index.php\/wp-json\/wp\/v2\/posts\/13185\/revisions"}],"wp:featuredmedia":[{"embeddable":true,"href":"https:\/\/elcafedepipa.com\/index.php\/wp-json\/wp\/v2\/media\/13186"}],"wp:attachment":[{"href":"https:\/\/elcafedepipa.com\/index.php\/wp-json\/wp\/v2\/media?parent=13185"}],"wp:term":[{"taxonomy":"category","embeddable":true,"href":"https:\/\/elcafedepipa.com\/index.php\/wp-json\/wp\/v2\/categories?post=13185"},{"taxonomy":"post_tag","embeddable":true,"href":"https:\/\/elcafedepipa.com\/index.php\/wp-json\/wp\/v2\/tags?post=13185"}],"curies":[{"name":"wp","href":"https:\/\/api.w.org\/{rel}","templated":true}]}}