{"id":13132,"date":"2025-04-16T12:52:14","date_gmt":"2025-04-16T10:52:14","guid":{"rendered":"https:\/\/elcafedepipa.com\/?p=13132"},"modified":"2025-04-16T14:10:33","modified_gmt":"2025-04-16T12:10:33","slug":"segun-els-populars-el-consell-garanteix-oportunitats-a-lalt-palancia-amb-104-milions-que-creen-ocupacio-a-traves-del-turisme-i-blinden-latencio-social-i-educativa","status":"publish","type":"post","link":"https:\/\/elcafedepipa.com\/index.php\/2025\/04\/16\/segun-els-populars-el-consell-garanteix-oportunitats-a-lalt-palancia-amb-104-milions-que-creen-ocupacio-a-traves-del-turisme-i-blinden-latencio-social-i-educativa\/","title":{"rendered":"Segons els populars: el Consell &#8220;garanteix oportunitats a l&#8217;Alt Pal\u00e0ncia amb 10,4 milions que creen ocupaci\u00f3 a trav\u00e9s del turisme i blinden l&#8217;atenci\u00f3 social i educativa&#8221;."},"content":{"rendered":"\n<p>La comarca de l\u2019Alt Pal\u00e0ncia rebr\u00e0 aquest 2025 el comprom\u00eds de la Generalitat Valenciana amb un pressupost que frega els 10,4 milions d\u2019euros i que pivota les seues majors inversions en l\u2019atenci\u00f3 social i educativa sense ignorar la projecci\u00f3 d\u2019una comarca amb gran potencial tur\u00edstic.<\/p>\n\n\n\n<p>J\u00e9ssica Miravete, secret\u00e0ria de l\u2019Executiva de Mancomunitats del PPCS, ha posat en valor \u201cels fets\u201d que hui garanteixen \u201ca una comarca d\u2019interior com l\u2019Alt Pal\u00e0ncia el poder de desenvolupament i la capacitat d\u2019emprenedoria que creix als nostres pobles\u201d.<\/p>\n\n\n\n<p>Amb un marcat accent social, \u201cque evidencia la sensibilitat de la Generalitat Valenciana\u201d, Miravete ha destacat els centres de dia de Teresa o Sot de Ferrer que avan\u00e7aran aquest 2025 amb l\u2019objectiu de \u201cdonar servei com m\u00e9s prompte millor\u201d.<\/p>\n\n\n\n<p>A la protecci\u00f3 dels majors se suma l\u2019atenci\u00f3 educativa, p\u00fablica i de qualitat, que la Generalitat Valenciana garanteix amb inversions en infraestructures a X\u00e8rica, Sogorb, Viver, Barracas i Soneja. M\u00e9s de 2 milions d\u2019euros que permetran \u201cdonar el servei que alumnes i docents mereixen i que demostra el comprom\u00eds ferm i clau amb l\u2019atenci\u00f3 educativa dels menors que accedeixen als centres educatius des dels 0 anys, amb car\u00e0cter universal i gratu\u00eft. Un recurs tan demandat per les fam\u00edlies i que finalment el Partit Popular ha fet possible a cost zero per a les seues butxaques\u201d.<\/p>\n\n\n\n<p>En mat\u00e8ria educativa, la inversi\u00f3 en el conservatori de Sogorb es concreta de nou per a garantir aquesta formaci\u00f3 musical a l\u2019alumnat, aix\u00ed com tamb\u00e9 es dona suport a la vessant cultural amb una injecci\u00f3 de m\u00e9s de 370.000 euros per a la Cartoixa de Valldecrist, a Altura.<\/p>\n\n\n\n<p>L\u2019aposta per la formaci\u00f3 i l\u2019ocupaci\u00f3 es concreta en 2,2 milions d\u2019euros destinats a l\u2019ensenyament orientat a la inserci\u00f3 laboral a trav\u00e9s dels tallers d\u2019ocupaci\u00f3. Un recurs \u201cmolt demandat i de gran utilitat\u201d que \u201cassegura futur a l\u2019alumnat en un entorn eminentment laboral\u201d.<\/p>\n\n\n\n<p>Aix\u00ed mateix, inversions en recursos patrimonials, com \u00e9s el cas de la Cartoixa d\u2019Altura o el centre hist\u00f2ric de Sogorb, a m\u00e9s d\u2019accions m\u00e9s concretes en mat\u00e8ria de m\u00e0rqueting tur\u00edstic i promocional, asseguren a la comarca el desenvolupament de la seua vessant tur\u00edstica com a font d\u2019ocupaci\u00f3. \u201cInvertir en l\u2019interior \u00e9s garantir el nostre futur, i eixe \u00e9s un objectiu clar i clau del PP al capdavant de la Generalitat Valenciana. Complim\u201d, ha manifestat Miravete.<\/p>\n","protected":false},"excerpt":{"rendered":"<p>La comarca de l\u2019Alt Pal\u00e0ncia rebr\u00e0 aquest 2025 el comprom\u00eds de la Generalitat Valenciana amb un pressupost que frega els 10,4 milions d\u2019euros i que pivota les seues majors inversions en l\u2019atenci\u00f3 social i educativa sense ignorar la projecci\u00f3 d\u2019una comarca amb gran potencial tur\u00edstic. J\u00e9ssica Miravete, secret\u00e0ria de l\u2019Executiva de Mancomunitats del PPCS, ha &#8230; <a title=\"Segons els populars: el Consell &#8220;garanteix oportunitats a l&#8217;Alt Pal\u00e0ncia amb 10,4 milions que creen ocupaci\u00f3 a trav\u00e9s del turisme i blinden l&#8217;atenci\u00f3 social i educativa&#8221;.\" class=\"read-more\" href=\"https:\/\/elcafedepipa.com\/index.php\/2025\/04\/16\/segun-els-populars-el-consell-garanteix-oportunitats-a-lalt-palancia-amb-104-milions-que-creen-ocupacio-a-traves-del-turisme-i-blinden-latencio-social-i-educativa\/\" aria-label=\"M\u00e9s informaci\u00f3 sobre Segons els populars: el Consell &#8220;garanteix oportunitats a l&#8217;Alt Pal\u00e0ncia amb 10,4 milions que creen ocupaci\u00f3 a trav\u00e9s del turisme i blinden l&#8217;atenci\u00f3 social i educativa&#8221;.\">Read more<\/a><\/p>\n","protected":false},"author":2,"featured_media":13134,"comment_status":"closed","ping_status":"closed","sticky":false,"template":"","format":"standard","meta":{"om_disable_all_campaigns":false,"_monsterinsights_skip_tracking":false,"_monsterinsights_sitenote_active":false,"_monsterinsights_sitenote_note":"","_monsterinsights_sitenote_category":0,"_uf_show_specific_survey":0,"_uf_disable_surveys":false,"footnotes":""},"categories":[10],"tags":[],"class_list":["post-13132","post","type-post","status-publish","format-standard","has-post-thumbnail","hentry","category-provinciadecastello"],"_links":{"self":[{"href":"https:\/\/elcafedepipa.com\/index.php\/wp-json\/wp\/v2\/posts\/13132","targetHints":{"allow":["GET"]}}],"collection":[{"href":"https:\/\/elcafedepipa.com\/index.php\/wp-json\/wp\/v2\/posts"}],"about":[{"href":"https:\/\/elcafedepipa.com\/index.php\/wp-json\/wp\/v2\/types\/post"}],"author":[{"embeddable":true,"href":"https:\/\/elcafedepipa.com\/index.php\/wp-json\/wp\/v2\/users\/2"}],"replies":[{"embeddable":true,"href":"https:\/\/elcafedepipa.com\/index.php\/wp-json\/wp\/v2\/comments?post=13132"}],"version-history":[{"count":0,"href":"https:\/\/elcafedepipa.com\/index.php\/wp-json\/wp\/v2\/posts\/13132\/revisions"}],"wp:featuredmedia":[{"embeddable":true,"href":"https:\/\/elcafedepipa.com\/index.php\/wp-json\/wp\/v2\/media\/13134"}],"wp:attachment":[{"href":"https:\/\/elcafedepipa.com\/index.php\/wp-json\/wp\/v2\/media?parent=13132"}],"wp:term":[{"taxonomy":"category","embeddable":true,"href":"https:\/\/elcafedepipa.com\/index.php\/wp-json\/wp\/v2\/categories?post=13132"},{"taxonomy":"post_tag","embeddable":true,"href":"https:\/\/elcafedepipa.com\/index.php\/wp-json\/wp\/v2\/tags?post=13132"}],"curies":[{"name":"wp","href":"https:\/\/api.w.org\/{rel}","templated":true}]}}