{"id":13107,"date":"2025-04-15T14:20:40","date_gmt":"2025-04-15T12:20:40","guid":{"rendered":"https:\/\/elcafedepipa.com\/?p=13107"},"modified":"2025-04-15T14:20:40","modified_gmt":"2025-04-15T12:20:40","slug":"la-colonia-sant-antoni-inicia-la-seua-transformacio-urbana-cap-a-un-barri-mes-verd-eficient-i-accessible","status":"publish","type":"post","link":"https:\/\/elcafedepipa.com\/index.php\/2025\/04\/15\/la-colonia-sant-antoni-inicia-la-seua-transformacio-urbana-cap-a-un-barri-mes-verd-eficient-i-accessible\/","title":{"rendered":"La Col\u00f2nia Sant Antoni inicia la seua transformaci\u00f3 urbana cap a un barri m\u00e9s verd, eficient i accessible."},"content":{"rendered":"\n<p>L\u2019Ajuntament de la Vall d\u2019Uix\u00f3 est\u00e0 executant les obres de regeneraci\u00f3 urbana del barri Col\u00f2nia Sant Antoni, que consisteixen en la rehabilitaci\u00f3 de 96 habitatges en els blocs dels carrers A, B i C, i de 17.000 m\u00b2 d\u2019espai p\u00fablic en aquest entorn. L\u2019efici\u00e8ncia energ\u00e8tica i l\u2019accessibilitat s\u00f3n dos dels eixos d\u2019aquest projecte.<\/p>\n\n\n\n<p>Una vegada finalitze l\u2019actuaci\u00f3, els habitatges obtindran el certificat A d\u2019efici\u00e8ncia energ\u00e8tica, la qual cosa suposar\u00e0 un estalvi per habitatge del 63 %. A\u00e7\u00f2 ser\u00e0 possible gr\u00e0cies a l\u2019a\u00efllament de les fa\u00e7anes i cobertes i a la substituci\u00f3 de finestres. Quant a l\u2019accessibilitat, s\u2019instal\u00b7laran ascensors, es reformaran les escales i s\u2019ampliaran les voreres.<\/p>\n\n\n\n<p>A m\u00e9s, es reurbanitzaran aquests carrers, on ja s\u2019est\u00e0 realitzant la renovaci\u00f3 de tota la xarxa d\u2019aig\u00fces i s\u2019instal\u00b7laran col\u00b7lectors i sistemes de recollida de pluvials per acabar amb els problemes d\u2019humitats que afecten els habitatges. Tamb\u00e9 l\u2019entorn ser\u00e0 m\u00e9s verd, amb arbres i zones de descans i socialitzaci\u00f3 amb ombres, de manera que el barri siga m\u00e9s resilient al canvi clim\u00e0tic i es redu\u00efsca l\u2019efecte illa de calor.<\/p>\n\n\n\n<p>Aquest projecte est\u00e0 finan\u00e7at per la Uni\u00f3 Europea &#8211; Next Generation EU, dins del programa d\u2019ajudes a les actuacions de rehabilitaci\u00f3 a nivell de barri del Pla de Recuperaci\u00f3, Transformaci\u00f3 i Resili\u00e8ncia del Govern d\u2019Espanya. La inversi\u00f3 total \u00e9s de 3,5 milions d\u2019euros, dels quals el Ministeri de Transports, Mobilitat i Agenda Urbana aporta 2,4 i l\u2019Ajuntament quasi 1 mili\u00f3.<\/p>\n\n\n\n<p>L\u2019alcaldessa, Tania Ba\u00f1os, ha destacat \u201cel gran esfor\u00e7\u201d que s\u2019ha fet de participaci\u00f3 ciutadana, di\u00e0leg, consens i coordinaci\u00f3 abans d\u2019iniciar les obres, ja que altres ajuntaments han renunciat a aquesta subvenci\u00f3 \u201cper la c\u00e0rrega de treball que suposa\u201d. A m\u00e9s, ha remarcat que aquest projecte \u201cno \u00e9s un problema ni un enfrontament d\u2019uns contra altres\u201d sin\u00f3 \u201cuna iniciativa que si millora aquesta zona, millora tot el barri, i si millora tot el barri, millora tota la Vall\u201d.<\/p>\n\n\n\n<p>La previsi\u00f3 \u00e9s que aquestes obres estiguen acabades a l\u2019estiu de 2026. A m\u00e9s de les millores urbanes, \u201ccomportar\u00e0 una major equitat, perqu\u00e8 estem donant una empenta a una zona que ho necessita perqu\u00e8 ning\u00fa es quede enrere i perqu\u00e8 atraga nous ve\u00efns i ve\u00efnes\u201d, ha apuntat Ba\u00f1os. De fet, ja s\u2019han formalitzat (o estan en proc\u00e9s) cinc operacions de compra-venda, la qual cosa significa que \u201chabitatges que estaven tancats tindran nous habitants que vindran a viure al barri\u201d.<\/p>\n\n\n\n<p>Per la seua banda, el regidor d\u2019Habitatge, Vicente Pitarch, ha agra\u00eft \u201cla col\u00b7laboraci\u00f3 dels ve\u00efns i ve\u00efnes\u201d, ja que \u201chem treballat molt conjuntament per a constituir les comunitats de ve\u00efns, fer pedagogia i explicar el projecte en reunions i a peu de carrer\u201d. A m\u00e9s, el projecte definitiu \u201crecull les necessitats i preocupacions de les persones que viuen ac\u00ed\u201d i s\u2019ha adaptat \u201ca la seua sensibilitat i inquietuds\u201d.<\/p>\n\n\n\n<p>Aquesta \u00e9s la primera fase d\u2019una estrat\u00e8gia de regeneraci\u00f3 urbana m\u00e9s \u00e0mplia, que pret\u00e9n arribar a 507 habitatges (ara s\u2019actua en 96) i a 35.000 m\u00b2 d\u2019espais p\u00fablics. En aquest sentit, per a l\u2019alcaldessa \u00e9s \u201cun dels projectes m\u00e9s importants de transformaci\u00f3 de la ciutat que tenim per davant\u201d.<\/p>\n","protected":false},"excerpt":{"rendered":"<p>L\u2019Ajuntament de la Vall d\u2019Uix\u00f3 est\u00e0 executant les obres de regeneraci\u00f3 urbana del barri Col\u00f2nia Sant Antoni, que consisteixen en la rehabilitaci\u00f3 de 96 habitatges en els blocs dels carrers A, B i C, i de 17.000 m\u00b2 d\u2019espai p\u00fablic en aquest entorn. L\u2019efici\u00e8ncia energ\u00e8tica i l\u2019accessibilitat s\u00f3n dos dels eixos d\u2019aquest projecte. Una vegada &#8230; <a title=\"La Col\u00f2nia Sant Antoni inicia la seua transformaci\u00f3 urbana cap a un barri m\u00e9s verd, eficient i accessible.\" class=\"read-more\" href=\"https:\/\/elcafedepipa.com\/index.php\/2025\/04\/15\/la-colonia-sant-antoni-inicia-la-seua-transformacio-urbana-cap-a-un-barri-mes-verd-eficient-i-accessible\/\" aria-label=\"M\u00e9s informaci\u00f3 sobre La Col\u00f2nia Sant Antoni inicia la seua transformaci\u00f3 urbana cap a un barri m\u00e9s verd, eficient i accessible.\">Read more<\/a><\/p>\n","protected":false},"author":2,"featured_media":13108,"comment_status":"closed","ping_status":"closed","sticky":false,"template":"","format":"standard","meta":{"om_disable_all_campaigns":false,"_monsterinsights_skip_tracking":false,"_monsterinsights_sitenote_active":false,"_monsterinsights_sitenote_note":"","_monsterinsights_sitenote_category":0,"_uf_show_specific_survey":0,"_uf_disable_surveys":false,"footnotes":""},"categories":[2],"tags":[],"class_list":["post-13107","post","type-post","status-publish","format-standard","has-post-thumbnail","hentry","category-lavallduixo"],"_links":{"self":[{"href":"https:\/\/elcafedepipa.com\/index.php\/wp-json\/wp\/v2\/posts\/13107","targetHints":{"allow":["GET"]}}],"collection":[{"href":"https:\/\/elcafedepipa.com\/index.php\/wp-json\/wp\/v2\/posts"}],"about":[{"href":"https:\/\/elcafedepipa.com\/index.php\/wp-json\/wp\/v2\/types\/post"}],"author":[{"embeddable":true,"href":"https:\/\/elcafedepipa.com\/index.php\/wp-json\/wp\/v2\/users\/2"}],"replies":[{"embeddable":true,"href":"https:\/\/elcafedepipa.com\/index.php\/wp-json\/wp\/v2\/comments?post=13107"}],"version-history":[{"count":0,"href":"https:\/\/elcafedepipa.com\/index.php\/wp-json\/wp\/v2\/posts\/13107\/revisions"}],"wp:featuredmedia":[{"embeddable":true,"href":"https:\/\/elcafedepipa.com\/index.php\/wp-json\/wp\/v2\/media\/13108"}],"wp:attachment":[{"href":"https:\/\/elcafedepipa.com\/index.php\/wp-json\/wp\/v2\/media?parent=13107"}],"wp:term":[{"taxonomy":"category","embeddable":true,"href":"https:\/\/elcafedepipa.com\/index.php\/wp-json\/wp\/v2\/categories?post=13107"},{"taxonomy":"post_tag","embeddable":true,"href":"https:\/\/elcafedepipa.com\/index.php\/wp-json\/wp\/v2\/tags?post=13107"}],"curies":[{"name":"wp","href":"https:\/\/api.w.org\/{rel}","templated":true}]}}