{"id":13029,"date":"2025-04-14T10:15:09","date_gmt":"2025-04-14T08:15:09","guid":{"rendered":"https:\/\/elcafedepipa.com\/?p=13029"},"modified":"2025-04-14T10:15:10","modified_gmt":"2025-04-14T08:15:10","slug":"el-ppcv-defensa-larrelament-dels-bous-al-carrer-i-posa-en-valor-lalt-impacte-economic-daquesta-tradicio-en-la-comunitat-valenciana","status":"publish","type":"post","link":"https:\/\/elcafedepipa.com\/index.php\/2025\/04\/14\/el-ppcv-defensa-larrelament-dels-bous-al-carrer-i-posa-en-valor-lalt-impacte-economic-daquesta-tradicio-en-la-comunitat-valenciana\/","title":{"rendered":"El PPCV defensa l&#8217;arrelament dels \u2018bous al carrer\u2019 i posa en valor l&#8217;alt impacte econ\u00f2mic d&#8217;aquesta tradici\u00f3 en la Comunitat Valenciana"},"content":{"rendered":"\n<p>El diputat popular Wences Al\u00f3s Valls ha defensat \u201cl&#8217;arrelament i profunda tradici\u00f3 de les celebracions de \u2018bous al carrer\u2019 en multitud de municipis de la Comunitat Valenciana\u201d i ha posat en valor \u201cl&#8217;alt impacte econ\u00f2mic que tenen aquests festejos, al voltant d&#8217;uns 300 milions d&#8217;euros\u201d.<\/p>\n\n\n\n<p>Aix\u00ed s&#8217;ha manifestat el diputat del GPP despr\u00e9s de les cr\u00edtiques de Comprom\u00eds i PSPV a les ajudes del Consell als esdeveniments taurins anunciades recentment pel conseller d&#8217;Emerg\u00e8ncies, Juan Carlos Valderrama.<\/p>\n\n\n\n<p>Al\u00f3s Valls ha assenyalat que el Consell de Carlos Maz\u00f3n \u201csecunda plenament aquesta tradici\u00f3\u201d i destina als \u2018bous\u2019 una partida de 150.000 euros en els seus pressupostos amb l&#8217;objectiu de \u201cdefensar i protegir les nostres senyes d&#8217;identitat&#8221;. En eixe sentit, ha assenyalat que la Comunitat compta amb la celebraci\u00f3 de m\u00e9s de 9.100 festejos taurins a l&#8217;any en m\u00e9s de 260 municipis. \u201cLes administracions han de fer costat a un sector important no sols des del punt de vista cultural, per la qual cosa representa com a festeig tradicional i popular, sin\u00f3 tamb\u00e9 per la seua \u00e0mplia repercussi\u00f3 econ\u00f2mica\u201d.<\/p>\n\n\n\n<p>Per a Wences Al\u00f3s Valls, \u201cComprom\u00eds i PSPV demostren una vegada m\u00e9s que nom\u00e9s busquen fer pol\u00edtiques per a uns pocs, sense tindre en compte les tradicions ni la cultura valenciana, que va lligada a la taurom\u00e0quia i \u00e9s una cosa a la qual no podem donar l&#8217;esquena\u201d.<\/p>\n\n\n\n<p><\/p>\n","protected":false},"excerpt":{"rendered":"<p>El diputat popular Wences Al\u00f3s Valls ha defensat \u201cl&#8217;arrelament i profunda tradici\u00f3 de les celebracions de \u2018bous al carrer\u2019 en multitud de municipis de la Comunitat Valenciana\u201d i ha posat en valor \u201cl&#8217;alt impacte econ\u00f2mic que tenen aquests festejos, al voltant d&#8217;uns 300 milions d&#8217;euros\u201d. Aix\u00ed s&#8217;ha manifestat el diputat del GPP despr\u00e9s de les &#8230; <a title=\"El PPCV defensa l&#8217;arrelament dels \u2018bous al carrer\u2019 i posa en valor l&#8217;alt impacte econ\u00f2mic d&#8217;aquesta tradici\u00f3 en la Comunitat Valenciana\" class=\"read-more\" href=\"https:\/\/elcafedepipa.com\/index.php\/2025\/04\/14\/el-ppcv-defensa-larrelament-dels-bous-al-carrer-i-posa-en-valor-lalt-impacte-economic-daquesta-tradicio-en-la-comunitat-valenciana\/\" aria-label=\"M\u00e9s informaci\u00f3 sobre El PPCV defensa l&#8217;arrelament dels \u2018bous al carrer\u2019 i posa en valor l&#8217;alt impacte econ\u00f2mic d&#8217;aquesta tradici\u00f3 en la Comunitat Valenciana\">Read more<\/a><\/p>\n","protected":false},"author":2,"featured_media":13030,"comment_status":"closed","ping_status":"closed","sticky":false,"template":"","format":"standard","meta":{"om_disable_all_campaigns":false,"_monsterinsights_skip_tracking":false,"_monsterinsights_sitenote_active":false,"_monsterinsights_sitenote_note":"","_monsterinsights_sitenote_category":0,"_uf_show_specific_survey":0,"_uf_disable_surveys":false,"footnotes":""},"categories":[11,4],"tags":[],"class_list":["post-13029","post","type-post","status-publish","format-standard","has-post-thumbnail","hentry","category-comunitatvalenciana","category-moncofa"],"_links":{"self":[{"href":"https:\/\/elcafedepipa.com\/index.php\/wp-json\/wp\/v2\/posts\/13029","targetHints":{"allow":["GET"]}}],"collection":[{"href":"https:\/\/elcafedepipa.com\/index.php\/wp-json\/wp\/v2\/posts"}],"about":[{"href":"https:\/\/elcafedepipa.com\/index.php\/wp-json\/wp\/v2\/types\/post"}],"author":[{"embeddable":true,"href":"https:\/\/elcafedepipa.com\/index.php\/wp-json\/wp\/v2\/users\/2"}],"replies":[{"embeddable":true,"href":"https:\/\/elcafedepipa.com\/index.php\/wp-json\/wp\/v2\/comments?post=13029"}],"version-history":[{"count":0,"href":"https:\/\/elcafedepipa.com\/index.php\/wp-json\/wp\/v2\/posts\/13029\/revisions"}],"wp:featuredmedia":[{"embeddable":true,"href":"https:\/\/elcafedepipa.com\/index.php\/wp-json\/wp\/v2\/media\/13030"}],"wp:attachment":[{"href":"https:\/\/elcafedepipa.com\/index.php\/wp-json\/wp\/v2\/media?parent=13029"}],"wp:term":[{"taxonomy":"category","embeddable":true,"href":"https:\/\/elcafedepipa.com\/index.php\/wp-json\/wp\/v2\/categories?post=13029"},{"taxonomy":"post_tag","embeddable":true,"href":"https:\/\/elcafedepipa.com\/index.php\/wp-json\/wp\/v2\/tags?post=13029"}],"curies":[{"name":"wp","href":"https:\/\/api.w.org\/{rel}","templated":true}]}}