{"id":13026,"date":"2025-04-14T09:53:40","date_gmt":"2025-04-14T07:53:40","guid":{"rendered":"https:\/\/elcafedepipa.com\/?p=13026"},"modified":"2025-04-14T09:53:41","modified_gmt":"2025-04-14T07:53:41","slug":"els-populars-critiquen-la-hipocresia-del-psoe-distingint-entre-victimes-bones-o-roines-segons-el-lloc-de-la-tragedia","status":"publish","type":"post","link":"https:\/\/elcafedepipa.com\/index.php\/2025\/04\/14\/els-populars-critiquen-la-hipocresia-del-psoe-distingint-entre-victimes-bones-o-roines-segons-el-lloc-de-la-tragedia\/","title":{"rendered":"Els populars critiquen \u201cla hipocresia del PSOE distingint entre v\u00edctimes bones o ro\u00efnes segons el lloc de la trag\u00e8dia\u201d."},"content":{"rendered":"\n<p><strong>La portaveu adjunta del GPP en Les Corts, Laura Chuli\u00e0, assenyala que<\/strong> \u201cBarb\u00f3n demana no utilitzar el dolor de les fam\u00edlies de les v\u00edctimes de la mina de Cerredo, per\u00f2 els socialistes porten sis mesos dient-li assass\u00ed a Maz\u00f3n\u201d.<\/p>\n\n\n\n<p>La portaveu adjunta del GPP en Les Corts, Laura Chuli\u00e0, ha criticat \u201cla hipocresia del PSOE distingint entre v\u00edctimes bones o ro\u00efnes segons el lloc de la trag\u00e8dia. Els socialistes que demanen no utilitzar el dolor de les v\u00edctimes d\u2019Ast\u00faries, quan ac\u00ed porten mig any intentant traure r\u00e8dit pol\u00edtic d\u2019una trag\u00e8dia\u201d.<\/p>\n\n\n\n<p>La portaveu popular ha assenyalat que \u201cja n\u2019hi ha prou de pretendre utilitzar les v\u00edctimes, que sempre mereixen el m\u00e0xim respecte. Els socialistes porten sis mesos dient-li assass\u00ed i criminal a Carlos Maz\u00f3n, per\u00f2 ara, de sobte, demanen a Ast\u00faries no utilitzar el dolor de les fam\u00edlies de les v\u00edctimes de la mina de Cerredo\u201d.<\/p>\n\n\n\n<p>Laura Chuli\u00e0 ha lamentat que \u201cels socialistes es dediquen a distingir entre v\u00edctimes bones i ro\u00efnes segons el lloc on oc\u00f3rrega la cat\u00e0strofe. Ja sab\u00edem que els socialistes tenen una vara de mesurar diferent, per\u00f2 que l\u2019asturi\u00e0 Barb\u00f3n diga que el PSOE \u00e9s el refugi segur per a defensar la democr\u00e0cia fa vergonya aliena. Resulta que ara hi ha democr\u00e0cia bona i dolenta, i que tamb\u00e9 s\u00f3n els socialistes qui reparteixen carnets de dem\u00f2crates i decideixen qui ho \u00e9s segons els seus interessos\u201d.<\/p>\n\n\n\n<p><\/p>\n","protected":false},"excerpt":{"rendered":"<p>La portaveu adjunta del GPP en Les Corts, Laura Chuli\u00e0, assenyala que \u201cBarb\u00f3n demana no utilitzar el dolor de les fam\u00edlies de les v\u00edctimes de la mina de Cerredo, per\u00f2 els socialistes porten sis mesos dient-li assass\u00ed a Maz\u00f3n\u201d. La portaveu adjunta del GPP en Les Corts, Laura Chuli\u00e0, ha criticat \u201cla hipocresia del PSOE &#8230; <a title=\"Els populars critiquen \u201cla hipocresia del PSOE distingint entre v\u00edctimes bones o ro\u00efnes segons el lloc de la trag\u00e8dia\u201d.\" class=\"read-more\" href=\"https:\/\/elcafedepipa.com\/index.php\/2025\/04\/14\/els-populars-critiquen-la-hipocresia-del-psoe-distingint-entre-victimes-bones-o-roines-segons-el-lloc-de-la-tragedia\/\" aria-label=\"M\u00e9s informaci\u00f3 sobre Els populars critiquen \u201cla hipocresia del PSOE distingint entre v\u00edctimes bones o ro\u00efnes segons el lloc de la trag\u00e8dia\u201d.\">Read more<\/a><\/p>\n","protected":false},"author":2,"featured_media":13027,"comment_status":"closed","ping_status":"open","sticky":false,"template":"","format":"standard","meta":{"om_disable_all_campaigns":false,"_monsterinsights_skip_tracking":false,"_monsterinsights_sitenote_active":false,"_monsterinsights_sitenote_note":"","_monsterinsights_sitenote_category":0,"_uf_show_specific_survey":0,"_uf_disable_surveys":false,"footnotes":""},"categories":[11],"tags":[],"class_list":["post-13026","post","type-post","status-publish","format-standard","has-post-thumbnail","hentry","category-comunitatvalenciana"],"_links":{"self":[{"href":"https:\/\/elcafedepipa.com\/index.php\/wp-json\/wp\/v2\/posts\/13026","targetHints":{"allow":["GET"]}}],"collection":[{"href":"https:\/\/elcafedepipa.com\/index.php\/wp-json\/wp\/v2\/posts"}],"about":[{"href":"https:\/\/elcafedepipa.com\/index.php\/wp-json\/wp\/v2\/types\/post"}],"author":[{"embeddable":true,"href":"https:\/\/elcafedepipa.com\/index.php\/wp-json\/wp\/v2\/users\/2"}],"replies":[{"embeddable":true,"href":"https:\/\/elcafedepipa.com\/index.php\/wp-json\/wp\/v2\/comments?post=13026"}],"version-history":[{"count":0,"href":"https:\/\/elcafedepipa.com\/index.php\/wp-json\/wp\/v2\/posts\/13026\/revisions"}],"wp:featuredmedia":[{"embeddable":true,"href":"https:\/\/elcafedepipa.com\/index.php\/wp-json\/wp\/v2\/media\/13027"}],"wp:attachment":[{"href":"https:\/\/elcafedepipa.com\/index.php\/wp-json\/wp\/v2\/media?parent=13026"}],"wp:term":[{"taxonomy":"category","embeddable":true,"href":"https:\/\/elcafedepipa.com\/index.php\/wp-json\/wp\/v2\/categories?post=13026"},{"taxonomy":"post_tag","embeddable":true,"href":"https:\/\/elcafedepipa.com\/index.php\/wp-json\/wp\/v2\/tags?post=13026"}],"curies":[{"name":"wp","href":"https:\/\/api.w.org\/{rel}","templated":true}]}}