{"id":12992,"date":"2025-04-11T14:09:00","date_gmt":"2025-04-11T12:09:00","guid":{"rendered":"https:\/\/elcafedepipa.com\/?p=12992"},"modified":"2025-04-11T14:09:01","modified_gmt":"2025-04-11T12:09:01","slug":"el-pp-de-nules-reclama-a-lalcalde-solucions-als-problemes-causats-per-la-nova-rotonda-del-poligon-cardanelles-despres-de-lultim-accident","status":"publish","type":"post","link":"https:\/\/elcafedepipa.com\/index.php\/2025\/04\/11\/el-pp-de-nules-reclama-a-lalcalde-solucions-als-problemes-causats-per-la-nova-rotonda-del-poligon-cardanelles-despres-de-lultim-accident\/","title":{"rendered":"El PP de Nules reclama a l&#8217;alcalde &#8220;solucions als problemes causats per la nova rotonda del pol\u00edgon Cardanelles despr\u00e9s de l&#8217;\u00faltim accident&#8221;."},"content":{"rendered":"\n<p>El regidor del Partit Popular a Nules, Vicente Bertomeu, ha demanat a l&#8217;alcalde de la localitat que corregisca els problemes que ha causat la nova rotonda instal\u00b7lada als accessos al pol\u00edgon Cardanelles. &#8220;Des que es va instal\u00b7lar el desembre passat, els problemes s\u00f3n constants. No nom\u00e9s ha provocat accidents, tamb\u00e9 a l&#8217;hora de maniobrar els vehicles pesats pateixen veritables dificultats que abans no existien&#8221;.<\/p>\n\n\n\n<p>El regidor ha fet aquestes declaracions amb &#8220;l&#8217;\u00e0nim de millorar el problema&#8221;. &#8220;Si el que es pretenia era refor\u00e7ar la seguretat dels usuaris d&#8217;aquest entorn i garantir velocitats redu\u00efdes a l&#8217;entrada del pol\u00edgon, no ha de produir-se a costa de crear riscos entre els usuaris de l&#8217;entorn&#8221;.<\/p>\n\n\n\n<p>En aquest sentit, &#8220;creiem que seria oport\u00fa avaluar els problemes que s&#8217;han generat des que es va habilitar aquesta glorieta i considerar les solucions m\u00e9s adequades per compatibilitzar l&#8217;objectiu de reduir la velocitat dels vehicles que accedeixen al sector industrial i la seguretat dels usuaris de la via&#8221;, ha manifestat el regidor.<\/p>\n\n\n\n<p>La realitat, tal com assenyala Bertomeu, &#8220;\u00e9s que els accidents s&#8217;han repetit en els \u00faltims mesos i ho coment\u00e0vem des del primer dia que eren necess\u00e0ries alternatives&#8221;. El m\u00e9s recent, registrat ahir, ha provocat que un turisme invas\u00e9s la rotonda i tomb\u00e9s els senyals verticals instal\u00b7lats a la infraestructura. &#8220;Revisar l&#8217;actuaci\u00f3 i corregir la infraestructura per tal de refor\u00e7ar la seguretat i facilitar la maniobrabilitat a la glorieta seria una bona mesura&#8221;, ha concl\u00f2s el regidor.<\/p>\n\n\n\n<p>Si necesitas alguna modificaci\u00f3n o ajuste, no dudes en decirme. \u00a1Estoy aqu\u00ed para ayudarte!<\/p>\n","protected":false},"excerpt":{"rendered":"<p>El regidor del Partit Popular a Nules, Vicente Bertomeu, ha demanat a l&#8217;alcalde de la localitat que corregisca els problemes que ha causat la nova rotonda instal\u00b7lada als accessos al pol\u00edgon Cardanelles. &#8220;Des que es va instal\u00b7lar el desembre passat, els problemes s\u00f3n constants. No nom\u00e9s ha provocat accidents, tamb\u00e9 a l&#8217;hora de maniobrar els &#8230; <a title=\"El PP de Nules reclama a l&#8217;alcalde &#8220;solucions als problemes causats per la nova rotonda del pol\u00edgon Cardanelles despr\u00e9s de l&#8217;\u00faltim accident&#8221;.\" class=\"read-more\" href=\"https:\/\/elcafedepipa.com\/index.php\/2025\/04\/11\/el-pp-de-nules-reclama-a-lalcalde-solucions-als-problemes-causats-per-la-nova-rotonda-del-poligon-cardanelles-despres-de-lultim-accident\/\" aria-label=\"M\u00e9s informaci\u00f3 sobre El PP de Nules reclama a l&#8217;alcalde &#8220;solucions als problemes causats per la nova rotonda del pol\u00edgon Cardanelles despr\u00e9s de l&#8217;\u00faltim accident&#8221;.\">Read more<\/a><\/p>\n","protected":false},"author":2,"featured_media":12996,"comment_status":"closed","ping_status":"closed","sticky":false,"template":"","format":"standard","meta":{"om_disable_all_campaigns":false,"_monsterinsights_skip_tracking":false,"_monsterinsights_sitenote_active":false,"_monsterinsights_sitenote_note":"","_monsterinsights_sitenote_category":0,"_uf_show_specific_survey":0,"_uf_disable_surveys":false,"footnotes":""},"categories":[3],"tags":[],"class_list":["post-12992","post","type-post","status-publish","format-standard","has-post-thumbnail","hentry","category-nules"],"_links":{"self":[{"href":"https:\/\/elcafedepipa.com\/index.php\/wp-json\/wp\/v2\/posts\/12992","targetHints":{"allow":["GET"]}}],"collection":[{"href":"https:\/\/elcafedepipa.com\/index.php\/wp-json\/wp\/v2\/posts"}],"about":[{"href":"https:\/\/elcafedepipa.com\/index.php\/wp-json\/wp\/v2\/types\/post"}],"author":[{"embeddable":true,"href":"https:\/\/elcafedepipa.com\/index.php\/wp-json\/wp\/v2\/users\/2"}],"replies":[{"embeddable":true,"href":"https:\/\/elcafedepipa.com\/index.php\/wp-json\/wp\/v2\/comments?post=12992"}],"version-history":[{"count":0,"href":"https:\/\/elcafedepipa.com\/index.php\/wp-json\/wp\/v2\/posts\/12992\/revisions"}],"wp:featuredmedia":[{"embeddable":true,"href":"https:\/\/elcafedepipa.com\/index.php\/wp-json\/wp\/v2\/media\/12996"}],"wp:attachment":[{"href":"https:\/\/elcafedepipa.com\/index.php\/wp-json\/wp\/v2\/media?parent=12992"}],"wp:term":[{"taxonomy":"category","embeddable":true,"href":"https:\/\/elcafedepipa.com\/index.php\/wp-json\/wp\/v2\/categories?post=12992"},{"taxonomy":"post_tag","embeddable":true,"href":"https:\/\/elcafedepipa.com\/index.php\/wp-json\/wp\/v2\/tags?post=12992"}],"curies":[{"name":"wp","href":"https:\/\/api.w.org\/{rel}","templated":true}]}}