{"id":12969,"date":"2025-04-11T13:14:23","date_gmt":"2025-04-11T11:14:23","guid":{"rendered":"https:\/\/elcafedepipa.com\/?p=12969"},"modified":"2025-04-11T13:14:43","modified_gmt":"2025-04-11T11:14:43","slug":"el-jose-mangrinan-sera-dema-una-festa","status":"publish","type":"post","link":"https:\/\/elcafedepipa.com\/index.php\/2025\/04\/11\/el-jose-mangrinan-sera-dema-una-festa\/","title":{"rendered":"El Jos\u00e9 Mangri\u00f1an ser\u00e0 dem\u00e0 una festa"},"content":{"rendered":"\n<p>Les grades de l&#8217;Estadi Jos\u00e9 Mangri\u00f1an es poblaran d&#8217;aficionats dem\u00e0 dissabte a partir de les 18:00. El poble de la Vall d&#8217;Uix\u00f3 no ha fallat una vegada m\u00e9s a l&#8217;anunci fet pel club per al partit tan important davant l&#8217;Utiel de dem\u00e0 dissabte.<\/p>\n\n\n\n<p>Amb l&#8217;objectiu fonamental de la perman\u00e8ncia en la categoria aconseguit, la Uni\u00f3 Esportiva Vall d&#8217;Uix\u00f3 juga dem\u00e0 dissabte un partid\u00e0s per tot lo alt per somiar amb poder entrar al Play \u2013 Off d&#8217;Ascens a Segona RFEF. Els de Descalzo, que s\u00f3n sexts amb 44 punts, s&#8217;enfronten al Club Deportivo Utiel, que \u00e9s quart amb 46, per tant, una hipot\u00e8tica vict\u00f2ria valldeuxense suposaria el sorpasso a la taula classificat\u00f2ria.<\/p>\n\n\n\n<p><strong>L&#8217;Equip MOLT ENCHUFAT<\/strong><\/p>\n\n\n\n<p>Setmana d&#8217;entrenaments molt intensa on els xics de Jos\u00e9 Manuel Descalzo han treballat de forma especial de cara al duel de dem\u00e0. La UDE afronta el partit sense cap pressi\u00f3 i amb la clara intenci\u00f3 de gaudir d&#8217;un somiat final de temporada. Pel que fa a les altes i baixes: Mor\u00f3n ser\u00e0 baixa al arribar al cicle de 5 grogues i A\u00f1o i Colomer per lesi\u00f3. Mentrestant, David Megina tornar\u00e0 a la convocat\u00f2ria despr\u00e9s de complir cicle la passada jornada.<\/p>\n\n\n\n<p><strong>La Grada Ser\u00e0 El Jugador N\u00famero 12<\/strong><\/p>\n\n\n\n<p>Si de normal l&#8217;afici\u00f3 de la UDE sempre apreta i anima els seus, dem\u00e0 ser\u00e0 un dia especial.<\/p>\n","protected":false},"excerpt":{"rendered":"<p>Les grades de l&#8217;Estadi Jos\u00e9 Mangri\u00f1an es poblaran d&#8217;aficionats dem\u00e0 dissabte a partir de les 18:00. El poble de la Vall d&#8217;Uix\u00f3 no ha fallat una vegada m\u00e9s a l&#8217;anunci fet pel club per al partit tan important davant l&#8217;Utiel de dem\u00e0 dissabte. Amb l&#8217;objectiu fonamental de la perman\u00e8ncia en la categoria aconseguit, la Uni\u00f3 &#8230; <a title=\"El Jos\u00e9 Mangri\u00f1an ser\u00e0 dem\u00e0 una festa\" class=\"read-more\" href=\"https:\/\/elcafedepipa.com\/index.php\/2025\/04\/11\/el-jose-mangrinan-sera-dema-una-festa\/\" aria-label=\"M\u00e9s informaci\u00f3 sobre El Jos\u00e9 Mangri\u00f1an ser\u00e0 dem\u00e0 una festa\">Read more<\/a><\/p>\n","protected":false},"author":2,"featured_media":12970,"comment_status":"closed","ping_status":"closed","sticky":false,"template":"","format":"standard","meta":{"om_disable_all_campaigns":false,"_monsterinsights_skip_tracking":false,"_monsterinsights_sitenote_active":false,"_monsterinsights_sitenote_note":"","_monsterinsights_sitenote_category":0,"_uf_show_specific_survey":0,"_uf_disable_surveys":false,"footnotes":""},"categories":[2],"tags":[],"class_list":["post-12969","post","type-post","status-publish","format-standard","has-post-thumbnail","hentry","category-lavallduixo"],"_links":{"self":[{"href":"https:\/\/elcafedepipa.com\/index.php\/wp-json\/wp\/v2\/posts\/12969","targetHints":{"allow":["GET"]}}],"collection":[{"href":"https:\/\/elcafedepipa.com\/index.php\/wp-json\/wp\/v2\/posts"}],"about":[{"href":"https:\/\/elcafedepipa.com\/index.php\/wp-json\/wp\/v2\/types\/post"}],"author":[{"embeddable":true,"href":"https:\/\/elcafedepipa.com\/index.php\/wp-json\/wp\/v2\/users\/2"}],"replies":[{"embeddable":true,"href":"https:\/\/elcafedepipa.com\/index.php\/wp-json\/wp\/v2\/comments?post=12969"}],"version-history":[{"count":0,"href":"https:\/\/elcafedepipa.com\/index.php\/wp-json\/wp\/v2\/posts\/12969\/revisions"}],"wp:featuredmedia":[{"embeddable":true,"href":"https:\/\/elcafedepipa.com\/index.php\/wp-json\/wp\/v2\/media\/12970"}],"wp:attachment":[{"href":"https:\/\/elcafedepipa.com\/index.php\/wp-json\/wp\/v2\/media?parent=12969"}],"wp:term":[{"taxonomy":"category","embeddable":true,"href":"https:\/\/elcafedepipa.com\/index.php\/wp-json\/wp\/v2\/categories?post=12969"},{"taxonomy":"post_tag","embeddable":true,"href":"https:\/\/elcafedepipa.com\/index.php\/wp-json\/wp\/v2\/tags?post=12969"}],"curies":[{"name":"wp","href":"https:\/\/api.w.org\/{rel}","templated":true}]}}