{"id":12954,"date":"2025-04-11T10:10:01","date_gmt":"2025-04-11T08:10:01","guid":{"rendered":"https:\/\/elcafedepipa.com\/?p=12954"},"modified":"2025-04-11T10:10:02","modified_gmt":"2025-04-11T08:10:02","slug":"els-populars-acusen-oscar-puente-de-paralitzar-obres-clau-a-la-comunitat-valenciana-despres-daturar-el-soterrament-de-les-vies-de-serreria","status":"publish","type":"post","link":"https:\/\/elcafedepipa.com\/index.php\/2025\/04\/11\/els-populars-acusen-oscar-puente-de-paralitzar-obres-clau-a-la-comunitat-valenciana-despres-daturar-el-soterrament-de-les-vies-de-serreria\/","title":{"rendered":"Els populars acusen \u00d3scar Puente de \u201cparalitzar obres clau a la Comunitat Valenciana despr\u00e9s d\u2019aturar el soterrament de les vies de Serreria&#8221;."},"content":{"rendered":"\n<p><strong>El portaveu d&#8217;Infraestructures del GPP a Les Corts, Joserra Gonz\u00e1lez de Z\u00e1rate, ha acusat el Ministeri de Transports i Mobilitat Sostenible <\/strong>\u201cde posar sempre excuses per a paralitzar obres fonamentals per a la Comunitat Valenciana\u201d, com el soterrament de les vies de Serrer\u00eda.<\/p>\n\n\n\n<p><strong>El diputat popular ha lamentat que<\/strong> \u201cper al ministre Puente i el Govern de Pedro S\u00e1nchez, la Comunitat est\u00e0 a la cua a l\u2019hora d\u2019invertir en infraestructures\u201d, tal com s\u2019ha demostrat amb esta nova paralitzaci\u00f3 \u201cd\u2019una obra priorit\u00e0ria per al desenvolupament de la ciutat de Val\u00e8ncia\u201d.<\/p>\n\n\n\n<p>\u201cA les obres priorit\u00e0ries i urgents cal donar-los velocitat, i m\u00e9s encara quan t\u2019has comprom\u00e9s a executar-les\u201d, ha exigit el portaveu de l\u2019\u00e0rea. En este sentit, ha denunciat que \u201cel Ministeri est\u00e0 condemnat la fa\u00e7ana mar\u00edtima de Val\u00e8ncia amb esta decisi\u00f3\u201d, cosa que demostra una vegada m\u00e9s \u201cla falta de paraula del Sanchisme\u201d.<\/p>\n\n\n\n<p>Des del PPCV \u201cens preguntem com \u00e9s possible que en l\u2019estiu del 2024 les obres del t\u00fanel de Serrer\u00eda no comprometeren el Corredor Mediterrani i ara s\u00ed; no sabem qu\u00e8 ha canviat en estos mesos\u201d, ha apuntat el diputat del GPP.<\/p>\n","protected":false},"excerpt":{"rendered":"<p>El portaveu d&#8217;Infraestructures del GPP a Les Corts, Joserra Gonz\u00e1lez de Z\u00e1rate, ha acusat el Ministeri de Transports i Mobilitat Sostenible \u201cde posar sempre excuses per a paralitzar obres fonamentals per a la Comunitat Valenciana\u201d, com el soterrament de les vies de Serrer\u00eda. El diputat popular ha lamentat que \u201cper al ministre Puente i el &#8230; <a title=\"Els populars acusen \u00d3scar Puente de \u201cparalitzar obres clau a la Comunitat Valenciana despr\u00e9s d\u2019aturar el soterrament de les vies de Serreria&#8221;.\" class=\"read-more\" href=\"https:\/\/elcafedepipa.com\/index.php\/2025\/04\/11\/els-populars-acusen-oscar-puente-de-paralitzar-obres-clau-a-la-comunitat-valenciana-despres-daturar-el-soterrament-de-les-vies-de-serreria\/\" aria-label=\"M\u00e9s informaci\u00f3 sobre Els populars acusen \u00d3scar Puente de \u201cparalitzar obres clau a la Comunitat Valenciana despr\u00e9s d\u2019aturar el soterrament de les vies de Serreria&#8221;.\">Read more<\/a><\/p>\n","protected":false},"author":2,"featured_media":12955,"comment_status":"closed","ping_status":"closed","sticky":false,"template":"","format":"standard","meta":{"om_disable_all_campaigns":false,"_monsterinsights_skip_tracking":false,"_monsterinsights_sitenote_active":false,"_monsterinsights_sitenote_note":"","_monsterinsights_sitenote_category":0,"_uf_show_specific_survey":0,"_uf_disable_surveys":false,"footnotes":""},"categories":[11],"tags":[],"class_list":["post-12954","post","type-post","status-publish","format-standard","has-post-thumbnail","hentry","category-comunitatvalenciana"],"_links":{"self":[{"href":"https:\/\/elcafedepipa.com\/index.php\/wp-json\/wp\/v2\/posts\/12954","targetHints":{"allow":["GET"]}}],"collection":[{"href":"https:\/\/elcafedepipa.com\/index.php\/wp-json\/wp\/v2\/posts"}],"about":[{"href":"https:\/\/elcafedepipa.com\/index.php\/wp-json\/wp\/v2\/types\/post"}],"author":[{"embeddable":true,"href":"https:\/\/elcafedepipa.com\/index.php\/wp-json\/wp\/v2\/users\/2"}],"replies":[{"embeddable":true,"href":"https:\/\/elcafedepipa.com\/index.php\/wp-json\/wp\/v2\/comments?post=12954"}],"version-history":[{"count":0,"href":"https:\/\/elcafedepipa.com\/index.php\/wp-json\/wp\/v2\/posts\/12954\/revisions"}],"wp:featuredmedia":[{"embeddable":true,"href":"https:\/\/elcafedepipa.com\/index.php\/wp-json\/wp\/v2\/media\/12955"}],"wp:attachment":[{"href":"https:\/\/elcafedepipa.com\/index.php\/wp-json\/wp\/v2\/media?parent=12954"}],"wp:term":[{"taxonomy":"category","embeddable":true,"href":"https:\/\/elcafedepipa.com\/index.php\/wp-json\/wp\/v2\/categories?post=12954"},{"taxonomy":"post_tag","embeddable":true,"href":"https:\/\/elcafedepipa.com\/index.php\/wp-json\/wp\/v2\/tags?post=12954"}],"curies":[{"name":"wp","href":"https:\/\/api.w.org\/{rel}","templated":true}]}}