{"id":12896,"date":"2025-04-10T11:51:23","date_gmt":"2025-04-10T09:51:23","guid":{"rendered":"https:\/\/elcafedepipa.com\/?p=12896"},"modified":"2025-04-10T11:51:24","modified_gmt":"2025-04-10T09:51:24","slug":"moncofa-busca-alternatives-realistes-per-a-un-centre-de-dia-despres-el-fracas-del-convivint-del-botanic","status":"publish","type":"post","link":"https:\/\/elcafedepipa.com\/index.php\/2025\/04\/10\/moncofa-busca-alternatives-realistes-per-a-un-centre-de-dia-despres-el-fracas-del-convivint-del-botanic\/","title":{"rendered":"Moncofa busca alternatives realistes per a un Centre de Dia despr\u00e9s el frac\u00e0s del Convivint del Bot\u00e0nic"},"content":{"rendered":"\n<p>El <strong>Pla Convivint del Govern del Bot\u00e0nic<\/strong> va suposar l&#8217;anunci per a Moncofa d&#8217;un<strong> Centre de Dia<\/strong>, encara que l&#8217;anunci va arribar sense dotaci\u00f3 pressupost\u00e0ria. \u201cEn la Comunitat Valenciana vam estar anys sense que es realitzara cap dotaci\u00f3 assistencial per a majors; tot d&#8217;una van anunciar centenars de centres, entre ells un Centre de Dia per a Moncofa, per\u00f2 sense dotar diners per a la seua construcci\u00f3<strong>\u201d, lamenta l&#8217;alcalde de Moncofa, Wences Al\u00f3s<\/strong> Valls. Davant d\u2019esta situaci\u00f3, \u201cl&#8217;Ajuntament de Moncofa, amb el suport de la Generalitat, est\u00e0 treballant des de fa mesos per a dotar Moncofa d\u2019un Centre de Dia a trav\u00e9s de la col\u00b7laboraci\u00f3 p\u00fablica-privada, la mateixa que va fer possible l&#8217;obertura de la resid\u00e8ncia amb qu\u00e8 comptem en l&#8217;actualitat\u201d.<\/p>\n\n\n\n<p>I \u00e9s que del Pla Convivint de la Generalitat del Bot\u00e0nic, que va anunciar m\u00e9s de 250 resid\u00e8ncies i centres de dia en tota la Comunitat Valenciana, l&#8217;execuci\u00f3 no ha superat el 7 %, \u201cla qual cosa demostra que va ser un anunci sense diners; \u00e9s a dir, res\u201d, ha lamentat l&#8217;alcalde, que considera que \u201camb estos temes s&#8217;hauria d&#8217;haver sigut molt m\u00e9s seriosos, responsables i no jugar amb les necessitats de la gent\u201d, ha explicat l&#8217;alcalde. De fet, amb el Bot\u00e0nic, el nombre de places en centres de majors va descendir de les 27.162 a les 26.883.<\/p>\n\n\n\n<p>El primer edil ha apuntat que \u201cdavant d&#8217;anuncis sense diners del Bot\u00e0nic, nosaltres estem treballant amb els peus en terra. Sabem que Moncofa necessita un Centre de Dia i estem explorant totes les vies possibles perqu\u00e8 siga una realitat. Ja hem mantingut trobades amb empreses del sector per a veure quina \u00e9s la millor alternativa, tenint en compte les necessitats del municipi, i encara que no \u00e9s f\u00e0cil, continuarem intentant-ho\u201d.<\/p>\n\n\n\n<p>Wences Al\u00f3s Valls ha assenyalat que \u201centenem que \u00e9s un tema capital per a Moncofa, i entenem que desperte l&#8217;inter\u00e9s dels grups pol\u00edtics del consistori, per\u00f2 tots hem de ser conscients de les nostres accions i no ens poden exigir el cel quan en huit anys el resultat de la gesti\u00f3 anterior va ser el descens de places assistencials. Des del treball i la const\u00e0ncia, la ciutadania pot estar segura que treballarem amb serietat i rigor per a dotar Moncofa dels serveis que es mereix, entre ells el Centre de Dia\u201d.<\/p>\n","protected":false},"excerpt":{"rendered":"<p>El Pla Convivint del Govern del Bot\u00e0nic va suposar l&#8217;anunci per a Moncofa d&#8217;un Centre de Dia, encara que l&#8217;anunci va arribar sense dotaci\u00f3 pressupost\u00e0ria. \u201cEn la Comunitat Valenciana vam estar anys sense que es realitzara cap dotaci\u00f3 assistencial per a majors; tot d&#8217;una van anunciar centenars de centres, entre ells un Centre de Dia &#8230; <a title=\"Moncofa busca alternatives realistes per a un Centre de Dia despr\u00e9s el frac\u00e0s del Convivint del Bot\u00e0nic\" class=\"read-more\" href=\"https:\/\/elcafedepipa.com\/index.php\/2025\/04\/10\/moncofa-busca-alternatives-realistes-per-a-un-centre-de-dia-despres-el-fracas-del-convivint-del-botanic\/\" aria-label=\"M\u00e9s informaci\u00f3 sobre Moncofa busca alternatives realistes per a un Centre de Dia despr\u00e9s el frac\u00e0s del Convivint del Bot\u00e0nic\">Read more<\/a><\/p>\n","protected":false},"author":2,"featured_media":12897,"comment_status":"closed","ping_status":"closed","sticky":false,"template":"","format":"standard","meta":{"om_disable_all_campaigns":false,"_monsterinsights_skip_tracking":false,"_monsterinsights_sitenote_active":false,"_monsterinsights_sitenote_note":"","_monsterinsights_sitenote_category":0,"_uf_show_specific_survey":0,"_uf_disable_surveys":false,"footnotes":""},"categories":[4],"tags":[],"class_list":["post-12896","post","type-post","status-publish","format-standard","has-post-thumbnail","hentry","category-moncofa"],"_links":{"self":[{"href":"https:\/\/elcafedepipa.com\/index.php\/wp-json\/wp\/v2\/posts\/12896","targetHints":{"allow":["GET"]}}],"collection":[{"href":"https:\/\/elcafedepipa.com\/index.php\/wp-json\/wp\/v2\/posts"}],"about":[{"href":"https:\/\/elcafedepipa.com\/index.php\/wp-json\/wp\/v2\/types\/post"}],"author":[{"embeddable":true,"href":"https:\/\/elcafedepipa.com\/index.php\/wp-json\/wp\/v2\/users\/2"}],"replies":[{"embeddable":true,"href":"https:\/\/elcafedepipa.com\/index.php\/wp-json\/wp\/v2\/comments?post=12896"}],"version-history":[{"count":0,"href":"https:\/\/elcafedepipa.com\/index.php\/wp-json\/wp\/v2\/posts\/12896\/revisions"}],"wp:featuredmedia":[{"embeddable":true,"href":"https:\/\/elcafedepipa.com\/index.php\/wp-json\/wp\/v2\/media\/12897"}],"wp:attachment":[{"href":"https:\/\/elcafedepipa.com\/index.php\/wp-json\/wp\/v2\/media?parent=12896"}],"wp:term":[{"taxonomy":"category","embeddable":true,"href":"https:\/\/elcafedepipa.com\/index.php\/wp-json\/wp\/v2\/categories?post=12896"},{"taxonomy":"post_tag","embeddable":true,"href":"https:\/\/elcafedepipa.com\/index.php\/wp-json\/wp\/v2\/tags?post=12896"}],"curies":[{"name":"wp","href":"https:\/\/api.w.org\/{rel}","templated":true}]}}