{"id":12884,"date":"2025-04-10T09:35:58","date_gmt":"2025-04-10T07:35:58","guid":{"rendered":"https:\/\/elcafedepipa.com\/?p=12884"},"modified":"2025-04-10T09:35:58","modified_gmt":"2025-04-10T07:35:58","slug":"la-festa-de-les-paelles-comptara-amb-actes-per-a-tots-els-publics","status":"publish","type":"post","link":"https:\/\/elcafedepipa.com\/index.php\/2025\/04\/10\/la-festa-de-les-paelles-comptara-amb-actes-per-a-tots-els-publics\/","title":{"rendered":"La Festa de les Paelles comptar\u00e0 amb actes per a tots els p\u00fablics"},"content":{"rendered":"\n<p><strong>Nules tornar\u00e0 a celebrar el dissabte 3 de maig la tradicional Festa de les Paelles.<\/strong> Per aquest motiu, hui s\u2019ha presentat la programaci\u00f3 que es desenvolupar\u00e0 i que comptar\u00e0 amb <strong>diferents activitats i m\u00fasica en directe per a tots els p\u00fablics.<\/strong><\/p>\n\n\n\n<p>La Festa de les Paelles \u00e9s <strong>un dels actes m\u00e9s multitudinaris i arrelats a la poblaci\u00f3<\/strong>, i cada any atrau milers de persones procedents tant del municipi com de localitats dels voltants. <strong>S\u2019espera una participaci\u00f3 de prop de cinc mil persones.<\/strong><\/p>\n\n\n\n<p><strong>Com a novetat, enguany l\u2019esdeveniment vol convertir-se en un punt de refer\u00e8ncia en inclusi\u00f3.<\/strong> Actuar\u00e0, per primera vegada, el grup de percussi\u00f3 <strong>\u201cTymbals diPercusi\u00f3\u201d<\/strong>, format per persones amb diversitat funcional.<br>\u201cDes d\u2019aquest grup es vol aconseguir la inclusi\u00f3 social i cultural utilitzant com a motor el llenguatge musical, el poder dels tambors i la pr\u00f2pia diversitat de cadascuna de les persones que l\u2019integren. <strong>Per tant, qu\u00e8 millor que tindre\u2019ls als carrers de Nules el Dia de Paelles per animar la festa i donar-los visibilitat<\/strong>\u201d, ha declarat la Regidora de Joventut, Blanca Silvestre.<\/p>\n\n\n\n<p>A m\u00e9s, <strong>es tornar\u00e0 a instal\u00b7lar el Punt de Salut i Informaci\u00f3 d\u2019ITS<\/strong>, que comptar\u00e0 amb <strong>personal especialitzat per assessorar i atendre possibles incidents.<\/strong><\/p>\n\n\n\n<p>Tamb\u00e9 hi haur\u00e0 un <strong>Punt Violeta<\/strong>, un espai destinat a <strong>atendre qualsevol cas de viol\u00e8ncia sexista o LGTBIf\u00f2bica<\/strong>, aix\u00ed com a <strong>sensibilitzar, informar i ajudar les v\u00edctimes<\/strong>. Aquests dos espais es trobaran en una carpa equipada amb un protocol espec\u00edfic d\u2019atenci\u00f3 davant qualsevol situaci\u00f3 d\u2019aquest tipus.<\/p>\n\n\n\n<p><strong>La Festa de les Paelles inclour\u00e0 activitats d\u2019oci alternatives per a adolescents<\/strong>, organitzades pel Departament de Joventut de l\u2019Ajuntament de Nules.<\/p>\n\n\n\n<p>Una de les propostes destacades \u00e9s l\u2019activitat <strong>\u201cL\u00e0ser Game\u201d<\/strong>, adre\u00e7ada a joves d\u2019entre <strong>12 i 17 anys<\/strong>, que se celebrar\u00e0 a les <strong>pistes esportives del carrer Alqueries<\/strong>.<\/p>\n\n\n\n<p>A m\u00e9s, com cada any, <strong>s\u2019instal\u00b7lar\u00e0 un parc infantil amb monitors, inflables i jocs per als m\u00e9s menuts<\/strong>, perqu\u00e8 tamb\u00e9 puguen gaudir de la jornada festiva.<\/p>\n\n\n\n<blockquote class=\"wp-block-quote is-layout-flow wp-block-quote-is-layout-flow\">\n<p>La programaci\u00f3 musical i festiva continuar\u00e0 durant tota la vesprada a la zona de les paelles, amb les actuacions de:<br><strong>Paradita Flamenca<\/strong><br><strong>L\u2019orquestra M\u00e1xima<\/strong><br><strong>DJ Kike GB<\/strong><\/p>\n<\/blockquote>\n\n\n\n<p><strong>Es preveu una gran aflu\u00e8ncia de joves de tota la comarca de la Plana Baixa<\/strong>, especialment durant la vesprada i la nit, moment en qu\u00e8 la festa continuar\u00e0 a les pistes esportives amb la col\u00b7laboraci\u00f3 dels pubs locals.<\/p>\n\n\n\n<p><strong>La inscripci\u00f3 per a participar estar\u00e0 oberta del dijous 10 d\u2019abril fins al diumenge 27 d\u2019abril,<\/strong> i es podr\u00e0 fer a trav\u00e9s de l\u2019enlla\u00e7 seg\u00fcent:<br><a class=\"\" href=\"https:\/\/inscripciones.nules.es\">https:\/\/inscripciones.nules.es<\/a><br>Tamb\u00e9 estar\u00e0 disponible a les <strong>xarxes socials de l\u2019Ajuntament de Nules<\/strong>.<\/p>\n\n\n\n<figure class=\"wp-block-image\"><img decoding=\"async\" src=\"https:\/\/attachment.outlook.live.net\/owa\/MSA%3Acc5365c3f7dd9ce4d9b90e6c827db01b594c6660eeea802e5a4261ecbb1a3b77%40shadow.outlook.com\/service.svc\/s\/GetAttachmentThumbnail?id=AQMkAGM4YzkwMAItZGZjOC1jNTQ1LTAwAi0wMAoARgAAA9cCEmx8MKRJt8qcbetlCk8HALfylbCfFZBMsjL0Guod8mwAAAIBDAAAALfylbCfFZBMsjL0Guod8mwAAACc4%2BJrAAAAARIAEAD7Eputz1nbS4XrO8moD1Dy&amp;thumbnailType=2&amp;isc=1&amp;token=eyJhbGciOiJSUzI1NiIsInR5cCI6IkpXVCIsImtpZCI6IiswblpKZFowNGJGOFYrZjZoQm1zVEhmYlc3TT0iLCJ4NXQiOiIrMG5aSmRaMDRiRjhWK2Y2aEJtc1RIZmJXN009Iiwibm9uY2UiOiJkVWl1Y1VsQ1VKYWVhNk1pdnBId1JSR1pyRzZXMDF6Z0tYN29oWUxoRTNtbGdqMmJraXVOcXphdk9zVC1QNi1YcTFSRVRKV3M0cUdMblhjQ1VSUkRkVVNZcUpYVGJ6d2tqWlA4VjFDYjJ4bWJoQWZ6QkplZFFkSnAyUVVncW1rQzdPaHFzanhUU1llTUg5RFZ1MlZvN3UtNXUzUmJnbWZ1Vl90ZVpiZzFJU00iLCJpc3Nsb2MiOiJBTTZQUjA4TUI0MjMyIiwic3JzbiI6NjM4Nzk2MDk5MTQ1NjgzMzczfQ.eyJzYXAtdmVyc2lvbiI6IjMxIiwiYXBwaWQiOiJhZjNlYmJiYS1jMjNmLTQ5MmEtYWE5My04MzQyMTY5NmVjNGIiLCJpc3NyaW5nIjoiV1ciLCJhcHBpZGFjciI6IjIiLCJhcHBfZGlzcGxheW5hbWUiOiIiLCJ1dGkiOiI2Y2RjODU5My02NTE5LTQ4YTAtYjBhNi1mODVjYzEwZGE0NDgiLCJpYXQiOjE3NDQyNzAzMTMsInZlciI6IlNUSS5Vc2VyLkNhbGxiYWNrVG9rZW4uVjEiLCJ0aWQiOiI4NGRmOWU3ZmU5ZjY0MGFmYjQzNWFhYWFhYWFhYWFhYSIsInRydXN0ZWRmb3JkZWxlZ2F0aW9uIjoiZmFsc2UiLCJ0b3BvbG9neSI6IntcIlR5cGVcIjpcIk1hY2hpbmVcIixcIlZhbHVlXCI6XCJBTTZQUjA4TUI0MjMyLmV1cnByZDA4LnByb2Qub3V0bG9vay5jb21cIn0iLCJyZXF1ZXN0b3JfYXBwaWQiOiIxNTdjZGZiZi03Mzk4LTRhNTYtOTZjMy1lOTNlOWFiMzA5YjUiLCJyZXF1ZXN0b3JfYXBwX2Rpc3BsYXluYW1lIjoiT2ZmaWNlIDM2NSBFeGNoYW5nZSBNaWNyb3NlcnZpY2UiLCJzY3AiOiJPd2FBdHRhY2htZW50cy5SZWFkIiwib2lkIjoiYzhjOTAwMDAtZGZjOC1jNTQ1LTAwMDAtMDAwMDAwMDAwMDAwIiwicHVpZCI6IkM4QzkwMDAwREZDOEM1NDUiLCJzbXRwIjoiY2M1MzY1YzNmN2RkOWNlNGQ5YjkwZTZjODI3ZGIwMWI1OTRjNjY2MGVlZWE4MDJlNWE0MjYxZWNiYjFhM2I3N0BzaGFkb3cub3V0bG9vay5jb20iLCJ1cG4iOiJjYzUzNjVjM2Y3ZGQ5Y2U0ZDliOTBlNmM4MjdkYjAxYjU5NGM2NjYwZWVlYTgwMmU1YTQyNjFlY2JiMWEzYjc3QHNoYWRvdy5vdXRsb29rLmNvbSIsInVzZXJjYWxsYmFja3VzZXJjb250ZXh0aWQiOiI3OGU4MGZhMTU4MmY0NTMzYjk2OWU0NDczYmUyYjk2NiIsImVwayI6IntcImt0eVwiOlwiUlNBXCIsXCJuXCI6XCJ2VC1Od29EMUFtTm91WWJQcDBOM1JlNjZHNzN5d2V0XzdXMThJUkowcWwxVURJOWxGSjBwMnlhNVBxMnBHNGxnWFJGenA3ZWtOQnBMckhETzB5U01zeTlfdDZIczZpMERieW5zRVVMTG44SVJQSzBBWkktMHpidjZfbXN2cU5ESWJHcHZUcnpfVWxRdEhra05EQzNGckZJT3lyM3pidWo3eGM1cXVQZXVXWUZURDZuRElyRFRXM1IzSkU0N20xRmJGWHkxWWVFY1l4M3ZTZE11V2dXWXZPeHloaXNJVExhVjB0d0xSS1psdXQteVdoWmNNMDc2VVpKTkVtNVE3RWxNRzQ4ajZ6UURVTmNKTHhwdFVBcy00Y0prZlU5am1nMzN1Z3JvV3JxaG5EcE9TM3VQS1hBUEdsck9PTGwwRjZmaEVTODBPbzBhWE1OWUZBbHl5WnNqMlFcIixcImVcIjpcIkFRQUJcIixcImFsZ1wiOlwiUlMyNTZcIixcImV4cFwiOlwiMTc0NDM1OTY5NVwiLFwiZXhwX2RpZmZcIjpcIjg2NDAwXCIsXCJraWRcIjpcIjQ4MndVekRzUWFGNEZJYU5GQ2tJa3NvMHJBMFwifS5PSEJJM2xTVkFCZzZsYjQ4eW5EMGZrOFNtOEx0YjB6S1pkTzZId2lTazFZc0NWREk2S1pPbGh6RmhBVTdCNkEwUnlVNk54TFdDczlTS29CYjJ6L3hxT04xSTd2c0RreGQrbW1qU3NXSHp2U21wZHJQNHFseG5nN2w1QWtEdTREWVl6cFJ6OElKNDR1MEtJaGxSSTJCNndncGN2K2VVL1o2WHZnM1VudlkycE51dUYwbFdYQTVycDdDaE5tWmc1WTc0NjIwT2x2T2cxRGRpVXd2YUdBcHgxRUlGQVdWTEx0V0NRbUFQQWNmamVJQjBZV2tvelNNdnNEaG9vd0dXQVZPVU5FZnlFdEZ3ZjQvbmVsUFFaYWRyYWNnWTBPNDJRYzRidkYyUGVhVE8rV2FNYnJEOHhJWjdubkl0ZTZGVVByTENUNGFuRlZINW5TaGxiNDM2dFYvaWc9PSIsIm5iZiI6MTc0NDI3MDMxMywiZXhwIjoxNzQ0MjcwNjEzLCJpc3MiOiJodHRwczovL3N1YnN0cmF0ZS5vZmZpY2UuY29tL3N0cy8iLCJhdWQiOiJodHRwczovL291dGxvb2sub2ZmaWNlLmNvbSIsInNzZWMiOiJFNzc2LzFuQ05ZWk1JaU16In0.YIRyiz4hD1--2cRspgboVav3dWzXOnT7iroL_vube5qUw3uWjtn8GLEzpgYWZMN2JRSJmTabNiJp3so4NfUYo89u-n7XlOu8LNrOoZpJsAZoJQlOOf_q6FIii4-vRYskDqvyVKvPJSKLOjAuP36Vu38nZNlys0AiMv1Xzc40zHo5UGLywP6Tfw_lZqqYsKefT_oDcKP4r9qxoRCgLvUA07wNtV4PHApIK4Uofft7TLVyIZ_8dXcttW93GhVMvzqMBOy08XWKIuBSLGTTrzI45Gzl4n_-5QhUZcCxmtD5r0SmxPvPnH3lG-gtwFwwAlebm2tsVCUyzlB6bOx49VNpgQ&amp;X-OWA-CANARY=X-OWA-CANARY_cookie_is_null_or_empty&amp;owa=outlook.office.com&amp;scriptVer=20250404005.06&amp;clientId=9D102550BD6B4DD893AD89D9C51CE92B&amp;animation=true&amp;persistenceId=dfe7cb4f-a6bf-4148-b72c-84af090c5629\" alt=\"Visualitzaci\u00f3 pr\u00e8via de la imatge\"\/><\/figure>\n","protected":false},"excerpt":{"rendered":"<p>Nules tornar\u00e0 a celebrar el dissabte 3 de maig la tradicional Festa de les Paelles. Per aquest motiu, hui s\u2019ha presentat la programaci\u00f3 que es desenvolupar\u00e0 i que comptar\u00e0 amb diferents activitats i m\u00fasica en directe per a tots els p\u00fablics. La Festa de les Paelles \u00e9s un dels actes m\u00e9s multitudinaris i arrelats a &#8230; <a title=\"La Festa de les Paelles comptar\u00e0 amb actes per a tots els p\u00fablics\" class=\"read-more\" href=\"https:\/\/elcafedepipa.com\/index.php\/2025\/04\/10\/la-festa-de-les-paelles-comptara-amb-actes-per-a-tots-els-publics\/\" aria-label=\"M\u00e9s informaci\u00f3 sobre La Festa de les Paelles comptar\u00e0 amb actes per a tots els p\u00fablics\">Read more<\/a><\/p>\n","protected":false},"author":2,"featured_media":12885,"comment_status":"closed","ping_status":"closed","sticky":false,"template":"","format":"standard","meta":{"om_disable_all_campaigns":false,"_monsterinsights_skip_tracking":false,"_monsterinsights_sitenote_active":false,"_monsterinsights_sitenote_note":"","_monsterinsights_sitenote_category":0,"_uf_show_specific_survey":0,"_uf_disable_surveys":false,"footnotes":""},"categories":[3],"tags":[],"class_list":["post-12884","post","type-post","status-publish","format-standard","has-post-thumbnail","hentry","category-nules"],"_links":{"self":[{"href":"https:\/\/elcafedepipa.com\/index.php\/wp-json\/wp\/v2\/posts\/12884","targetHints":{"allow":["GET"]}}],"collection":[{"href":"https:\/\/elcafedepipa.com\/index.php\/wp-json\/wp\/v2\/posts"}],"about":[{"href":"https:\/\/elcafedepipa.com\/index.php\/wp-json\/wp\/v2\/types\/post"}],"author":[{"embeddable":true,"href":"https:\/\/elcafedepipa.com\/index.php\/wp-json\/wp\/v2\/users\/2"}],"replies":[{"embeddable":true,"href":"https:\/\/elcafedepipa.com\/index.php\/wp-json\/wp\/v2\/comments?post=12884"}],"version-history":[{"count":0,"href":"https:\/\/elcafedepipa.com\/index.php\/wp-json\/wp\/v2\/posts\/12884\/revisions"}],"wp:featuredmedia":[{"embeddable":true,"href":"https:\/\/elcafedepipa.com\/index.php\/wp-json\/wp\/v2\/media\/12885"}],"wp:attachment":[{"href":"https:\/\/elcafedepipa.com\/index.php\/wp-json\/wp\/v2\/media?parent=12884"}],"wp:term":[{"taxonomy":"category","embeddable":true,"href":"https:\/\/elcafedepipa.com\/index.php\/wp-json\/wp\/v2\/categories?post=12884"},{"taxonomy":"post_tag","embeddable":true,"href":"https:\/\/elcafedepipa.com\/index.php\/wp-json\/wp\/v2\/tags?post=12884"}],"curies":[{"name":"wp","href":"https:\/\/api.w.org\/{rel}","templated":true}]}}