{"id":12871,"date":"2025-04-09T15:22:09","date_gmt":"2025-04-09T13:22:09","guid":{"rendered":"https:\/\/elcafedepipa.com\/?p=12871"},"modified":"2025-04-09T15:22:10","modified_gmt":"2025-04-09T13:22:10","slug":"les-plaques-solars-cobriran-el-661-del-consum-energetic-de-lactivitat-turistica-al-paratge-de-sant-josep","status":"publish","type":"post","link":"https:\/\/elcafedepipa.com\/index.php\/2025\/04\/09\/les-plaques-solars-cobriran-el-661-del-consum-energetic-de-lactivitat-turistica-al-paratge-de-sant-josep\/","title":{"rendered":"Les plaques solars cobriran el 66,1% del consum energ\u00e8tic de l&#8217;activitat tur\u00edstica al Paratge de Sant Josep"},"content":{"rendered":"\n<p><strong>El prove\u00efment d&#8217;electricitat de les Coves de Sant Josep i altres serveis ser\u00e0 verd i permetr\u00e0 un estalvi econ\u00f2mic important<\/strong><\/p>\n\n\n\n<p>El 66,1% del consum anual d&#8217;energia que genera l&#8217;activitat tur\u00edstica al Paratge de Sant Josep es cobrir\u00e0 amb panells fotovoltaics per a autoconsum el\u00e8ctric. Aix\u00f2 ser\u00e0 possible gr\u00e0cies a la instal\u00b7laci\u00f3 de 36 plaques solars a la coberta dels banys p\u00fablics (al costat de l&#8217;escenari). La planta fotovoltaica de 21,06 kWp amb 20 kW nominals cobrir\u00e0 la despesa el\u00e8ctrica anual que es consumeix a les Coves de Sant Josep, quiosc-cafeteria, taquilles, oficines, vestuaris de l&#8217;espeleokayak i banys.<\/p>\n\n\n\n<p>Per aconseguir-ho s&#8217;han invertit 12.697 euros i la instal\u00b7laci\u00f3 l&#8217;ha fet una empresa local. Tant l&#8217;alcaldessa de la Vall d&#8217;Uix\u00f3, <strong>Tania Ba\u00f1os<\/strong>, com el conseller delegat d&#8217;Emsevall, <strong>Javier Ferreres<\/strong>, han destacat l&#8217;aposta municipal &#8220;per les energies renovables i la sostenibilitat&#8221; i han recordat que ja es va fer una important inversi\u00f3 en aquesta l\u00ednia d&#8217;estalvi energ\u00e8tic i econ\u00f2mic amb el canvi de la il\u00b7luminaci\u00f3 de l&#8217;interior de les Coves de Sant Josep.<\/p>\n\n\n\n<p>Amb la nova planta solar &#8220;anem un pas m\u00e9s enll\u00e0, perqu\u00e8 creiem que cal fer compatible l\u00b4activitat tur\u00edstica amb el respecte al medi ambient, especialment en un entorn natural com aquest&#8221;, han afirmat. Amb l&#8217;autoconsum s&#8217;evitar\u00e0 l&#8217;emissi\u00f3 de 10.000 kg anuals de CO2 a l&#8217;atmosfera. A m\u00e9s, des de l&#8217;empresa p\u00fablica Emsevall tamb\u00e9 s&#8217;est\u00e0 fent un estudi per cobrir les necessitats energ\u00e8tiques de la piscina coberta i del futur parc aqu\u00e0tic de Sant Josep amb panells fotovoltaics.<\/p>\n\n\n\n<p><strong>AUTONOMIA ENERG\u00c8TICA<\/strong><\/p>\n\n\n\n<p><strong>Ba\u00f1os <\/strong>ha insistit que projectes com aquests \u201cs\u00f3n una empenta forta perqu\u00e8 la Vall d\u2019Uix\u00f3 sigui una ciutat m\u00e9s verda, sostenible i compromesa amb la lluita contra el canvi clim\u00e0tic\u201d. Aix\u00ed, ha remarcat que &#8220;els negacionismes i les fake news que q\u00fcestionen la ci\u00e8ncia els combatem amb accions concretes com aquesta&#8221; i ha recordat que l\u00b4any passat ja es van instal\u00b7lar panells fotovoltaics al Mercat Municipal.<\/p>\n\n\n\n<p>En aquest sentit, ha assenyalat la import\u00e0ncia d\u02bbestar preparats davant escenaris geopol\u00edtics convulsos a trav\u00e9s de &#8220;mecanismes que ens permeten tenir una autonomia energ\u00e8tica que no ens faci dependre d\u02bbaltres en els subministraments municipals, especialment per les conseq\u00fc\u00e8ncies de l\u02bbaugment de preus de l\u02bbenergia que ja hem patit abans&#8221;.<\/p>\n\n\n\n<figure class=\"wp-block-image size-large\"><img fetchpriority=\"high\" decoding=\"async\" width=\"1024\" height=\"768\" src=\"https:\/\/elcafedepipa.com\/wp-content\/uploads\/2025\/04\/Plaques-Sant-Josep-1-1-1024x768.jpeg\" alt=\"\" class=\"wp-image-12874\" srcset=\"https:\/\/elcafedepipa.com\/wp-content\/uploads\/2025\/04\/Plaques-Sant-Josep-1-1-1024x768.jpeg 1024w, https:\/\/elcafedepipa.com\/wp-content\/uploads\/2025\/04\/Plaques-Sant-Josep-1-1-300x225.jpeg 300w, https:\/\/elcafedepipa.com\/wp-content\/uploads\/2025\/04\/Plaques-Sant-Josep-1-1-768x576.jpeg 768w, https:\/\/elcafedepipa.com\/wp-content\/uploads\/2025\/04\/Plaques-Sant-Josep-1-1-1536x1152.jpeg 1536w, https:\/\/elcafedepipa.com\/wp-content\/uploads\/2025\/04\/Plaques-Sant-Josep-1-1.jpeg 1600w\" sizes=\"(max-width: 1024px) 100vw, 1024px\" \/><\/figure>\n","protected":false},"excerpt":{"rendered":"<p>El prove\u00efment d&#8217;electricitat de les Coves de Sant Josep i altres serveis ser\u00e0 verd i permetr\u00e0 un estalvi econ\u00f2mic important El 66,1% del consum anual d&#8217;energia que genera l&#8217;activitat tur\u00edstica al Paratge de Sant Josep es cobrir\u00e0 amb panells fotovoltaics per a autoconsum el\u00e8ctric. Aix\u00f2 ser\u00e0 possible gr\u00e0cies a la instal\u00b7laci\u00f3 de 36 plaques solars &#8230; <a title=\"Les plaques solars cobriran el 66,1% del consum energ\u00e8tic de l&#8217;activitat tur\u00edstica al Paratge de Sant Josep\" class=\"read-more\" href=\"https:\/\/elcafedepipa.com\/index.php\/2025\/04\/09\/les-plaques-solars-cobriran-el-661-del-consum-energetic-de-lactivitat-turistica-al-paratge-de-sant-josep\/\" aria-label=\"M\u00e9s informaci\u00f3 sobre Les plaques solars cobriran el 66,1% del consum energ\u00e8tic de l&#8217;activitat tur\u00edstica al Paratge de Sant Josep\">Read more<\/a><\/p>\n","protected":false},"author":2,"featured_media":12873,"comment_status":"closed","ping_status":"closed","sticky":false,"template":"","format":"standard","meta":{"om_disable_all_campaigns":false,"_monsterinsights_skip_tracking":false,"_monsterinsights_sitenote_active":false,"_monsterinsights_sitenote_note":"","_monsterinsights_sitenote_category":0,"_uf_show_specific_survey":0,"_uf_disable_surveys":false,"footnotes":""},"categories":[1],"tags":[],"class_list":["post-12871","post","type-post","status-publish","format-standard","has-post-thumbnail","hentry","category-non-classe"],"_links":{"self":[{"href":"https:\/\/elcafedepipa.com\/index.php\/wp-json\/wp\/v2\/posts\/12871","targetHints":{"allow":["GET"]}}],"collection":[{"href":"https:\/\/elcafedepipa.com\/index.php\/wp-json\/wp\/v2\/posts"}],"about":[{"href":"https:\/\/elcafedepipa.com\/index.php\/wp-json\/wp\/v2\/types\/post"}],"author":[{"embeddable":true,"href":"https:\/\/elcafedepipa.com\/index.php\/wp-json\/wp\/v2\/users\/2"}],"replies":[{"embeddable":true,"href":"https:\/\/elcafedepipa.com\/index.php\/wp-json\/wp\/v2\/comments?post=12871"}],"version-history":[{"count":0,"href":"https:\/\/elcafedepipa.com\/index.php\/wp-json\/wp\/v2\/posts\/12871\/revisions"}],"wp:featuredmedia":[{"embeddable":true,"href":"https:\/\/elcafedepipa.com\/index.php\/wp-json\/wp\/v2\/media\/12873"}],"wp:attachment":[{"href":"https:\/\/elcafedepipa.com\/index.php\/wp-json\/wp\/v2\/media?parent=12871"}],"wp:term":[{"taxonomy":"category","embeddable":true,"href":"https:\/\/elcafedepipa.com\/index.php\/wp-json\/wp\/v2\/categories?post=12871"},{"taxonomy":"post_tag","embeddable":true,"href":"https:\/\/elcafedepipa.com\/index.php\/wp-json\/wp\/v2\/tags?post=12871"}],"curies":[{"name":"wp","href":"https:\/\/api.w.org\/{rel}","templated":true}]}}