{"id":12832,"date":"2025-04-09T12:41:08","date_gmt":"2025-04-09T10:41:08","guid":{"rendered":"https:\/\/elcafedepipa.com\/?p=12832"},"modified":"2025-04-09T12:41:09","modified_gmt":"2025-04-09T10:41:09","slug":"aguilella-pp-la-proteccio-de-les-casetes-es-lexemple-que-el-pp-complix-amb-la-defensa-de-la-costa-i-garantix-amb-una-llei-el-seu-futur","status":"publish","type":"post","link":"https:\/\/elcafedepipa.com\/index.php\/2025\/04\/09\/aguilella-pp-la-proteccio-de-les-casetes-es-lexemple-que-el-pp-complix-amb-la-defensa-de-la-costa-i-garantix-amb-una-llei-el-seu-futur\/","title":{"rendered":"Aguilella (PP): \u201cLa protecci\u00f3 de Les Casetes \u00e9s l&#8217;exemple que el PP complix amb la defensa de la costa i garantix amb una llei el seu futur&#8221;."},"content":{"rendered":"\n<p><strong>El secretari general del PPCS, Salvador Aguilella, ha reivindicat hui<\/strong> la \u201cpol\u00edtica dels fets, que complix\u201d i demostra, amb la protecci\u00f3 de Les Casetes, \u201cque les vivendes singulars del nostre litoral tenen futur\u201d. \u201cHo diem i ho fem\u201d<strong>, ha manifestat Aguilella, qui ha celebrat<\/strong> \u201cun canvi en les institucions que exercix una pol\u00edtica que ve a servir als ciutadans, no a servir-se d&#8217;ells\u201d.<\/p>\n\n\n\n<p><strong>El n\u00famero dos del PPCS ha fet estes valoracions posant en valor l&#8217;informe favorable que la Conselleria de Cultura ha em\u00e9s sobre<\/strong> <strong>Les cases de vora mar de la platja de Nules.<\/strong> \u201cUn pas decisiu per a aconseguir la seua declaraci\u00f3 com a B\u00e9 de Rellev\u00e0ncia Local (BRL)\u201d, ha considerat.<\/p>\n\n\n\n<p><strong>Al mateix temps, ha subratllat la<\/strong> \u201cgesti\u00f3 de la paraula donada\u201d que es materialitza en la nova Llei de Protecci\u00f3 i Ordenaci\u00f3 de la Costa Valenciana\u201d. \u201cUn marc legislatiu que concilia els usos de les platges i exercix de fort\u00ed sobre els conjunts immobles tradicionals els valors singulars dels quals s\u00f3n innegables. El futur per a unes vivendes que el Govern de Pedro S\u00e1nchez s&#8217;obstina a derrocar\u201d.<\/p>\n\n\n\n<p>&#8220;I mentres en el Congr\u00e9s la proposici\u00f3 de llei aprovada pel PP al Senat seguix bloquejada, el PSOE aprova partions que com en el cas de Torreblanca, Cabanes, Vinar\u00f2s o Benicarl\u00f3, s\u00f3n lesius per als interessos de la prov\u00edncia\u201d.<strong> \u00c9s per aix\u00f2 que Aguilella considera que <\/strong>\u201cPSOE i Comprom\u00eds actuen en contra de la protecci\u00f3 i defensa de la costa i dels interessos de la prov\u00edncia de Castell\u00f3\u201d, <strong>ha concl\u00f2s el secretari general del PPCS.<\/strong><\/p>\n","protected":false},"excerpt":{"rendered":"<p>El secretari general del PPCS, Salvador Aguilella, ha reivindicat hui la \u201cpol\u00edtica dels fets, que complix\u201d i demostra, amb la protecci\u00f3 de Les Casetes, \u201cque les vivendes singulars del nostre litoral tenen futur\u201d. \u201cHo diem i ho fem\u201d, ha manifestat Aguilella, qui ha celebrat \u201cun canvi en les institucions que exercix una pol\u00edtica que ve &#8230; <a title=\"Aguilella (PP): \u201cLa protecci\u00f3 de Les Casetes \u00e9s l&#8217;exemple que el PP complix amb la defensa de la costa i garantix amb una llei el seu futur&#8221;.\" class=\"read-more\" href=\"https:\/\/elcafedepipa.com\/index.php\/2025\/04\/09\/aguilella-pp-la-proteccio-de-les-casetes-es-lexemple-que-el-pp-complix-amb-la-defensa-de-la-costa-i-garantix-amb-una-llei-el-seu-futur\/\" aria-label=\"M\u00e9s informaci\u00f3 sobre Aguilella (PP): \u201cLa protecci\u00f3 de Les Casetes \u00e9s l&#8217;exemple que el PP complix amb la defensa de la costa i garantix amb una llei el seu futur&#8221;.\">Read more<\/a><\/p>\n","protected":false},"author":2,"featured_media":12833,"comment_status":"closed","ping_status":"closed","sticky":false,"template":"","format":"standard","meta":{"om_disable_all_campaigns":false,"_monsterinsights_skip_tracking":false,"_monsterinsights_sitenote_active":false,"_monsterinsights_sitenote_note":"","_monsterinsights_sitenote_category":0,"_uf_show_specific_survey":0,"_uf_disable_surveys":false,"footnotes":""},"categories":[3],"tags":[],"class_list":["post-12832","post","type-post","status-publish","format-standard","has-post-thumbnail","hentry","category-nules"],"_links":{"self":[{"href":"https:\/\/elcafedepipa.com\/index.php\/wp-json\/wp\/v2\/posts\/12832","targetHints":{"allow":["GET"]}}],"collection":[{"href":"https:\/\/elcafedepipa.com\/index.php\/wp-json\/wp\/v2\/posts"}],"about":[{"href":"https:\/\/elcafedepipa.com\/index.php\/wp-json\/wp\/v2\/types\/post"}],"author":[{"embeddable":true,"href":"https:\/\/elcafedepipa.com\/index.php\/wp-json\/wp\/v2\/users\/2"}],"replies":[{"embeddable":true,"href":"https:\/\/elcafedepipa.com\/index.php\/wp-json\/wp\/v2\/comments?post=12832"}],"version-history":[{"count":0,"href":"https:\/\/elcafedepipa.com\/index.php\/wp-json\/wp\/v2\/posts\/12832\/revisions"}],"wp:featuredmedia":[{"embeddable":true,"href":"https:\/\/elcafedepipa.com\/index.php\/wp-json\/wp\/v2\/media\/12833"}],"wp:attachment":[{"href":"https:\/\/elcafedepipa.com\/index.php\/wp-json\/wp\/v2\/media?parent=12832"}],"wp:term":[{"taxonomy":"category","embeddable":true,"href":"https:\/\/elcafedepipa.com\/index.php\/wp-json\/wp\/v2\/categories?post=12832"},{"taxonomy":"post_tag","embeddable":true,"href":"https:\/\/elcafedepipa.com\/index.php\/wp-json\/wp\/v2\/tags?post=12832"}],"curies":[{"name":"wp","href":"https:\/\/api.w.org\/{rel}","templated":true}]}}