{"id":12824,"date":"2025-04-09T11:34:40","date_gmt":"2025-04-09T09:34:40","guid":{"rendered":"https:\/\/elcafedepipa.com\/?p=12824"},"modified":"2025-04-09T11:34:40","modified_gmt":"2025-04-09T09:34:40","slug":"falomir-exigeix-a-mazon-accio-per-defensar-la-ceramica-i-el-camp-de-castello-davant-lamenaca-aranzelaria-de-trump","status":"publish","type":"post","link":"https:\/\/elcafedepipa.com\/index.php\/2025\/04\/09\/falomir-exigeix-a-mazon-accio-per-defensar-la-ceramica-i-el-camp-de-castello-davant-lamenaca-aranzelaria-de-trump\/","title":{"rendered":"Falomir exigeix a Maz\u00f3n acci\u00f3 per &#8220;defensar la cer\u00e0mica i el camp de Castell\u00f3 davant l&#8217;amena\u00e7a aranzel\u00e0ria de Trump&#8221;."},"content":{"rendered":"\n<p>El secretari general del PSPV de Castell\u00f3, Samuel Falomir, ha valorat positivament l\u2019aprovaci\u00f3 del nou \u201cescut protector\u201d valorat en 14.000 milions d\u2019euros que impulsa el Govern d\u2019Espanya per a<strong> protegir empreses, treballadors i la ciutadania <\/strong>dels efectes de la guerra aranzel\u00e0ria declarada per Donald Trump contra Europa i que impactar\u00e0 de ple en sectors clau per a l\u2019economia castellonenca com la cer\u00e0mica i la citricultura.<\/p>\n\n\n\n<p>\u201cEl Govern d\u2019Espanya ha reaccionat de manera immediata i contundent davant una ofensiva comercial injusta i perillosa que amena\u00e7a de portar al m\u00f3n m\u00e9s inflaci\u00f3, acomiadaments i pobresa\u201d. En aquest sentit, ha assegurat que \u201c\u00e9s una vergonya que VOX li done suport expl\u00edcit a aquest pir\u00f2man\u201d, per a despr\u00e9s sentenciar que \u201cels espanyols i espanyoles no anem a deixar-nos apocar perqu\u00e8 tenim un president, Pedro S\u00e1nchez, que es deixa la pell per a defensar les nostres empreses i el treball de milers de fam\u00edlies\u201d.<\/p>\n\n\n\n<p>\u201cAquest \u00e9s un govern que actua quan cal, que ja va estar al costat de la gent en la pand\u00e8mia i amb la crisi d\u2019Ucra\u00efna, i que ara torna a donar la cara amb una resposta rotunda per a ajudar a diversificar mercats, promoure la internacionalitzaci\u00f3 i protegir l\u2019ocupaci\u00f3 davant els atacs ultra\u201d.<\/p>\n\n\n\n<p>El Pla de Resposta i Rellan\u00e7ament Comercial inclou mesures per a diversificar mercats, facilitar la internacionalitzaci\u00f3 de les xicotetes i mitjanes empreses, protegir les plantilles laborals, activar un fons d\u2019ajuda per als sectors afectats, obrir noves l\u00ednies de garanties de l\u2019ICO, impulsar la contractaci\u00f3 d\u2019assegurances comercials i posar en marxa un pla espec\u00edfic de l\u2019ICEX per ajudar les empreses a consolidar la seua pres\u00e8ncia als Estats Units.<\/p>\n\n\n\n<p>Davant aix\u00f2, el dirigent socialista ha insistit que \u201cara li toca moure fitxa a la Generalitat\u201d. \u201cMaz\u00f3n no pot continuar callat com si aquest problema no anara amb ell. \u00c9s el president de la Comunitat Valenciana i ha de posar recursos sobre la taula per a defensar els sectors m\u00e9s exposats de la nostra economia als desgavells de l\u2019ultradret\u00e0 Trump\u201d. \u201cDes del Consell es poden impulsar ajudes, plans d\u2019acompanyament i accions comercials. El que no es pot \u00e9s quedar-se al marge mentre es juga el futur industrial i agrari de Castell\u00f3\u201d, ha concl\u00f2s Falomir.<\/p>\n","protected":false},"excerpt":{"rendered":"<p>El secretari general del PSPV de Castell\u00f3, Samuel Falomir, ha valorat positivament l\u2019aprovaci\u00f3 del nou \u201cescut protector\u201d valorat en 14.000 milions d\u2019euros que impulsa el Govern d\u2019Espanya per a protegir empreses, treballadors i la ciutadania dels efectes de la guerra aranzel\u00e0ria declarada per Donald Trump contra Europa i que impactar\u00e0 de ple en sectors clau &#8230; <a title=\"Falomir exigeix a Maz\u00f3n acci\u00f3 per &#8220;defensar la cer\u00e0mica i el camp de Castell\u00f3 davant l&#8217;amena\u00e7a aranzel\u00e0ria de Trump&#8221;.\" class=\"read-more\" href=\"https:\/\/elcafedepipa.com\/index.php\/2025\/04\/09\/falomir-exigeix-a-mazon-accio-per-defensar-la-ceramica-i-el-camp-de-castello-davant-lamenaca-aranzelaria-de-trump\/\" aria-label=\"M\u00e9s informaci\u00f3 sobre Falomir exigeix a Maz\u00f3n acci\u00f3 per &#8220;defensar la cer\u00e0mica i el camp de Castell\u00f3 davant l&#8217;amena\u00e7a aranzel\u00e0ria de Trump&#8221;.\">Read more<\/a><\/p>\n","protected":false},"author":2,"featured_media":12825,"comment_status":"closed","ping_status":"closed","sticky":false,"template":"","format":"standard","meta":{"om_disable_all_campaigns":false,"_monsterinsights_skip_tracking":false,"_monsterinsights_sitenote_active":false,"_monsterinsights_sitenote_note":"","_monsterinsights_sitenote_category":0,"_uf_show_specific_survey":0,"_uf_disable_surveys":false,"footnotes":""},"categories":[11],"tags":[],"class_list":["post-12824","post","type-post","status-publish","format-standard","has-post-thumbnail","hentry","category-comunitatvalenciana"],"_links":{"self":[{"href":"https:\/\/elcafedepipa.com\/index.php\/wp-json\/wp\/v2\/posts\/12824","targetHints":{"allow":["GET"]}}],"collection":[{"href":"https:\/\/elcafedepipa.com\/index.php\/wp-json\/wp\/v2\/posts"}],"about":[{"href":"https:\/\/elcafedepipa.com\/index.php\/wp-json\/wp\/v2\/types\/post"}],"author":[{"embeddable":true,"href":"https:\/\/elcafedepipa.com\/index.php\/wp-json\/wp\/v2\/users\/2"}],"replies":[{"embeddable":true,"href":"https:\/\/elcafedepipa.com\/index.php\/wp-json\/wp\/v2\/comments?post=12824"}],"version-history":[{"count":0,"href":"https:\/\/elcafedepipa.com\/index.php\/wp-json\/wp\/v2\/posts\/12824\/revisions"}],"wp:featuredmedia":[{"embeddable":true,"href":"https:\/\/elcafedepipa.com\/index.php\/wp-json\/wp\/v2\/media\/12825"}],"wp:attachment":[{"href":"https:\/\/elcafedepipa.com\/index.php\/wp-json\/wp\/v2\/media?parent=12824"}],"wp:term":[{"taxonomy":"category","embeddable":true,"href":"https:\/\/elcafedepipa.com\/index.php\/wp-json\/wp\/v2\/categories?post=12824"},{"taxonomy":"post_tag","embeddable":true,"href":"https:\/\/elcafedepipa.com\/index.php\/wp-json\/wp\/v2\/tags?post=12824"}],"curies":[{"name":"wp","href":"https:\/\/api.w.org\/{rel}","templated":true}]}}