{"id":12811,"date":"2025-04-09T09:59:44","date_gmt":"2025-04-09T07:59:44","guid":{"rendered":"https:\/\/elcafedepipa.com\/?p=12811"},"modified":"2025-04-09T09:59:45","modified_gmt":"2025-04-09T07:59:45","slug":"el-pspv-demana-a-barrachina-que-no-siga-complice-de-les-retallades-mazon-i-blinde-el-suport-als-municipis-turistics-ampliant-el-fons-de-cooperacio-de-turisme","status":"publish","type":"post","link":"https:\/\/elcafedepipa.com\/index.php\/2025\/04\/09\/el-pspv-demana-a-barrachina-que-no-siga-complice-de-les-retallades-mazon-i-blinde-el-suport-als-municipis-turistics-ampliant-el-fons-de-cooperacio-de-turisme\/","title":{"rendered":"El PSPV demana a Barrachina &#8220;que no siga c\u00f2mplice de les retallades Maz\u00f3n i blinde el suport als municipis tur\u00edstics ampliant el Fons de Cooperaci\u00f3 de Turisme&#8221;."},"content":{"rendered":"\n<p>El<strong> PSPV de la Diputaci\u00f3 de Castell\u00f3 sol\u00b7licitar\u00e0 al Patronat Provincial de Turisme <\/strong>que compense la retallada del 50% que el Consell de Maz\u00f3n t\u00e9 previst aplicar enguany en el Fons de Cooperaci\u00f3 per a municipis tur\u00edstics. <strong>La proposta de la diputada Maria Jim\u00e9nez \u00e9s que<\/strong> &#8220;l\u2019ens vinculat a la corporaci\u00f3 provincial evite que els ajuntaments afectats patisquen una p\u00e8rdua tan dr\u00e0stica d\u2019ingressos&#8221;<strong> i reclama que<\/strong> &#8220;el Patronat augmente la seua aportaci\u00f3 per a cobrir el buit deixat per la Generalitat&#8221;.<\/p>\n\n\n\n<p>\u201cSom una terra que aspira a refor\u00e7ar el seu lloc dins del mapa tur\u00edstic espanyol, per\u00f2 no ho tenim gens f\u00e0cil si la que deuria ser una de les nostres principals aliades, la Generalitat, es converteix en el principal problema\u201d, <strong>ha denunciat Jim\u00e9nez,<\/strong> <strong>que ha advertit que,<\/strong> &#8220;a Castell\u00f3, seran desenes les localitats damnificades per partida doble en cas que Marta Barrachina aplique el mateix criteri que Maz\u00f3n&#8221;.<\/p>\n\n\n\n<p>La diputada d\u2019Orpesa ha explicat que &#8220;el Patronat de Turisme, des que Ximo Puig creara el Fons de Cooperaci\u00f3 per a Turisme, reprodueix cada any l\u2019aportaci\u00f3 de la Generalitat.&#8221; \u201cSi enguany es limita a fer aix\u00f2, la Diputaci\u00f3 ser\u00e0 corresponsable d\u2019aquestes retallades que perjudicaran de forma notable tots els municipis que depenen del turisme per dinamitzar la seua economia\u201d.<\/p>\n\n\n\n<p>\u201cLa soluci\u00f3 ha de ser fer un pas endavant i refor\u00e7ar el suport econ\u00f2mic\u201d, ha afirmat, alhora que ha recordat que cada any hi ha m\u00e9s municipis que obtenen la consideraci\u00f3 de tur\u00edstics, per la qual cosa \u201cmantindre la mateixa aportaci\u00f3 que l\u2019any passat ja suposaria una rebaixa en termes reals\u201d.<\/p>\n\n\n\n<p>\u201cLa pilota est\u00e0 ara al terrat de la Diputaci\u00f3\u201d,<strong> ha insistit la representant del PSPV. \u201c<\/strong>No pot ser c\u00f2mplice de les retallades de Maz\u00f3n. Ha d\u2019estar a l\u2019altura i defensar els interessos econ\u00f2mics i socials de la prov\u00edncia, i m\u00e9s ara que vivim en un escenari internacional cada vegada m\u00e9s incert per les amenaces de Trump. Hem de refor\u00e7ar totes les nostres ind\u00fastries i el turisme \u00e9s una de les m\u00e9s importants\u201d.<\/p>\n\n\n\n<p><\/p>\n","protected":false},"excerpt":{"rendered":"<p>El PSPV de la Diputaci\u00f3 de Castell\u00f3 sol\u00b7licitar\u00e0 al Patronat Provincial de Turisme que compense la retallada del 50% que el Consell de Maz\u00f3n t\u00e9 previst aplicar enguany en el Fons de Cooperaci\u00f3 per a municipis tur\u00edstics. La proposta de la diputada Maria Jim\u00e9nez \u00e9s que &#8220;l\u2019ens vinculat a la corporaci\u00f3 provincial evite que els &#8230; <a title=\"El PSPV demana a Barrachina &#8220;que no siga c\u00f2mplice de les retallades Maz\u00f3n i blinde el suport als municipis tur\u00edstics ampliant el Fons de Cooperaci\u00f3 de Turisme&#8221;.\" class=\"read-more\" href=\"https:\/\/elcafedepipa.com\/index.php\/2025\/04\/09\/el-pspv-demana-a-barrachina-que-no-siga-complice-de-les-retallades-mazon-i-blinde-el-suport-als-municipis-turistics-ampliant-el-fons-de-cooperacio-de-turisme\/\" aria-label=\"M\u00e9s informaci\u00f3 sobre El PSPV demana a Barrachina &#8220;que no siga c\u00f2mplice de les retallades Maz\u00f3n i blinde el suport als municipis tur\u00edstics ampliant el Fons de Cooperaci\u00f3 de Turisme&#8221;.\">Read more<\/a><\/p>\n","protected":false},"author":2,"featured_media":12813,"comment_status":"closed","ping_status":"closed","sticky":false,"template":"","format":"standard","meta":{"om_disable_all_campaigns":false,"_monsterinsights_skip_tracking":false,"_monsterinsights_sitenote_active":false,"_monsterinsights_sitenote_note":"","_monsterinsights_sitenote_category":0,"_uf_show_specific_survey":0,"_uf_disable_surveys":false,"footnotes":""},"categories":[11],"tags":[],"class_list":["post-12811","post","type-post","status-publish","format-standard","has-post-thumbnail","hentry","category-comunitatvalenciana"],"_links":{"self":[{"href":"https:\/\/elcafedepipa.com\/index.php\/wp-json\/wp\/v2\/posts\/12811","targetHints":{"allow":["GET"]}}],"collection":[{"href":"https:\/\/elcafedepipa.com\/index.php\/wp-json\/wp\/v2\/posts"}],"about":[{"href":"https:\/\/elcafedepipa.com\/index.php\/wp-json\/wp\/v2\/types\/post"}],"author":[{"embeddable":true,"href":"https:\/\/elcafedepipa.com\/index.php\/wp-json\/wp\/v2\/users\/2"}],"replies":[{"embeddable":true,"href":"https:\/\/elcafedepipa.com\/index.php\/wp-json\/wp\/v2\/comments?post=12811"}],"version-history":[{"count":0,"href":"https:\/\/elcafedepipa.com\/index.php\/wp-json\/wp\/v2\/posts\/12811\/revisions"}],"wp:featuredmedia":[{"embeddable":true,"href":"https:\/\/elcafedepipa.com\/index.php\/wp-json\/wp\/v2\/media\/12813"}],"wp:attachment":[{"href":"https:\/\/elcafedepipa.com\/index.php\/wp-json\/wp\/v2\/media?parent=12811"}],"wp:term":[{"taxonomy":"category","embeddable":true,"href":"https:\/\/elcafedepipa.com\/index.php\/wp-json\/wp\/v2\/categories?post=12811"},{"taxonomy":"post_tag","embeddable":true,"href":"https:\/\/elcafedepipa.com\/index.php\/wp-json\/wp\/v2\/tags?post=12811"}],"curies":[{"name":"wp","href":"https:\/\/api.w.org\/{rel}","templated":true}]}}