{"id":12808,"date":"2025-04-09T09:38:37","date_gmt":"2025-04-09T07:38:37","guid":{"rendered":"https:\/\/elcafedepipa.com\/?p=12808"},"modified":"2025-04-09T09:38:37","modified_gmt":"2025-04-09T07:38:37","slug":"nules-incrementa-en-un-any-la-quantitat-de-residus-reciclats","status":"publish","type":"post","link":"https:\/\/elcafedepipa.com\/index.php\/2025\/04\/09\/nules-incrementa-en-un-any-la-quantitat-de-residus-reciclats\/","title":{"rendered":"Nules incrementa en un any la quantitat de residus reciclats."},"content":{"rendered":"\n<p><strong>La poblaci\u00f3 de Nules ha incrementat en un any la quantitat de residus reciclats,<\/strong> aix\u00ed ho ha manifestat hui el regidor de Medi Ambient, C\u00e9sar Esta\u00f1ol, al fer balan\u00e7 de l\u2019evoluci\u00f3 de la recollida de residus urbans durant l\u2019any 2024. En aquest sentit, cal assenyalar que el ve\u00efnat de Nules ha passat de separar els residus en un<strong> 16,17 %<\/strong> al llarg de l\u2019any 2023 a un<strong> 22,1%<\/strong> l\u2019any 2024.<\/p>\n\n\n\n<p>De manera que, des de la<strong> Regidoria de Medi Ambient<\/strong> es valora positivament aquest increment \u201canem millorant poc a poc despr\u00e9s que l\u2019any 2023 s\u2019implantara el nou servei de recollida i de les bateries de contenidors per a diferents residus urbans com l\u2019org\u00e0nica, s\u2019est\u00e0 aconseguint aix\u00ed unes millors dades anuals. Aix\u00ed, la quantitat de residus recollits a la fracci\u00f3 de restes ha disminu\u00eft el que indica una millora en la separaci\u00f3\u201d.<\/p>\n\n\n\n<p>Tamb\u00e9 es registra m\u00e9s reciclatge d\u2019envasos amb un fort increment respecte l\u2019any 2023, aix\u00ed mateix la fracci\u00f3 d\u2019org\u00e0nica segueix consolidant-se, i el paper-cart\u00f3 es mant\u00e9 estable amb les corresponents variacions estacionals.<\/p>\n\n\n\n<p>En concret, aquest any passat s\u2019han recollit 3.997.840 kg de restes el que suposa un 77%; d\u2019org\u00e0nica 361.100 kg, es a dir un 7%; d\u2019envasos 475.420 kg que es tradueix en 9%; i de paper i cart\u00f3 s\u2019han recollit 142.860 kg que equival al 3%.<\/p>\n\n\n\n<p>No obstant aix\u00f2, cal destacar que encara hi ha un percentatge important de poblaci\u00f3 que no separa, per tant el regidor de Medi Ambient, C\u00e9sar Esta\u00f1ol, comenta al respecte que \u201caquestes dades s\u00f3n positives perqu\u00e8 hem aconseguit un increment important al llarg de l\u2019any per\u00f2 som conscients que encara queda molt de treball per fer per a arribar als objectius que ens marca la Uni\u00f3 Europea\u201d.<\/p>\n\n\n\n<p>Davant a\u00e7\u00f2, cal recordar que la Uni\u00f3 Europea fixa en un 40% la separaci\u00f3 correcta de residus urbans per a l\u2019any 2025, amb la imposici\u00f3 de sancions als municipis que no arriben a aquest percentatge, \u201cper tant \u00e9s un repte dif\u00edcil per\u00f2 seguirem portant a terme accions per a aconseguir-lo\u201d, matisa Esta\u00f1ol.<\/p>\n\n\n\n<p>Des de l\u2019Ajuntament de Nules s\u2019han realitzant durant tot l\u2019any 2024 diferents accions i campanyes de sensibilitzaci\u00f3 de la ciutadania, a m\u00e9s s\u2019han publicat follets explicatius i s\u2019han repartit tamb\u00e9 recipients per a que el ve\u00efnat puga separar els residus f\u00e0cilment a casa.<\/p>\n","protected":false},"excerpt":{"rendered":"<p>La poblaci\u00f3 de Nules ha incrementat en un any la quantitat de residus reciclats, aix\u00ed ho ha manifestat hui el regidor de Medi Ambient, C\u00e9sar Esta\u00f1ol, al fer balan\u00e7 de l\u2019evoluci\u00f3 de la recollida de residus urbans durant l\u2019any 2024. En aquest sentit, cal assenyalar que el ve\u00efnat de Nules ha passat de separar els &#8230; <a title=\"Nules incrementa en un any la quantitat de residus reciclats.\" class=\"read-more\" href=\"https:\/\/elcafedepipa.com\/index.php\/2025\/04\/09\/nules-incrementa-en-un-any-la-quantitat-de-residus-reciclats\/\" aria-label=\"M\u00e9s informaci\u00f3 sobre Nules incrementa en un any la quantitat de residus reciclats.\">Read more<\/a><\/p>\n","protected":false},"author":2,"featured_media":12809,"comment_status":"closed","ping_status":"closed","sticky":false,"template":"","format":"standard","meta":{"om_disable_all_campaigns":false,"_monsterinsights_skip_tracking":false,"_monsterinsights_sitenote_active":false,"_monsterinsights_sitenote_note":"","_monsterinsights_sitenote_category":0,"_uf_show_specific_survey":0,"_uf_disable_surveys":false,"footnotes":""},"categories":[3],"tags":[],"class_list":["post-12808","post","type-post","status-publish","format-standard","has-post-thumbnail","hentry","category-nules"],"_links":{"self":[{"href":"https:\/\/elcafedepipa.com\/index.php\/wp-json\/wp\/v2\/posts\/12808","targetHints":{"allow":["GET"]}}],"collection":[{"href":"https:\/\/elcafedepipa.com\/index.php\/wp-json\/wp\/v2\/posts"}],"about":[{"href":"https:\/\/elcafedepipa.com\/index.php\/wp-json\/wp\/v2\/types\/post"}],"author":[{"embeddable":true,"href":"https:\/\/elcafedepipa.com\/index.php\/wp-json\/wp\/v2\/users\/2"}],"replies":[{"embeddable":true,"href":"https:\/\/elcafedepipa.com\/index.php\/wp-json\/wp\/v2\/comments?post=12808"}],"version-history":[{"count":0,"href":"https:\/\/elcafedepipa.com\/index.php\/wp-json\/wp\/v2\/posts\/12808\/revisions"}],"wp:featuredmedia":[{"embeddable":true,"href":"https:\/\/elcafedepipa.com\/index.php\/wp-json\/wp\/v2\/media\/12809"}],"wp:attachment":[{"href":"https:\/\/elcafedepipa.com\/index.php\/wp-json\/wp\/v2\/media?parent=12808"}],"wp:term":[{"taxonomy":"category","embeddable":true,"href":"https:\/\/elcafedepipa.com\/index.php\/wp-json\/wp\/v2\/categories?post=12808"},{"taxonomy":"post_tag","embeddable":true,"href":"https:\/\/elcafedepipa.com\/index.php\/wp-json\/wp\/v2\/tags?post=12808"}],"curies":[{"name":"wp","href":"https:\/\/api.w.org\/{rel}","templated":true}]}}