{"id":12678,"date":"2025-04-07T10:00:16","date_gmt":"2025-04-07T08:00:16","guid":{"rendered":"https:\/\/elcafedepipa.com\/?p=12678"},"modified":"2025-04-07T12:29:54","modified_gmt":"2025-04-07T10:29:54","slug":"nules-alberga-la-xxxii-processo-diocesana-de-confraries-germandats-i-associacions-de-setmana-santa","status":"publish","type":"post","link":"https:\/\/elcafedepipa.com\/index.php\/2025\/04\/07\/nules-alberga-la-xxxii-processo-diocesana-de-confraries-germandats-i-associacions-de-setmana-santa\/","title":{"rendered":"Nules alberga la XXXII process\u00f3 diocesana de confraries, germandats i associacions de Setmana Santa"},"content":{"rendered":"\n<p>La localitat de Nules ha albergat hui la XXXII Process\u00f3 Diocesana de Confraries, Germandats i Associacions de Setmana Santa amb la participaci\u00f3 del voltant de1.500 persones procedents de tota la Di\u00f2cesi de Segorb-Castell\u00f3. De manera que, han estat unes 40 confraries de Setmana Santa les que s\u2019han donat cita a<br>Nules. <\/p>\n\n\n\n<p>La process\u00f3 ha estat presidida pel Bisbe de la Di\u00f2cesi de Sergorb-Castell\u00f3, Casimino L\u00f3pez, juntament amb l\u2019Alcalde de Nules, David Garc\u00eda, i dels membres de la Corporaci\u00f3 Municipal, i de la Junta Diocesana.<\/p>\n\n\n\n<p>Cal assenyalar que ha estat la Germandat de Nazarenos de la Pur\u00edssima Sang de Nules qui ha organitzat aquest esdeveniment religi\u00f3s amb la col\u00b7laboraci\u00f3 de l\u2019Ajuntament de Nules. Precisament, aquesta confraria va sol\u00b7licitar en el seu dia acollir i organitzar la process\u00f3 diocesana d\u2019aquest any al coincidir amb el seu 85 aniversari. <\/p>\n\n\n\n<p>De fet, la Confraria de la Pur\u00edssima Sang de Nules es remunta a l\u2019any 1597 i es va refundar a l\u2019any 1940 a la Germandat de Nazarenos de la Pur\u00edssima Sang, per aquest motiu aquest any 2025 es compleix el seu 85 aniversari.<\/p>\n\n\n\n<p><br>Des de la Regidoria de Tradicions, Ram\u00f3n Mart\u00ednez, destaca la import\u00e0ncia d\u2019aquest acte per al municipi, \u201cdes del consistori donem suport a aquest esdeveniment amb el qual es vol donar visibilitat a aquestes entitats religioses que formen part de la cultura i tradici\u00f3 dels nostres pobles, i que estan formades per diferents generacions que van prenen el relleu dels seus avantpassats\u201d. <\/p>\n\n\n\n<p><\/p>\n","protected":false},"excerpt":{"rendered":"<p>La localitat de Nules ha albergat hui la XXXII Process\u00f3 Diocesana de Confraries, Germandats i Associacions de Setmana Santa amb la participaci\u00f3 del voltant de1.500 persones procedents de tota la Di\u00f2cesi de Segorb-Castell\u00f3. De manera que, han estat unes 40 confraries de Setmana Santa les que s\u2019han donat cita aNules. La process\u00f3 ha estat presidida &#8230; <a title=\"Nules alberga la XXXII process\u00f3 diocesana de confraries, germandats i associacions de Setmana Santa\" class=\"read-more\" href=\"https:\/\/elcafedepipa.com\/index.php\/2025\/04\/07\/nules-alberga-la-xxxii-processo-diocesana-de-confraries-germandats-i-associacions-de-setmana-santa\/\" aria-label=\"M\u00e9s informaci\u00f3 sobre Nules alberga la XXXII process\u00f3 diocesana de confraries, germandats i associacions de Setmana Santa\">Read more<\/a><\/p>\n","protected":false},"author":2,"featured_media":12689,"comment_status":"closed","ping_status":"closed","sticky":false,"template":"","format":"standard","meta":{"om_disable_all_campaigns":false,"_monsterinsights_skip_tracking":false,"_monsterinsights_sitenote_active":false,"_monsterinsights_sitenote_note":"","_monsterinsights_sitenote_category":0,"_uf_show_specific_survey":0,"_uf_disable_surveys":false,"footnotes":""},"categories":[3],"tags":[],"class_list":["post-12678","post","type-post","status-publish","format-standard","has-post-thumbnail","hentry","category-nules"],"_links":{"self":[{"href":"https:\/\/elcafedepipa.com\/index.php\/wp-json\/wp\/v2\/posts\/12678","targetHints":{"allow":["GET"]}}],"collection":[{"href":"https:\/\/elcafedepipa.com\/index.php\/wp-json\/wp\/v2\/posts"}],"about":[{"href":"https:\/\/elcafedepipa.com\/index.php\/wp-json\/wp\/v2\/types\/post"}],"author":[{"embeddable":true,"href":"https:\/\/elcafedepipa.com\/index.php\/wp-json\/wp\/v2\/users\/2"}],"replies":[{"embeddable":true,"href":"https:\/\/elcafedepipa.com\/index.php\/wp-json\/wp\/v2\/comments?post=12678"}],"version-history":[{"count":0,"href":"https:\/\/elcafedepipa.com\/index.php\/wp-json\/wp\/v2\/posts\/12678\/revisions"}],"wp:featuredmedia":[{"embeddable":true,"href":"https:\/\/elcafedepipa.com\/index.php\/wp-json\/wp\/v2\/media\/12689"}],"wp:attachment":[{"href":"https:\/\/elcafedepipa.com\/index.php\/wp-json\/wp\/v2\/media?parent=12678"}],"wp:term":[{"taxonomy":"category","embeddable":true,"href":"https:\/\/elcafedepipa.com\/index.php\/wp-json\/wp\/v2\/categories?post=12678"},{"taxonomy":"post_tag","embeddable":true,"href":"https:\/\/elcafedepipa.com\/index.php\/wp-json\/wp\/v2\/tags?post=12678"}],"curies":[{"name":"wp","href":"https:\/\/api.w.org\/{rel}","templated":true}]}}