{"id":12674,"date":"2025-04-07T09:37:33","date_gmt":"2025-04-07T07:37:33","guid":{"rendered":"https:\/\/elcafedepipa.com\/?p=12674"},"modified":"2025-04-07T09:37:34","modified_gmt":"2025-04-07T07:37:34","slug":"aguilella-ppcs-reivindica-un-canvi-politic-per-a-fer-fora-pedro-sanchez-i-permetre-lacces-dels-joves-a-lhabitatge","status":"publish","type":"post","link":"https:\/\/elcafedepipa.com\/index.php\/2025\/04\/07\/aguilella-ppcs-reivindica-un-canvi-politic-per-a-fer-fora-pedro-sanchez-i-permetre-lacces-dels-joves-a-lhabitatge\/","title":{"rendered":"Aguilella (PPCS) reivindica un canvi pol\u00edtic per a &#8220;fer fora Pedro S\u00e1nchez i permetre l&#8217;acc\u00e9s dels joves a l&#8217;habitatge&#8221;"},"content":{"rendered":"\n<p>El secretari general del PPCS, Salvador Aguilella, considera que \u201cles solucions arribaran amb un canvi de cicle que nom\u00e9s el PP pot liderar amb la pol\u00edtica \u00fatil que exerceix en les institucions\u201d.<\/p>\n\n\n\n<p>La pol\u00edtica \u201csect\u00e0ria i fracassada de S\u00e1nchez ha deixat els joves castellonencs sense futur: nom\u00e9s 1 de cada 6 pot emancipar-se abans dels 30 anys, la pitjor dada de la hist\u00f2ria&#8221;. <\/p>\n\n\n\n<p>Assegura que les oportunitats a les quals aspiren els joves \u201cestan m\u00e9s a prop\u201d perqu\u00e8 l\u2019eixida de Pedro S\u00e1nchez est\u00e0 \u201ccada vegada m\u00e9s a prop\u201d. \u201cLes solucions i el futur nom\u00e9s les garanteix el Partit Popular\u201d, <strong>declara Aguilella.<\/strong><\/p>\n\n\n\n<p>Les mesures del Govern del PP a la Comunitat Valenciana ja beneficien m\u00e9s de 5.000 joves a la prov\u00edncia: Pla Vive, Bo Lloguer Jove, ajudes per a comprar habitatge a l\u2019interior, rebaixes fiscals i supressi\u00f3 de l\u2019impost de donacions.<\/p>\n\n\n\n<p><strong>E<\/strong>l secretari general del Partit Popular de Castell\u00f3, Salvador Aguilella, ha assegurat hui que l&#8217;acc\u00e9s a l\u2019habitatge per als joves nom\u00e9s ser\u00e0 possible amb un canvi pol\u00edtic que traga Pedro S\u00e1nchez del Govern&#8221;. \u201cMentre a Europa els joves s\u2019emancipen amb 26 anys, a Espanya ho fan amb m\u00e9s de 30 anys. A Castell\u00f3, nom\u00e9s 1 de cada 6 ho aconsegueix abans d\u2019eixa edat. \u00c9s la pitjor dada de la hist\u00f2ria\u201d, ha denunciat.<\/p>\n\n\n\n<p>Aix\u00ed ho ha reconegut el n\u00famero dos del PPCS a la prov\u00edncia de Castell\u00f3, qui ha augurat que la marxa del l\u00edder dels socialistes \u201cest\u00e0 cada vegada m\u00e9s a prop\u201d i, amb ella, \u201cles solucions i el futur que nom\u00e9s el PP garanteix\u201d.<\/p>\n\n\n\n<p>En una prov\u00edncia que pateix un d\u00e8ficit de 50.000 habitatges, \u201cel preu de l\u2019habitatge s\u2019ha disparat un 23,55% en l\u2019\u00faltim any\u201d. Benicarl\u00f3 va registrar l\u2019augment m\u00e9s gran, amb un 22,83%, seguit de Vinar\u00f2s, amb un 13,78%, o Vila-real, amb un 12,89%, mentre que la ciutat de Castell\u00f3 va registrar una pujada del 9,1%. \u201cI si comprar \u00e9s car, llogar tamb\u00e9 ho \u00e9s\u201d. Nom\u00e9s en 2024 el preu del lloguer va pujar un 8,5% i a la capital va arribar a l\u201911,3%.<\/p>\n\n\n\n<p>En este escenari, \u201cla pol\u00edtica sect\u00e0ria i fracassada de Pedro S\u00e1nchez ha sigut el pitjor problema per a qui busca emancipar-se\u201d perqu\u00e8 \u201ca m\u00e9s de no construir, el Govern del PSOE ha sembrat inseguretat jur\u00eddica entre els propietaris, alentant l\u2019ocupaci\u00f3 i desactivant l\u2019oferta de lloguer\u201d.<\/p>\n\n\n\n<p>I per \u00faltim, l\u2019impost de donacions, que s\u2019ha suprimit. \u201cUn tribut injust que sancionava les fam\u00edlies que desitjaven ajudar els seus fills amb els estalvis de tota una vida i que l\u2019esquerra es negava a eliminar. Hui ha desaparegut i s\u2019han incrementat un 40% este tipus de donacions. S\u00f3n fets que constaten que complim\u201d, ha concl\u00f2s el secretari general del Partit Popular a Castell\u00f3.<\/p>\n\n\n\n<p><\/p>\n","protected":false},"excerpt":{"rendered":"<p>El secretari general del PPCS, Salvador Aguilella, considera que \u201cles solucions arribaran amb un canvi de cicle que nom\u00e9s el PP pot liderar amb la pol\u00edtica \u00fatil que exerceix en les institucions\u201d. La pol\u00edtica \u201csect\u00e0ria i fracassada de S\u00e1nchez ha deixat els joves castellonencs sense futur: nom\u00e9s 1 de cada 6 pot emancipar-se abans dels &#8230; <a title=\"Aguilella (PPCS) reivindica un canvi pol\u00edtic per a &#8220;fer fora Pedro S\u00e1nchez i permetre l&#8217;acc\u00e9s dels joves a l&#8217;habitatge&#8221;\" class=\"read-more\" href=\"https:\/\/elcafedepipa.com\/index.php\/2025\/04\/07\/aguilella-ppcs-reivindica-un-canvi-politic-per-a-fer-fora-pedro-sanchez-i-permetre-lacces-dels-joves-a-lhabitatge\/\" aria-label=\"M\u00e9s informaci\u00f3 sobre Aguilella (PPCS) reivindica un canvi pol\u00edtic per a &#8220;fer fora Pedro S\u00e1nchez i permetre l&#8217;acc\u00e9s dels joves a l&#8217;habitatge&#8221;\">Read more<\/a><\/p>\n","protected":false},"author":2,"featured_media":12675,"comment_status":"closed","ping_status":"closed","sticky":false,"template":"","format":"standard","meta":{"om_disable_all_campaigns":false,"_monsterinsights_skip_tracking":false,"_monsterinsights_sitenote_active":false,"_monsterinsights_sitenote_note":"","_monsterinsights_sitenote_category":0,"_uf_show_specific_survey":0,"_uf_disable_surveys":false,"footnotes":""},"categories":[11],"tags":[],"class_list":["post-12674","post","type-post","status-publish","format-standard","has-post-thumbnail","hentry","category-comunitatvalenciana"],"_links":{"self":[{"href":"https:\/\/elcafedepipa.com\/index.php\/wp-json\/wp\/v2\/posts\/12674","targetHints":{"allow":["GET"]}}],"collection":[{"href":"https:\/\/elcafedepipa.com\/index.php\/wp-json\/wp\/v2\/posts"}],"about":[{"href":"https:\/\/elcafedepipa.com\/index.php\/wp-json\/wp\/v2\/types\/post"}],"author":[{"embeddable":true,"href":"https:\/\/elcafedepipa.com\/index.php\/wp-json\/wp\/v2\/users\/2"}],"replies":[{"embeddable":true,"href":"https:\/\/elcafedepipa.com\/index.php\/wp-json\/wp\/v2\/comments?post=12674"}],"version-history":[{"count":0,"href":"https:\/\/elcafedepipa.com\/index.php\/wp-json\/wp\/v2\/posts\/12674\/revisions"}],"wp:featuredmedia":[{"embeddable":true,"href":"https:\/\/elcafedepipa.com\/index.php\/wp-json\/wp\/v2\/media\/12675"}],"wp:attachment":[{"href":"https:\/\/elcafedepipa.com\/index.php\/wp-json\/wp\/v2\/media?parent=12674"}],"wp:term":[{"taxonomy":"category","embeddable":true,"href":"https:\/\/elcafedepipa.com\/index.php\/wp-json\/wp\/v2\/categories?post=12674"},{"taxonomy":"post_tag","embeddable":true,"href":"https:\/\/elcafedepipa.com\/index.php\/wp-json\/wp\/v2\/tags?post=12674"}],"curies":[{"name":"wp","href":"https:\/\/api.w.org\/{rel}","templated":true}]}}