{"id":12665,"date":"2025-04-05T11:30:00","date_gmt":"2025-04-05T09:30:00","guid":{"rendered":"https:\/\/elcafedepipa.com\/?p=12665"},"modified":"2025-04-04T14:12:37","modified_gmt":"2025-04-04T12:12:37","slug":"marta-barrachina-el-pp-oferix-solucions-als-jovens-per-a-facilitar-la-seua-independencia-amb-vivendes-a-preus-assequibles-i-ajudes-directes","status":"publish","type":"post","link":"https:\/\/elcafedepipa.com\/index.php\/2025\/04\/05\/marta-barrachina-el-pp-oferix-solucions-als-jovens-per-a-facilitar-la-seua-independencia-amb-vivendes-a-preus-assequibles-i-ajudes-directes\/","title":{"rendered":"Marta Barrachina: &#8220;El PP oferix solucions als j\u00f3vens per a facilitar la seua independ\u00e8ncia amb vivendes a preus assequibles i ajudes directes\u201d"},"content":{"rendered":"\n<p>La presidenta provincial del PPCS, Marta Barrachina, ha def\u00e9s hui les pol\u00edtiques del Partit Popular com les \u00faniques capaces de garantir als j\u00f3vens l&#8217;acc\u00e9s a una vivenda digna. \u201cHo diem i ho fem donant solucions que creguen llars a preus assequibles i atorguen ajudes directes. Un projecte del qual hui ja s&#8217;han beneficiat 200 j\u00f3vens de Castell\u00f3 que han rebut un suport econ\u00f2mic directe per a comprar una vivenda en el nostre interior\u201d.<\/p>\n\n\n\n<p>Les declaracions les ha formulades al costat de la secret\u00e0ria general del PP, Cuca Gamarra, i la presidenta del PP a la ciutat de Castell\u00f3, Bego\u00f1a Carrasco, evidenciant \u201cun problema important i urgent, com \u00e9s l&#8217;acc\u00e9s a la vivenda, que el PP est\u00e0 decidit a solucionar amb mesures eficaces que hui es complixen\u201d.<\/p>\n\n\n\n<p>Des d&#8217;un solar destinat a la promoci\u00f3 de vivendes protegides a la ciutat de Castell\u00f3, \u201chui fem all\u00f2 a qu\u00e8 ens vam comprometre. Complim la paraula donada amb la presa de decisions que projecten a la nostra prov\u00edncia vivendes<\/p>\n\n\n\n<p>p\u00fabliques a trav\u00e9s del Pla Viu, al qual s&#8217;han destinat m\u00e9s de 304 milions d&#8217;euros i al qual se sumen els 10,5 milions dedicats al lloguer entre els j\u00f3vens\u201d.<\/p>\n\n\n\n<p>Accions \u201cque donen solucions\u201d i que permeten que hui 200 j\u00f3vens de la prov\u00edncia hagen pogut comprar vivenda a l&#8217;interior amb la l\u00ednia de 2,7 milions d&#8217;euros destinada als pobles xicotets\u201d. Mesures en positiu que permetran que prompte vegen la llum promociones de vivendes protegides en municipis com Castell\u00f3, Borriana, Benicarl\u00f3, Vinar\u00f2s i Les Alqueries. \u201cLa nostra gesti\u00f3 dona respostes eficaces a una situaci\u00f3 desesperada provocada per un Govern d&#8217;Espanya que ni est\u00e0 ni se li espera\u201d, ha manifestat la presidenta provincial del PPCS.<\/p>\n\n\n\n<p>&#8220;En estos moments, gr\u00e0cies a l&#8217;impuls de l&#8217;Ajuntament de Castell\u00f3 governat pel Partit Popular, estan en marxa diverses Unitats d&#8217;Execuci\u00f3 que permetran la construcci\u00f3 d&#8217;un gran nombre de vivendes per a pal\u00b7liar este problema a la ciutat de Castell\u00f3 enfront del qual nom\u00e9s hem vist la inacci\u00f3 i falta de solucions per part dels governs del PSOE i Comprom\u00eds\u201d, ha explicat en la seua intervenci\u00f3 Bego\u00f1a Carrasco.<\/p>\n\n\n\n<p>Tres d&#8217;estes parcel\u00b7les s\u00f3n \u201cles de Donoso Cort\u00e9s o la de la zona al costat del Col\u00b7legi Soler i Godes. O, on hui ens trobem, en el Censal\u201d, ha declarat Carrasco, \u201camb un nou Pla Parcial\u201d.<\/p>\n\n\n\n<p>Seran un total de 1.624 vivendes de les quals 665 seran Vivendes de Protecci\u00f3 P\u00fablica (VPP). \u201cO cosa que \u00e9s el mateix, m\u00e9s del 40% d&#8217;estes noves vivendes per a facilitar l&#8217;acc\u00e9s als m\u00e9s j\u00f3vens\u201d, ha ressaltat.<\/p>\n\n\n\n<p>En la seua intervenci\u00f3, Marta Barrachina ha lamentat l&#8217;acci\u00f3 lesiva de Pedro S\u00e1nchez que \u201cni fa, ni deixa fer\u201d. \u201cL&#8217;\u00faltima ocurr\u00e8ncia del Govern del PSOE, de la ministra Montero, ha sigut prohibir als ajuntaments i a les diputacions usar els diners dels ciutadans per a millorar el seu dia a dia\u201d.<\/p>\n\n\n\n<p>El resultat de \u201cla bona gesti\u00f3\u201d, que genera \u201cestalvis en les institucions\u201d, queda hui bloquejada pel Ministeri d&#8217;Hisenda \u201cque invadix compet\u00e8ncies i dona un nou colp a la prov\u00edncia al qual se suma l&#8217;infrafinan\u00e7ament amb la qual ens escanya\u201d. \u201cEs van comprometre a avan\u00e7ar en un nou model del qual no hi ha res\u201d.<\/p>\n\n\n\n<p>En el PPCS \u201ccontinuarem treballant on vam governar amb les bones idees que hui s\u00f3n realitats per als qui busquen una llar. Amb les propostes eficaces que milloren el problema de la vivenda. Amb fets, complint. Tal com ens van encomanar per majoria els ciutadans i ciutadanes de la nostra prov\u00edncia\u201d, ha concl\u00f2s Marta Barrachina.<\/p>\n","protected":false},"excerpt":{"rendered":"<p>La presidenta provincial del PPCS, Marta Barrachina, ha def\u00e9s hui les pol\u00edtiques del Partit Popular com les \u00faniques capaces de garantir als j\u00f3vens l&#8217;acc\u00e9s a una vivenda digna. \u201cHo diem i ho fem donant solucions que creguen llars a preus assequibles i atorguen ajudes directes. Un projecte del qual hui ja s&#8217;han beneficiat 200 j\u00f3vens &#8230; <a title=\"Marta Barrachina: &#8220;El PP oferix solucions als j\u00f3vens per a facilitar la seua independ\u00e8ncia amb vivendes a preus assequibles i ajudes directes\u201d\" class=\"read-more\" href=\"https:\/\/elcafedepipa.com\/index.php\/2025\/04\/05\/marta-barrachina-el-pp-oferix-solucions-als-jovens-per-a-facilitar-la-seua-independencia-amb-vivendes-a-preus-assequibles-i-ajudes-directes\/\" aria-label=\"M\u00e9s informaci\u00f3 sobre Marta Barrachina: &#8220;El PP oferix solucions als j\u00f3vens per a facilitar la seua independ\u00e8ncia amb vivendes a preus assequibles i ajudes directes\u201d\">Read more<\/a><\/p>\n","protected":false},"author":2,"featured_media":12666,"comment_status":"closed","ping_status":"closed","sticky":false,"template":"","format":"standard","meta":{"om_disable_all_campaigns":false,"_monsterinsights_skip_tracking":false,"_monsterinsights_sitenote_active":false,"_monsterinsights_sitenote_note":"","_monsterinsights_sitenote_category":0,"_uf_show_specific_survey":0,"_uf_disable_surveys":false,"footnotes":""},"categories":[10],"tags":[],"class_list":["post-12665","post","type-post","status-publish","format-standard","has-post-thumbnail","hentry","category-provinciadecastello"],"_links":{"self":[{"href":"https:\/\/elcafedepipa.com\/index.php\/wp-json\/wp\/v2\/posts\/12665","targetHints":{"allow":["GET"]}}],"collection":[{"href":"https:\/\/elcafedepipa.com\/index.php\/wp-json\/wp\/v2\/posts"}],"about":[{"href":"https:\/\/elcafedepipa.com\/index.php\/wp-json\/wp\/v2\/types\/post"}],"author":[{"embeddable":true,"href":"https:\/\/elcafedepipa.com\/index.php\/wp-json\/wp\/v2\/users\/2"}],"replies":[{"embeddable":true,"href":"https:\/\/elcafedepipa.com\/index.php\/wp-json\/wp\/v2\/comments?post=12665"}],"version-history":[{"count":0,"href":"https:\/\/elcafedepipa.com\/index.php\/wp-json\/wp\/v2\/posts\/12665\/revisions"}],"wp:featuredmedia":[{"embeddable":true,"href":"https:\/\/elcafedepipa.com\/index.php\/wp-json\/wp\/v2\/media\/12666"}],"wp:attachment":[{"href":"https:\/\/elcafedepipa.com\/index.php\/wp-json\/wp\/v2\/media?parent=12665"}],"wp:term":[{"taxonomy":"category","embeddable":true,"href":"https:\/\/elcafedepipa.com\/index.php\/wp-json\/wp\/v2\/categories?post=12665"},{"taxonomy":"post_tag","embeddable":true,"href":"https:\/\/elcafedepipa.com\/index.php\/wp-json\/wp\/v2\/tags?post=12665"}],"curies":[{"name":"wp","href":"https:\/\/api.w.org\/{rel}","templated":true}]}}