{"id":12646,"date":"2025-04-05T12:50:02","date_gmt":"2025-04-05T10:50:02","guid":{"rendered":"https:\/\/elcafedepipa.com\/?p=12646"},"modified":"2025-04-04T12:51:36","modified_gmt":"2025-04-04T10:51:36","slug":"transformacio-taller-de-grafiti-amb-a-k-llar","status":"publish","type":"post","link":"https:\/\/elcafedepipa.com\/index.php\/2025\/04\/05\/transformacio-taller-de-grafiti-amb-a-k-llar\/","title":{"rendered":"Transformaci\u00f3: Taller de Grafiti amb A.K.Llar"},"content":{"rendered":"\n<p>L\u2019exposici\u00f3&nbsp;<em>Transformaci\u00f3: 10 anys de relacions art\u00edstiques Castell\u00f3-Berl\u00edn<\/em>, de la Sala Sant Miquel de la Fundaci\u00f3 Caixa Castell\u00f3, explora l\u2019art com un proc\u00e9s de canvi constant, on la creativitat es converteix en una eina per a reinterpretar l\u2019entorn i la identitat. L\u2019exposici\u00f3 recull la feina dels artistes becats per l\u2019Ajuntament de Castell\u00f3 durant l\u2019\u00faltima d\u00e8cada per realitzar una estada de llarga durada a la Resid\u00e8ncia Art\u00edstica&nbsp;<a href=\"http:\/\/glogauair.net\/\">GlogauAir<\/a>&nbsp;a Berl\u00edn.<\/p>\n\n\n\n<p>En aquest context, el grafit a Berl\u00edn ha estat un s\u00edmbol clau de transformaci\u00f3 urbana i social, marcant la hist\u00f2ria de la ciutat com un espai de resist\u00e8ncia, expressi\u00f3 i reconstrucci\u00f3 despr\u00e9s de la caiguda del Mur. Ambdues realitats dialoguen en la manera com l\u2019art interv\u00e9 en el paisatge urb\u00e0, desafiant les estructures establertes i generant noves narratives visuals que redefinixen l\u2019espai p\u00fablic.<\/p>\n\n\n\n<p>Per aix\u00f2, i dins de les activitats de mediaci\u00f3 art\u00edstica de la Sala Sant Miquel, la Fundaci\u00f3 Caixa Castell\u00f3 proposa un taller de grafit dirigit a persones de qualsevol edat, amb una duraci\u00f3 de 90 minuts. La proposta consisteix en la realitzaci\u00f3 d\u2019un mural col\u00b7laboratiu sota la guia de dos monitors.<\/p>\n\n\n\n<p><strong>Estructura del taller<\/strong><\/p>\n\n\n\n<ul class=\"wp-block-list\">\n<li>Introducci\u00f3 te\u00f2rica sobre el grafit i les seues t\u00e8cniques.<\/li>\n\n\n\n<li>Pr\u00e0ctica amb aerosols per familiaritzar-se amb els materials.<\/li>\n\n\n\n<li>Creaci\u00f3 del mural: els monitors dibuixen un lema o paraula i els participants ho omplen amb colors i t\u00e8cniques suggerides.<\/li>\n\n\n\n<li>El mural es realitzar\u00e0 sobre una lona i es desmuntar\u00e0 en finalitzar l\u2019activitat.<\/li>\n\n\n\n<li>Es recomana realitzar l\u2019activitat a l\u2019exterior per evitar l\u2019acumulaci\u00f3 de gasos dels aerosols en espais tancats.<\/li>\n<\/ul>\n\n\n\n<p><strong>Perspectiva de g\u00e8nere i inclusi\u00f3n<\/strong><\/p>\n\n\n\n<p>El taller comptar\u00e0 amb dos monitors, un home i una dona, per garantir la paritat de g\u00e8nere i fomentar la participaci\u00f3 igualit\u00e0ria. L\u2019experi\u00e8ncia pr\u00e8via demostra que aquest enfocament millora la inclusi\u00f3 de les dones en una disciplina tradicionalment masculinitzada.<\/p>\n\n\n\n<p>El taller ser\u00e0 impartit per Paco, artista professional i Graduat a l\u2019EASD de Val\u00e8ncia, i Noem\u00ed, Llicenciada en Psicologia, amb experi\u00e8ncia en dinamitzaci\u00f3 d\u2019activitats socioculturals. Ambd\u00f3s s\u00f3n membres de l\u2019Associaci\u00f3 Kultural Llar, un col\u00b7lectiu de professionals de diverses disciplines dedicat a la promoci\u00f3 de valors de conviv\u00e8ncia, respecte pels drets humans i creaci\u00f3 d\u2019espais segurs d\u2019oci.<\/p>\n\n\n\n<p>Des de 2012,&nbsp;<strong>A.K. Llar<\/strong>&nbsp;ha impartit tallers de grafit en diversos espais com La Cebollera, l\u2019Ajuntament de Manises, la Universitat Popular d\u2019Ayora, l\u2019IES Enrique Tierno Galv\u00e1n (Moncada), Taleia (Fundaci\u00f3 ADSIS, La Plata) i la Universitat de Val\u00e8ncia, entre altres.<\/p>\n","protected":false},"excerpt":{"rendered":"<p>L\u2019exposici\u00f3&nbsp;Transformaci\u00f3: 10 anys de relacions art\u00edstiques Castell\u00f3-Berl\u00edn, de la Sala Sant Miquel de la Fundaci\u00f3 Caixa Castell\u00f3, explora l\u2019art com un proc\u00e9s de canvi constant, on la creativitat es converteix en una eina per a reinterpretar l\u2019entorn i la identitat. L\u2019exposici\u00f3 recull la feina dels artistes becats per l\u2019Ajuntament de Castell\u00f3 durant l\u2019\u00faltima d\u00e8cada per &#8230; <a title=\"Transformaci\u00f3: Taller de Grafiti amb A.K.Llar\" class=\"read-more\" href=\"https:\/\/elcafedepipa.com\/index.php\/2025\/04\/05\/transformacio-taller-de-grafiti-amb-a-k-llar\/\" aria-label=\"M\u00e9s informaci\u00f3 sobre Transformaci\u00f3: Taller de Grafiti amb A.K.Llar\">Read more<\/a><\/p>\n","protected":false},"author":2,"featured_media":12647,"comment_status":"closed","ping_status":"closed","sticky":false,"template":"","format":"standard","meta":{"om_disable_all_campaigns":false,"_monsterinsights_skip_tracking":false,"_monsterinsights_sitenote_active":false,"_monsterinsights_sitenote_note":"","_monsterinsights_sitenote_category":0,"_uf_show_specific_survey":0,"_uf_disable_surveys":false,"footnotes":""},"categories":[11],"tags":[],"class_list":["post-12646","post","type-post","status-publish","format-standard","has-post-thumbnail","hentry","category-comunitatvalenciana"],"_links":{"self":[{"href":"https:\/\/elcafedepipa.com\/index.php\/wp-json\/wp\/v2\/posts\/12646","targetHints":{"allow":["GET"]}}],"collection":[{"href":"https:\/\/elcafedepipa.com\/index.php\/wp-json\/wp\/v2\/posts"}],"about":[{"href":"https:\/\/elcafedepipa.com\/index.php\/wp-json\/wp\/v2\/types\/post"}],"author":[{"embeddable":true,"href":"https:\/\/elcafedepipa.com\/index.php\/wp-json\/wp\/v2\/users\/2"}],"replies":[{"embeddable":true,"href":"https:\/\/elcafedepipa.com\/index.php\/wp-json\/wp\/v2\/comments?post=12646"}],"version-history":[{"count":0,"href":"https:\/\/elcafedepipa.com\/index.php\/wp-json\/wp\/v2\/posts\/12646\/revisions"}],"wp:featuredmedia":[{"embeddable":true,"href":"https:\/\/elcafedepipa.com\/index.php\/wp-json\/wp\/v2\/media\/12647"}],"wp:attachment":[{"href":"https:\/\/elcafedepipa.com\/index.php\/wp-json\/wp\/v2\/media?parent=12646"}],"wp:term":[{"taxonomy":"category","embeddable":true,"href":"https:\/\/elcafedepipa.com\/index.php\/wp-json\/wp\/v2\/categories?post=12646"},{"taxonomy":"post_tag","embeddable":true,"href":"https:\/\/elcafedepipa.com\/index.php\/wp-json\/wp\/v2\/tags?post=12646"}],"curies":[{"name":"wp","href":"https:\/\/api.w.org\/{rel}","templated":true}]}}