{"id":12639,"date":"2025-04-04T12:14:08","date_gmt":"2025-04-04T10:14:08","guid":{"rendered":"https:\/\/elcafedepipa.com\/?p=12639"},"modified":"2025-04-04T12:14:09","modified_gmt":"2025-04-04T10:14:09","slug":"la-diputacio-de-castello-renova-el-seu-compromis-amb-iberdrola-per-al-foment-de-les-tecnologies-smart-i-la-sostenibilitat-a-la-provincia","status":"publish","type":"post","link":"https:\/\/elcafedepipa.com\/index.php\/2025\/04\/04\/la-diputacio-de-castello-renova-el-seu-compromis-amb-iberdrola-per-al-foment-de-les-tecnologies-smart-i-la-sostenibilitat-a-la-provincia\/","title":{"rendered":"La Diputaci\u00f3 de Castell\u00f3 renova el seu comprom\u00eds amb Iberdrola per al foment de les tecnologies SMART i la sostenibilitat a la prov\u00edncia"},"content":{"rendered":"\n<p>La Diputaci\u00f3 de Castell\u00f3 i i-DE, <strong>empresa distribu\u00efdora del grup Iberdrola<\/strong>, renoven el seu comprom\u00eds per al foment de les tecnologies smart i la sostenibilitat a la prov\u00edncia.<\/p>\n\n\n\n<p>La presidenta de la instituci\u00f3 provincial, <strong>Marta Barrachina<\/strong>, ha firmat al costat del director de la Regi\u00f3 Est, Guillermo Raga, el conveni de col\u00b7laboraci\u00f3 encaminat a continuar refor\u00e7ant la seua aposta comuna per l&#8217;efici\u00e8ncia energ\u00e8tica, l&#8217;electrificaci\u00f3 de l&#8217;economia, la sostenibilitat i la mobilitat el\u00e8ctrica; \u201crubriquem un comprom\u00eds entre les dos institucions durant dos anys per a contribuir al fet que el conjunt del nostre territori siga m\u00e9s intel\u00b7ligent i m\u00e9s sostenible\u201d, <strong>ha incidit la presidenta Marta Barrachina.<\/strong><\/p>\n\n\n\n<p>Els principals objectius del conveni s\u00f3n, d&#8217;una banda, facilitar i assessorar els municipis de la prov\u00edncia sobre les ubicacions mes \u00f2ptimes per a la implantaci\u00f3 dels serveis de rec\u00e0rrega en el seu municipi, amb la finalitat de determinar la viabilitat tecnicoecon\u00f2mica i, d&#8217;altra banda, facilitar a i-DE, la integraci\u00f3 de xarxes el\u00e8ctriques durant l&#8217;execuci\u00f3 d&#8217;infraestructures per part de Diputaci\u00f3, \u201camb aix\u00f2 es millora la qualitat de la xarxa del subministrament, la electromobilitat i integrar les energies renovables en el medi rural de la prov\u00edncia\u201d, ha explicat Marta Barrachina qui ha afegit que este acord forma part de l&#8217;aposta de la instituci\u00f3 provincial \u201cper l&#8217;optimitzaci\u00f3 del consum energ\u00e8tic i per promoure la realitzaci\u00f3 d&#8217;accions i activitats que fomenten l&#8217;estalvi i l&#8217;efici\u00e8ncia energ\u00e8tica, a la prov\u00edncia de Castell\u00f3\u201d.<\/p>\n\n\n\n<p><strong>Per part seua, Guillermo Raga ha ressaltat que este acord permet<\/strong> \u201cfomentar en les poblacions de la prov\u00edncia la transici\u00f3 energ\u00e8tica i la descarbonitzaci\u00f3, posant el focus en l&#8217;electrificaci\u00f3 per a cr\u00e9ixer en autonomia energ\u00e8tica i competitivitat, alhora que millorem el medi ambient\u201d.<\/p>\n\n\n\n<p>En particular, a trav\u00e9s d&#8217;esta col\u00b7laboraci\u00f3 es continuar\u00e0 impulsant el <strong>foment d&#8217;instal\u00b7lacions de tot tipus de fonts d&#8217;energia renovable,<\/strong> especialment de l&#8217;autoconsum el\u00e8ctric en les depend\u00e8ncies municipals, aix\u00ed com promoure el desenvolupament de les infraestructures b\u00e0siques d&#8217;electrificaci\u00f3 per al desenvolupament del medi rural.<\/p>\n\n\n\n<p>I amb l&#8217;objectiu d&#8217;aconseguir tots eixos objectius, les dos parts duran a terme una s\u00e8rie d&#8217;actuacions entre les quals es troben cooperar en la realitzaci\u00f3 d&#8217;accions o activitats que en mat\u00e8ria d&#8217;efici\u00e8ncia, estalvi i mobilitat el\u00e8ctrics siguen plantejades pels ajuntaments de municipis de la prov\u00edncia, aix\u00ed com en els programes, plans o iniciatives que desenvolupen estes administracions en estos \u00e0mbits. Tamb\u00e9 es treballar\u00e0 en l&#8217;assessorament conjunt als municipis de la prov\u00edncia de Castell\u00f3 per a la definici\u00f3 dels espais adequats per a albergar punts de rec\u00e0rrega, proporcionant informaci\u00f3 t\u00e8cnica sobre la capacitat de les xarxes de distribuci\u00f3 el\u00e8ctrica en els seus municipis, a fi de determinar la viabilitat tecnicoecon\u00f2mica de la seua implantaci\u00f3, aportar les solucions d&#8217;alimentaci\u00f3 i assessorar en la selecci\u00f3 dels empla\u00e7aments que resulten m\u00e9s eficients i de menor cost.<\/p>\n\n\n\n<p>La cooperaci\u00f3 per a millorar la fiabilitat i resili\u00e8ncia de la xarxa de distribuci\u00f3 el\u00e8ctrica d&#8217;i-DE LA Prov\u00edncia, especialment en l&#8217;\u00e0mbit rural, mitjan\u00e7ant la promoci\u00f3 d&#8217;acords per a l&#8217;aprofitament mutu d&#8217;estes infraestructures el\u00e8ctriques, aix\u00ed com de comunicacions, de prove\u00efment h\u00eddric, accessos viaris i, en general, d&#8217;infraestructura b\u00e0sica comuna per a l&#8217;exercici de les compet\u00e8ncies municipals, tamb\u00e9 forma part del llistat d&#8217;actuacions previstes, igual que l&#8217;assessorament i foment de l&#8217;acc\u00e9s i connexi\u00f3 a la xarxa d&#8217;i-DE De tot tipus de fonts d&#8217;energia el\u00e8ctrica d&#8217;origen renovable, especialment de l&#8217;autoconsum el\u00e8ctric en les depend\u00e8ncies municipals, a m\u00e9s d&#8217;estudiar la possible integraci\u00f3 del desenvolupament de les xarxes el\u00e8ctriques de distribuci\u00f3 amb les xarxes vi\u00e0ries quan es tracte d&#8217;infraestructures d&#8217;inter\u00e9s general per a l&#8217;electrificaci\u00f3 de la prov\u00edncia.<\/p>\n\n\n\n<p><\/p>\n","protected":false},"excerpt":{"rendered":"<p>La Diputaci\u00f3 de Castell\u00f3 i i-DE, empresa distribu\u00efdora del grup Iberdrola, renoven el seu comprom\u00eds per al foment de les tecnologies smart i la sostenibilitat a la prov\u00edncia. La presidenta de la instituci\u00f3 provincial, Marta Barrachina, ha firmat al costat del director de la Regi\u00f3 Est, Guillermo Raga, el conveni de col\u00b7laboraci\u00f3 encaminat a continuar &#8230; <a title=\"La Diputaci\u00f3 de Castell\u00f3 renova el seu comprom\u00eds amb Iberdrola per al foment de les tecnologies SMART i la sostenibilitat a la prov\u00edncia\" class=\"read-more\" href=\"https:\/\/elcafedepipa.com\/index.php\/2025\/04\/04\/la-diputacio-de-castello-renova-el-seu-compromis-amb-iberdrola-per-al-foment-de-les-tecnologies-smart-i-la-sostenibilitat-a-la-provincia\/\" aria-label=\"M\u00e9s informaci\u00f3 sobre La Diputaci\u00f3 de Castell\u00f3 renova el seu comprom\u00eds amb Iberdrola per al foment de les tecnologies SMART i la sostenibilitat a la prov\u00edncia\">Read more<\/a><\/p>\n","protected":false},"author":2,"featured_media":12640,"comment_status":"closed","ping_status":"closed","sticky":false,"template":"","format":"standard","meta":{"om_disable_all_campaigns":false,"_monsterinsights_skip_tracking":false,"_monsterinsights_sitenote_active":false,"_monsterinsights_sitenote_note":"","_monsterinsights_sitenote_category":0,"_uf_show_specific_survey":0,"_uf_disable_surveys":false,"footnotes":""},"categories":[10],"tags":[],"class_list":["post-12639","post","type-post","status-publish","format-standard","has-post-thumbnail","hentry","category-provinciadecastello"],"_links":{"self":[{"href":"https:\/\/elcafedepipa.com\/index.php\/wp-json\/wp\/v2\/posts\/12639","targetHints":{"allow":["GET"]}}],"collection":[{"href":"https:\/\/elcafedepipa.com\/index.php\/wp-json\/wp\/v2\/posts"}],"about":[{"href":"https:\/\/elcafedepipa.com\/index.php\/wp-json\/wp\/v2\/types\/post"}],"author":[{"embeddable":true,"href":"https:\/\/elcafedepipa.com\/index.php\/wp-json\/wp\/v2\/users\/2"}],"replies":[{"embeddable":true,"href":"https:\/\/elcafedepipa.com\/index.php\/wp-json\/wp\/v2\/comments?post=12639"}],"version-history":[{"count":0,"href":"https:\/\/elcafedepipa.com\/index.php\/wp-json\/wp\/v2\/posts\/12639\/revisions"}],"wp:featuredmedia":[{"embeddable":true,"href":"https:\/\/elcafedepipa.com\/index.php\/wp-json\/wp\/v2\/media\/12640"}],"wp:attachment":[{"href":"https:\/\/elcafedepipa.com\/index.php\/wp-json\/wp\/v2\/media?parent=12639"}],"wp:term":[{"taxonomy":"category","embeddable":true,"href":"https:\/\/elcafedepipa.com\/index.php\/wp-json\/wp\/v2\/categories?post=12639"},{"taxonomy":"post_tag","embeddable":true,"href":"https:\/\/elcafedepipa.com\/index.php\/wp-json\/wp\/v2\/tags?post=12639"}],"curies":[{"name":"wp","href":"https:\/\/api.w.org\/{rel}","templated":true}]}}