{"id":12632,"date":"2025-04-04T11:01:30","date_gmt":"2025-04-04T09:01:30","guid":{"rendered":"https:\/\/elcafedepipa.com\/?p=12632"},"modified":"2025-04-04T11:01:31","modified_gmt":"2025-04-04T09:01:31","slug":"tellado-hui-podem-apreciar-que-la-recuperacio-de-valencia-esta-en-marxa-tot-i-que-el-govern-de-sanchez-no-esta-a-laltura","status":"publish","type":"post","link":"https:\/\/elcafedepipa.com\/index.php\/2025\/04\/04\/tellado-hui-podem-apreciar-que-la-recuperacio-de-valencia-esta-en-marxa-tot-i-que-el-govern-de-sanchez-no-esta-a-laltura\/","title":{"rendered":"Tellado: \u201cHui podem apreciar que la recuperaci\u00f3 de Val\u00e8ncia est\u00e0 en marxa tot i que el Govern de S\u00e1nchez no est\u00e0 a l\u2019altura.\u201d"},"content":{"rendered":"\n<p>El portaveu del Partit Popular al <strong>Congr\u00e9s dels Diputats,<\/strong> <strong>Miguel Tellado, ha afirmat que<\/strong> \u201chui podem apreciar que la recuperaci\u00f3 de Val\u00e8ncia est\u00e0 en marxa tot i que el Govern de Pedro S\u00e1nchez no est\u00e0 a l\u2019altura\u201d.<strong> Tellado ha realitzat aquestes declaracions en un acte celebrat aquest dijous a Gandia junt amb militants i simpatitzants<\/strong>, al qual tamb\u00e9 van assistir el secretari general del PPCV i s\u00edndic en Les Corts, Juanfran P\u00e9rez Llorca, i el president provincial del PP de Val\u00e8ncia i de la Diputaci\u00f3, Vicente Momp\u00f3.<\/p>\n\n\n\n<p>Durant la seua intervenci\u00f3, el portaveu popular ha traslladat el suport de la direcci\u00f3 nacional del partit i el seu propi \u201cal PP de Gandia, al PP de Val\u00e8ncia i al Govern de Carlos Maz\u00f3n\u201d.<\/p>\n\n\n\n<p>Tellado ha exigit a la ministra de Ci\u00e8ncia i secret\u00e0ria general del PSPV, Diana Morant, que \u201cfa\u00e7a la seua faena i reivindique en el Consell de Ministres que s\u2019atenga les persones afectades per les riuades&#8221;. \u201cSi de veritat li importen els valencians, el que hauria de fer \u00e9s reclamar que s\u2019agilitzen les ajudes i donar suport al Pla Val\u00e8ncia que ha proposat el PP, amb una inversi\u00f3 de m\u00e9s de 10.000 milions d\u2019euros per a infraestructures hidr\u00e0uliques i mesures de reconstrucci\u00f3\u201d, <strong>ha insistit.<\/strong><\/p>\n\n\n\n<p>El dirigent del PP ha qualificat l\u2019Executiu de S\u00e1nchez com un \u201cgovern de gandula i trampol\u00ed\u201d perqu\u00e8 \u201cla meitat del govern no treballa, com la ministra d\u2019Hisenda, que nom\u00e9s ha aprovat tres pressupostos en set anys. I l\u2019altra meitat nom\u00e9s busca utilitzar els ministeris com a trampolins pol\u00edtics, com Diana Morant\u201d.<\/p>\n\n\n\n<p><\/p>\n","protected":false},"excerpt":{"rendered":"<p>El portaveu del Partit Popular al Congr\u00e9s dels Diputats, Miguel Tellado, ha afirmat que \u201chui podem apreciar que la recuperaci\u00f3 de Val\u00e8ncia est\u00e0 en marxa tot i que el Govern de Pedro S\u00e1nchez no est\u00e0 a l\u2019altura\u201d. Tellado ha realitzat aquestes declaracions en un acte celebrat aquest dijous a Gandia junt amb militants i simpatitzants, &#8230; <a title=\"Tellado: \u201cHui podem apreciar que la recuperaci\u00f3 de Val\u00e8ncia est\u00e0 en marxa tot i que el Govern de S\u00e1nchez no est\u00e0 a l\u2019altura.\u201d\" class=\"read-more\" href=\"https:\/\/elcafedepipa.com\/index.php\/2025\/04\/04\/tellado-hui-podem-apreciar-que-la-recuperacio-de-valencia-esta-en-marxa-tot-i-que-el-govern-de-sanchez-no-esta-a-laltura\/\" aria-label=\"M\u00e9s informaci\u00f3 sobre Tellado: \u201cHui podem apreciar que la recuperaci\u00f3 de Val\u00e8ncia est\u00e0 en marxa tot i que el Govern de S\u00e1nchez no est\u00e0 a l\u2019altura.\u201d\">Read more<\/a><\/p>\n","protected":false},"author":2,"featured_media":12633,"comment_status":"closed","ping_status":"closed","sticky":false,"template":"","format":"standard","meta":{"om_disable_all_campaigns":false,"_monsterinsights_skip_tracking":false,"_monsterinsights_sitenote_active":false,"_monsterinsights_sitenote_note":"","_monsterinsights_sitenote_category":0,"_uf_show_specific_survey":0,"_uf_disable_surveys":false,"footnotes":""},"categories":[11],"tags":[],"class_list":["post-12632","post","type-post","status-publish","format-standard","has-post-thumbnail","hentry","category-comunitatvalenciana"],"_links":{"self":[{"href":"https:\/\/elcafedepipa.com\/index.php\/wp-json\/wp\/v2\/posts\/12632","targetHints":{"allow":["GET"]}}],"collection":[{"href":"https:\/\/elcafedepipa.com\/index.php\/wp-json\/wp\/v2\/posts"}],"about":[{"href":"https:\/\/elcafedepipa.com\/index.php\/wp-json\/wp\/v2\/types\/post"}],"author":[{"embeddable":true,"href":"https:\/\/elcafedepipa.com\/index.php\/wp-json\/wp\/v2\/users\/2"}],"replies":[{"embeddable":true,"href":"https:\/\/elcafedepipa.com\/index.php\/wp-json\/wp\/v2\/comments?post=12632"}],"version-history":[{"count":0,"href":"https:\/\/elcafedepipa.com\/index.php\/wp-json\/wp\/v2\/posts\/12632\/revisions"}],"wp:featuredmedia":[{"embeddable":true,"href":"https:\/\/elcafedepipa.com\/index.php\/wp-json\/wp\/v2\/media\/12633"}],"wp:attachment":[{"href":"https:\/\/elcafedepipa.com\/index.php\/wp-json\/wp\/v2\/media?parent=12632"}],"wp:term":[{"taxonomy":"category","embeddable":true,"href":"https:\/\/elcafedepipa.com\/index.php\/wp-json\/wp\/v2\/categories?post=12632"},{"taxonomy":"post_tag","embeddable":true,"href":"https:\/\/elcafedepipa.com\/index.php\/wp-json\/wp\/v2\/tags?post=12632"}],"curies":[{"name":"wp","href":"https:\/\/api.w.org\/{rel}","templated":true}]}}