{"id":12607,"date":"2025-04-03T13:53:25","date_gmt":"2025-04-03T11:53:25","guid":{"rendered":"https:\/\/elcafedepipa.com\/?p=12607"},"modified":"2025-04-03T13:53:26","modified_gmt":"2025-04-03T11:53:26","slug":"el-ppcv-lamenta-que-compromis-munte-el-circ-a-brusselles-en-lloc-de-demanar-ajudes-per-a-la-comunitat","status":"publish","type":"post","link":"https:\/\/elcafedepipa.com\/index.php\/2025\/04\/03\/el-ppcv-lamenta-que-compromis-munte-el-circ-a-brusselles-en-lloc-de-demanar-ajudes-per-a-la-comunitat\/","title":{"rendered":"El PPCV lamenta que Comprom\u00eds \u201cmunte el circ a Brussel\u00b7les en lloc de demanar ajudes per a la Comunitat&#8221;."},"content":{"rendered":"\n<p><strong>La s\u00edndica adjunta del GPP a Les Corts, Laura Chuli\u00e0, ha lamentat que<\/strong> \u201cComprom\u00eds munt el circ a Brussel\u00b7les en lloc de demanar ajudes per la DANA per a la Comunitat&#8221;.<\/p>\n\n\n\n<p><strong>Laura Chuli\u00e0 ha retret la intervenci\u00f3 de la diputada de Comprom\u00eds Paula Espinosa en el ple del Comit\u00e8 de les Regions per a demanar la dimissi\u00f3 de Maz\u00f3n.<\/strong> \u201cMentres el cap del Consell defensa els nostres interessos i interv\u00e9 en la constituci\u00f3 de l&#8217;Intergrup del Vi del Comit\u00e8 de les Regions per a demanar ajuda per a la Comunitat Valenciana, uns altres es centren en atacar al president Maz\u00f3n i utilitzar el dolor de les v\u00edctimes per a fer pol\u00edtica. Comprom\u00eds vol traslladar el seu \u00fas del dolor de tots a Europa i traure r\u00e8dit pol\u00edtic de la trag\u00e8dia comuna\u201d.<\/p>\n\n\n\n<p>\u201cComprom\u00eds ha deixat de ser un partit nacionalista per a convertir-se en sanchista. En lloc d&#8217;unir forces m\u00e9s enll\u00e0 de la Comunitat per aconseguir el millor per a la nostra terra, es dediquen a muntar el numeret a Brussel\u00b7les, criticar i exigir q\u00fcestions que poc tenen a veure amb el tema tractat i que ens provoquen vergonya aliena als valencians davant la sorpresa i estranyesa dels eurodiputats\u201d, <strong>ha assenyalat.<\/strong><\/p>\n\n\n\n<p><strong>Chuli\u00e0 ha afirmat que<\/strong> \u201cComprom\u00eds torna a demostrar que s\u00f3n un partit que nom\u00e9s est\u00e0 preocupat per traure r\u00e8dit pol\u00edtic i buscar vots al marge dels interessos dels valencians. No ha anat a Brussel\u00b7les a demanar ajuda ni a reclamar fons per a la Comunitat sin\u00f3 a enfrontar-se i fer soroll\u201d.<\/p>\n\n\n\n<p>Laura Chuli\u00e0 ha assenyalat que \u201cla societat valenciana necessita ara m\u00e9s que mai la uni\u00f3 de tots els grups pol\u00edtics per intentar aconseguir el m\u00e0xim possible dels recursos que necessita la nostra terra, per\u00f2 lluny d&#8217;aix\u00f2, els de Comprom\u00eds es dediquen a polemitzar en lloc de demanar la solidaritat\u201d.<\/p>\n\n\n\n<p>Finalment, Chuli\u00e0 ha afirmat que \u201cja n&#8217;hi ha prou de promoure aquesta crispaci\u00f3 i persecuci\u00f3 absolutament indecent que no contribueixen a millorar la situaci\u00f3 de la nostra terra. Demanem un m\u00ednim de responsabilitat a un partit pol\u00edtic que avui ha demostrat que ha perdut el nord i ha donat l&#8217;esquena als valencians. No pot un dia denunciar les amenaces al president i al dia seg\u00fcent fer aix\u00f2 a Brussel\u00b7les\u201d.<\/p>\n","protected":false},"excerpt":{"rendered":"<p>La s\u00edndica adjunta del GPP a Les Corts, Laura Chuli\u00e0, ha lamentat que \u201cComprom\u00eds munt el circ a Brussel\u00b7les en lloc de demanar ajudes per la DANA per a la Comunitat&#8221;. Laura Chuli\u00e0 ha retret la intervenci\u00f3 de la diputada de Comprom\u00eds Paula Espinosa en el ple del Comit\u00e8 de les Regions per a demanar &#8230; <a title=\"El PPCV lamenta que Comprom\u00eds \u201cmunte el circ a Brussel\u00b7les en lloc de demanar ajudes per a la Comunitat&#8221;.\" class=\"read-more\" href=\"https:\/\/elcafedepipa.com\/index.php\/2025\/04\/03\/el-ppcv-lamenta-que-compromis-munte-el-circ-a-brusselles-en-lloc-de-demanar-ajudes-per-a-la-comunitat\/\" aria-label=\"M\u00e9s informaci\u00f3 sobre El PPCV lamenta que Comprom\u00eds \u201cmunte el circ a Brussel\u00b7les en lloc de demanar ajudes per a la Comunitat&#8221;.\">Read more<\/a><\/p>\n","protected":false},"author":2,"featured_media":12608,"comment_status":"closed","ping_status":"closed","sticky":false,"template":"","format":"standard","meta":{"om_disable_all_campaigns":false,"_monsterinsights_skip_tracking":false,"_monsterinsights_sitenote_active":false,"_monsterinsights_sitenote_note":"","_monsterinsights_sitenote_category":0,"_uf_show_specific_survey":0,"_uf_disable_surveys":false,"footnotes":""},"categories":[11],"tags":[],"class_list":["post-12607","post","type-post","status-publish","format-standard","has-post-thumbnail","hentry","category-comunitatvalenciana"],"_links":{"self":[{"href":"https:\/\/elcafedepipa.com\/index.php\/wp-json\/wp\/v2\/posts\/12607","targetHints":{"allow":["GET"]}}],"collection":[{"href":"https:\/\/elcafedepipa.com\/index.php\/wp-json\/wp\/v2\/posts"}],"about":[{"href":"https:\/\/elcafedepipa.com\/index.php\/wp-json\/wp\/v2\/types\/post"}],"author":[{"embeddable":true,"href":"https:\/\/elcafedepipa.com\/index.php\/wp-json\/wp\/v2\/users\/2"}],"replies":[{"embeddable":true,"href":"https:\/\/elcafedepipa.com\/index.php\/wp-json\/wp\/v2\/comments?post=12607"}],"version-history":[{"count":0,"href":"https:\/\/elcafedepipa.com\/index.php\/wp-json\/wp\/v2\/posts\/12607\/revisions"}],"wp:featuredmedia":[{"embeddable":true,"href":"https:\/\/elcafedepipa.com\/index.php\/wp-json\/wp\/v2\/media\/12608"}],"wp:attachment":[{"href":"https:\/\/elcafedepipa.com\/index.php\/wp-json\/wp\/v2\/media?parent=12607"}],"wp:term":[{"taxonomy":"category","embeddable":true,"href":"https:\/\/elcafedepipa.com\/index.php\/wp-json\/wp\/v2\/categories?post=12607"},{"taxonomy":"post_tag","embeddable":true,"href":"https:\/\/elcafedepipa.com\/index.php\/wp-json\/wp\/v2\/tags?post=12607"}],"curies":[{"name":"wp","href":"https:\/\/api.w.org\/{rel}","templated":true}]}}