{"id":12572,"date":"2025-04-03T09:46:02","date_gmt":"2025-04-03T07:46:02","guid":{"rendered":"https:\/\/elcafedepipa.com\/?p=12572"},"modified":"2025-04-03T09:46:03","modified_gmt":"2025-04-03T07:46:03","slug":"marta-barrachina-rep-al-tinent-general-luis-saez-rocandio","status":"publish","type":"post","link":"https:\/\/elcafedepipa.com\/index.php\/2025\/04\/03\/marta-barrachina-rep-al-tinent-general-luis-saez-rocandio\/","title":{"rendered":"Marta Barrachina rep al tinent general Luis S\u00e1ez Rocandio"},"content":{"rendered":"\n<p>La presidenta de la Diputaci\u00f3 Provincial de Castell\u00f3, Marta Barrachina, ha mantingut este dimecres una trobada amb el <strong>tinent general Luis S\u00e1ez Rocandio,<\/strong> cap de la <strong>Caserna General Terrestre d&#8217;Alta Disponibilitat (CGTAD)<\/strong> i representant institucional de les <strong>Forces Armades <\/strong>en la<strong> Comunitat Valenciana<\/strong>.<\/p>\n\n\n\n<p>En esta primera reuni\u00f3 despr\u00e9s de la presa de possessi\u00f3 del tinent general S\u00e1ez Rocandio, com a m\u00e0xima autoritat militar de la Comunitat Valenciana, els dos han abordat assumptes relacionats amb les seues respectives compet\u00e8ncies i han destacat la import\u00e0ncia de mantindre una col\u00b7laboraci\u00f3 fluida entre institucions.<\/p>\n","protected":false},"excerpt":{"rendered":"<p>La presidenta de la Diputaci\u00f3 Provincial de Castell\u00f3, Marta Barrachina, ha mantingut este dimecres una trobada amb el tinent general Luis S\u00e1ez Rocandio, cap de la Caserna General Terrestre d&#8217;Alta Disponibilitat (CGTAD) i representant institucional de les Forces Armades en la Comunitat Valenciana. En esta primera reuni\u00f3 despr\u00e9s de la presa de possessi\u00f3 del tinent &#8230; <a title=\"Marta Barrachina rep al tinent general Luis S\u00e1ez Rocandio\" class=\"read-more\" href=\"https:\/\/elcafedepipa.com\/index.php\/2025\/04\/03\/marta-barrachina-rep-al-tinent-general-luis-saez-rocandio\/\" aria-label=\"M\u00e9s informaci\u00f3 sobre Marta Barrachina rep al tinent general Luis S\u00e1ez Rocandio\">Read more<\/a><\/p>\n","protected":false},"author":2,"featured_media":12573,"comment_status":"closed","ping_status":"closed","sticky":false,"template":"","format":"standard","meta":{"om_disable_all_campaigns":false,"_monsterinsights_skip_tracking":false,"_monsterinsights_sitenote_active":false,"_monsterinsights_sitenote_note":"","_monsterinsights_sitenote_category":0,"_uf_show_specific_survey":0,"_uf_disable_surveys":false,"footnotes":""},"categories":[11],"tags":[],"class_list":["post-12572","post","type-post","status-publish","format-standard","has-post-thumbnail","hentry","category-comunitatvalenciana"],"_links":{"self":[{"href":"https:\/\/elcafedepipa.com\/index.php\/wp-json\/wp\/v2\/posts\/12572","targetHints":{"allow":["GET"]}}],"collection":[{"href":"https:\/\/elcafedepipa.com\/index.php\/wp-json\/wp\/v2\/posts"}],"about":[{"href":"https:\/\/elcafedepipa.com\/index.php\/wp-json\/wp\/v2\/types\/post"}],"author":[{"embeddable":true,"href":"https:\/\/elcafedepipa.com\/index.php\/wp-json\/wp\/v2\/users\/2"}],"replies":[{"embeddable":true,"href":"https:\/\/elcafedepipa.com\/index.php\/wp-json\/wp\/v2\/comments?post=12572"}],"version-history":[{"count":0,"href":"https:\/\/elcafedepipa.com\/index.php\/wp-json\/wp\/v2\/posts\/12572\/revisions"}],"wp:featuredmedia":[{"embeddable":true,"href":"https:\/\/elcafedepipa.com\/index.php\/wp-json\/wp\/v2\/media\/12573"}],"wp:attachment":[{"href":"https:\/\/elcafedepipa.com\/index.php\/wp-json\/wp\/v2\/media?parent=12572"}],"wp:term":[{"taxonomy":"category","embeddable":true,"href":"https:\/\/elcafedepipa.com\/index.php\/wp-json\/wp\/v2\/categories?post=12572"},{"taxonomy":"post_tag","embeddable":true,"href":"https:\/\/elcafedepipa.com\/index.php\/wp-json\/wp\/v2\/tags?post=12572"}],"curies":[{"name":"wp","href":"https:\/\/api.w.org\/{rel}","templated":true}]}}