{"id":12526,"date":"2025-04-02T13:21:09","date_gmt":"2025-04-02T11:21:09","guid":{"rendered":"https:\/\/elcafedepipa.com\/?p=12526"},"modified":"2025-04-02T13:21:10","modified_gmt":"2025-04-02T11:21:10","slug":"lajuntament-de-la-vall-duixo-posa-als-escolars-en-la-pell-de-les-persones-amb-diversitat-funcional","status":"publish","type":"post","link":"https:\/\/elcafedepipa.com\/index.php\/2025\/04\/02\/lajuntament-de-la-vall-duixo-posa-als-escolars-en-la-pell-de-les-persones-amb-diversitat-funcional\/","title":{"rendered":"L&#8217;Ajuntament de la Vall d\u2019Uix\u00f3 posa als escolars en la pell de les persones amb diversitat funcional"},"content":{"rendered":"\n<p>Posar-se en la pell dels altres. Aix\u00f2 \u00e9s el que fan els xiquets, xiquetes i adolescents de la Vall d\u2019Uix\u00f3 en els tallers de sensibilitzaci\u00f3 sobre diversitat funcional als col\u00b7legis i instituts. Durant els mesos d&#8217;abril i maig participen en sessions de formaci\u00f3 sobre llengua de signes, pictogrames, gossos guia, \u00fas de cadira de rodes o per con\u00e9ixer qu\u00e8 \u00e9s la mobilitat redu\u00efda o l&#8217;enfermetat mental, entre altres.<\/p>\n\n\n\n<p>Aquesta campanya compleix aquest curs 20 anys amb l&#8217;objectiu de \u201cfer de la Vall un lloc millor, dotant els xiquets, xiquetes i adolescents d&#8217;eines per viure en una ciutat m\u00e9s diversa, inclusiva i que no deixe a ning\u00fa enrere\u201d, ha explicat el regidor de Serveis Socials, Jorge Marqu\u00e9s. Per aix\u00f2, en aquests tallers educatius es treballa \u201cl&#8217;empatia i que entenguen que qualsevol persona pot tenir diversitat funcional en el seu cicle vital\u201d.<\/p>\n\n\n\n<p>Un dels valors d&#8217;aquesta iniciativa \u00e9s que l&#8217;alumnat, en acabar la seua etapa en l&#8217;educaci\u00f3 obligat\u00f2ria, ha participat en tots els tallers i ha adquirit una visi\u00f3 completa de la diversitat funcional. A m\u00e9s, ho fa mitjan\u00e7ant \u201ctestimonis en primera persona, que transmeten directament quina \u00e9s la seua realitat i com viu el seu dia a dia una persona cega, sorda o que va en cadira de rodes o amb gos guia\u201d, ha destacat Marqu\u00e9s.<\/p>\n\n\n\n<p>Els tallers que s&#8217;imparteixen s\u00f3n: diversitat funcional en general (1r de prim\u00e0ria), diversitat funcional f\u00edsica (2n de prim\u00e0ria), sordesa (3r de prim\u00e0ria), taller pr\u00e0ctic en cadira de rodes i visita al Centre Ocupacional Belcaire-IVAS (4t de prim\u00e0ria), ceguesa (5\u00e8 de prim\u00e0ria), taller de pictogrames i diversitat funcional intel\u00b7lectual (6\u00e8 de prim\u00e0ria), gossos guia (2n d&#8217;ESO) i malaltia mental (3r d&#8217;ESO). En ells es resolen dubtes, es trenquen estereotips i es donen models positius a l&#8217;alumnat.<\/p>\n\n\n\n<p>El regidor ha agra\u00eft a totes les entitats que participen en aquesta campanya que impulsa la Regidoria de Serveis Socials de l&#8217;Ajuntament de la Vall d\u2019Uix\u00f3, a trav\u00e9s de la Comissi\u00f3 d&#8217;Accessibilitat. Aquest any col\u00b7laboren: Centre Ocupacional Belcaire-IVAS, FRATER, Associaci\u00f3 de Persones Sordes de Castell\u00f3, ONCE, AFANIAD, Associaci\u00f3 Gossos Gu\u00eda Comunitat Valenciana, CRISOL i Fundaci\u00f3 Manantial.<\/p>\n\n\n\n<figure class=\"wp-block-image size-full\"><img fetchpriority=\"high\" decoding=\"async\" width=\"250\" height=\"333\" src=\"https:\/\/elcafedepipa.com\/wp-content\/uploads\/2025\/04\/thumbnail_diversitat-funcional-1.jpg\" alt=\"\" class=\"wp-image-12527\" srcset=\"https:\/\/elcafedepipa.com\/wp-content\/uploads\/2025\/04\/thumbnail_diversitat-funcional-1.jpg 250w, https:\/\/elcafedepipa.com\/wp-content\/uploads\/2025\/04\/thumbnail_diversitat-funcional-1-225x300.jpg 225w\" sizes=\"(max-width: 250px) 100vw, 250px\" \/><\/figure>\n","protected":false},"excerpt":{"rendered":"<p>Posar-se en la pell dels altres. Aix\u00f2 \u00e9s el que fan els xiquets, xiquetes i adolescents de la Vall d\u2019Uix\u00f3 en els tallers de sensibilitzaci\u00f3 sobre diversitat funcional als col\u00b7legis i instituts. Durant els mesos d&#8217;abril i maig participen en sessions de formaci\u00f3 sobre llengua de signes, pictogrames, gossos guia, \u00fas de cadira de rodes &#8230; <a title=\"L&#8217;Ajuntament de la Vall d\u2019Uix\u00f3 posa als escolars en la pell de les persones amb diversitat funcional\" class=\"read-more\" href=\"https:\/\/elcafedepipa.com\/index.php\/2025\/04\/02\/lajuntament-de-la-vall-duixo-posa-als-escolars-en-la-pell-de-les-persones-amb-diversitat-funcional\/\" aria-label=\"M\u00e9s informaci\u00f3 sobre L&#8217;Ajuntament de la Vall d\u2019Uix\u00f3 posa als escolars en la pell de les persones amb diversitat funcional\">Read more<\/a><\/p>\n","protected":false},"author":2,"featured_media":12528,"comment_status":"closed","ping_status":"closed","sticky":false,"template":"","format":"standard","meta":{"om_disable_all_campaigns":false,"_monsterinsights_skip_tracking":false,"_monsterinsights_sitenote_active":false,"_monsterinsights_sitenote_note":"","_monsterinsights_sitenote_category":0,"_uf_show_specific_survey":0,"_uf_disable_surveys":false,"footnotes":""},"categories":[2],"tags":[],"class_list":["post-12526","post","type-post","status-publish","format-standard","has-post-thumbnail","hentry","category-lavallduixo"],"_links":{"self":[{"href":"https:\/\/elcafedepipa.com\/index.php\/wp-json\/wp\/v2\/posts\/12526","targetHints":{"allow":["GET"]}}],"collection":[{"href":"https:\/\/elcafedepipa.com\/index.php\/wp-json\/wp\/v2\/posts"}],"about":[{"href":"https:\/\/elcafedepipa.com\/index.php\/wp-json\/wp\/v2\/types\/post"}],"author":[{"embeddable":true,"href":"https:\/\/elcafedepipa.com\/index.php\/wp-json\/wp\/v2\/users\/2"}],"replies":[{"embeddable":true,"href":"https:\/\/elcafedepipa.com\/index.php\/wp-json\/wp\/v2\/comments?post=12526"}],"version-history":[{"count":0,"href":"https:\/\/elcafedepipa.com\/index.php\/wp-json\/wp\/v2\/posts\/12526\/revisions"}],"wp:featuredmedia":[{"embeddable":true,"href":"https:\/\/elcafedepipa.com\/index.php\/wp-json\/wp\/v2\/media\/12528"}],"wp:attachment":[{"href":"https:\/\/elcafedepipa.com\/index.php\/wp-json\/wp\/v2\/media?parent=12526"}],"wp:term":[{"taxonomy":"category","embeddable":true,"href":"https:\/\/elcafedepipa.com\/index.php\/wp-json\/wp\/v2\/categories?post=12526"},{"taxonomy":"post_tag","embeddable":true,"href":"https:\/\/elcafedepipa.com\/index.php\/wp-json\/wp\/v2\/tags?post=12526"}],"curies":[{"name":"wp","href":"https:\/\/api.w.org\/{rel}","templated":true}]}}