{"id":12512,"date":"2025-04-02T12:04:04","date_gmt":"2025-04-02T10:04:04","guid":{"rendered":"https:\/\/elcafedepipa.com\/?p=12512"},"modified":"2025-04-02T12:04:06","modified_gmt":"2025-04-02T10:04:06","slug":"el-pspv-acusa-mazon-de-convertir-els-pressupostos-de-2025-en-un-mer-tramit-per-a-seguir-aforat-i-que-deixa-molt-mal-parada-en-inversions-a-la-provincia-de-castello","status":"publish","type":"post","link":"https:\/\/elcafedepipa.com\/index.php\/2025\/04\/02\/el-pspv-acusa-mazon-de-convertir-els-pressupostos-de-2025-en-un-mer-tramit-per-a-seguir-aforat-i-que-deixa-molt-mal-parada-en-inversions-a-la-provincia-de-castello\/","title":{"rendered":"El PSPV acusa Maz\u00f3n de convertir els pressupostos de 2025 en \u201cun mer tr\u00e0mit per a seguir aforat i que deixa molt mal parada en inversions a la prov\u00edncia de Castell\u00f3\u201d."},"content":{"rendered":"\n<p>El portaveu socialista de Sanitat a les Corts, <strong>Rafa Sim\u00f3, ha carregat contra els pressupostos de la Generalitat per a 2025 perqu\u00e8 s\u00f3n, al seu entendre, <\/strong>\u201cuns comptes de mer tr\u00e0mit i fets a mida perqu\u00e8 Maz\u00f3n continue aforat\u201d. \u201cArrosseguen la falta d\u2019execuci\u00f3 d\u2019inversions de l\u2019any anterior\u201d. <strong>En aquest sentit, ha recordat que, en 2024<\/strong>, \u201cels \u2018bons\u2019 gestors del PP no han sigut capa\u00e7os d\u2019executar cap euro en el 45% de les partides pressupost\u00e0ries, \u00e9s a dir, de 166 partides d&#8217;inversi\u00f3, en 75 no han executat absolutament res. Aix\u00f2 \u00e9s un frac\u00e0s de gesti\u00f3\u201d, ha asseverat&#8221;.<\/p>\n\n\n\n<p>\u201cPer a Castell\u00f3 les not\u00edcies no s\u00f3n gens bones\u201d, <strong>ha advertit el diputat del Grau,<\/strong> <strong>qui ha lamentat que la majoria de projectes per a la prov\u00edncia<\/strong> \u201ces contemplen, per\u00f2 sense inversi\u00f3 real per a posar-los en marxa\u201d. \u00c9s el cas dels centres de salut de C\u00e0lig, Forcall, Almassora i Vila-real, per als quals s\u2019han assignat xifres \u201cirris\u00f2ries\u201d de 50.000 a 100.000 euros. \u201cL\u2019ampliaci\u00f3 de l\u2019Hospital General de Castell\u00f3 es congela amb la mateixa xifra que en 2024 i que no es va executar, pel que es retarda un any m\u00e9s l\u2019inici de les obres. \u00c9s un altre any perdut per a Castell\u00f3, s\u00f3n uns pressupostos que ens deixen molt mal parats\u201d.<\/p>\n\n\n\n<p>A nivell general, <strong>Sim\u00f3 ha criticat que<\/strong> els comptes per a 2025 &#8220;retallen 52 milions d&#8217;euros en el cap\u00edtol d&#8217;inversions respecte a l&#8217;\u00faltim pressupost del Bot\u00e0nic&#8221;. \u201cCada euro que retallen \u00e9s una oportunitat menys per als pacients, per als professionals de la salut i per a una sanitat p\u00fablica que el PP est\u00e0 deixant morir a poc a poc\u201d, ha lamentat.<\/p>\n\n\n\n<p>\u201cNo han fet encara un pressupost on la sanitat p\u00fablica siga una vertadera prioritat, i \u00e9s inevitable preguntar-se quines esmenes estan ja pactades fruit de l\u2019acord post-Ventorro i que de segur acabaran avan\u00e7ant en el deteriorament i la privatitzaci\u00f3 del sistema sanitari p\u00fablic\u201d, <strong>ha dit en refer\u00e8ncia a les negociacions opaques entre PP i Vox.<\/strong><\/p>\n\n\n\n<p><strong>D\u2019una altra banda, ha denunciat que <\/strong>&#8220;\u00e9s el segon any consecutiu en qu\u00e8 es retallen les ajudes laborals per a persones amb trastorn mental greu i que, malgrat l\u2019impacte psicol\u00f2gic de la DANA, no hi ha cap l\u00ednia pressupost\u00e0ria concreta per a atendre la salut mental de les persones afectades&#8221;. \u201cA\u00e7\u00f2 \u00e9s un error garrafal i una mostra de la falta de planificaci\u00f3 del Consell\u201d, <strong>ha afirmat.<\/strong><\/p>\n\n\n\n<p><strong>Rafa Sim\u00f3 ha concl\u00f2s que la Comunitat Valenciana <\/strong>&#8220;viu sense rumb baix un Consell obsessionat a salvar el seu president, la qual cosa es reflecteix en uns pressupostos aiguats i indignes\u201d. \u201cAquests comptes naixen com un mer tr\u00e0mit per a donar-li un any m\u00e9s de vida pol\u00edtica a Carlos Maz\u00f3n, per a protegir-lo de la jutgessa Ruiz de Catarroja, mentre continuen desprestigiant la sanitat p\u00fablica i desmantellant-la a base de poques inversions i sense afrontar els problemes reals com les llistes d\u2019espera\u201d,<strong> ha concl\u00f2s.<\/strong><\/p>\n","protected":false},"excerpt":{"rendered":"<p>El portaveu socialista de Sanitat a les Corts, Rafa Sim\u00f3, ha carregat contra els pressupostos de la Generalitat per a 2025 perqu\u00e8 s\u00f3n, al seu entendre, \u201cuns comptes de mer tr\u00e0mit i fets a mida perqu\u00e8 Maz\u00f3n continue aforat\u201d. \u201cArrosseguen la falta d\u2019execuci\u00f3 d\u2019inversions de l\u2019any anterior\u201d. En aquest sentit, ha recordat que, en 2024, &#8230; <a title=\"El PSPV acusa Maz\u00f3n de convertir els pressupostos de 2025 en \u201cun mer tr\u00e0mit per a seguir aforat i que deixa molt mal parada en inversions a la prov\u00edncia de Castell\u00f3\u201d.\" class=\"read-more\" href=\"https:\/\/elcafedepipa.com\/index.php\/2025\/04\/02\/el-pspv-acusa-mazon-de-convertir-els-pressupostos-de-2025-en-un-mer-tramit-per-a-seguir-aforat-i-que-deixa-molt-mal-parada-en-inversions-a-la-provincia-de-castello\/\" aria-label=\"M\u00e9s informaci\u00f3 sobre El PSPV acusa Maz\u00f3n de convertir els pressupostos de 2025 en \u201cun mer tr\u00e0mit per a seguir aforat i que deixa molt mal parada en inversions a la prov\u00edncia de Castell\u00f3\u201d.\">Read more<\/a><\/p>\n","protected":false},"author":2,"featured_media":12513,"comment_status":"closed","ping_status":"closed","sticky":false,"template":"","format":"standard","meta":{"om_disable_all_campaigns":false,"_monsterinsights_skip_tracking":false,"_monsterinsights_sitenote_active":false,"_monsterinsights_sitenote_note":"","_monsterinsights_sitenote_category":0,"_uf_show_specific_survey":0,"_uf_disable_surveys":false,"footnotes":""},"categories":[11],"tags":[],"class_list":["post-12512","post","type-post","status-publish","format-standard","has-post-thumbnail","hentry","category-comunitatvalenciana"],"_links":{"self":[{"href":"https:\/\/elcafedepipa.com\/index.php\/wp-json\/wp\/v2\/posts\/12512","targetHints":{"allow":["GET"]}}],"collection":[{"href":"https:\/\/elcafedepipa.com\/index.php\/wp-json\/wp\/v2\/posts"}],"about":[{"href":"https:\/\/elcafedepipa.com\/index.php\/wp-json\/wp\/v2\/types\/post"}],"author":[{"embeddable":true,"href":"https:\/\/elcafedepipa.com\/index.php\/wp-json\/wp\/v2\/users\/2"}],"replies":[{"embeddable":true,"href":"https:\/\/elcafedepipa.com\/index.php\/wp-json\/wp\/v2\/comments?post=12512"}],"version-history":[{"count":0,"href":"https:\/\/elcafedepipa.com\/index.php\/wp-json\/wp\/v2\/posts\/12512\/revisions"}],"wp:featuredmedia":[{"embeddable":true,"href":"https:\/\/elcafedepipa.com\/index.php\/wp-json\/wp\/v2\/media\/12513"}],"wp:attachment":[{"href":"https:\/\/elcafedepipa.com\/index.php\/wp-json\/wp\/v2\/media?parent=12512"}],"wp:term":[{"taxonomy":"category","embeddable":true,"href":"https:\/\/elcafedepipa.com\/index.php\/wp-json\/wp\/v2\/categories?post=12512"},{"taxonomy":"post_tag","embeddable":true,"href":"https:\/\/elcafedepipa.com\/index.php\/wp-json\/wp\/v2\/tags?post=12512"}],"curies":[{"name":"wp","href":"https:\/\/api.w.org\/{rel}","templated":true}]}}