{"id":12509,"date":"2025-04-02T11:41:23","date_gmt":"2025-04-02T09:41:23","guid":{"rendered":"https:\/\/elcafedepipa.com\/?p=12509"},"modified":"2025-04-02T12:28:16","modified_gmt":"2025-04-02T10:28:16","slug":"el-pp-de-la-vall-sollicitem-un-informe-de-legalitat-del-proces-de-seleccio-duna-placa-en-emsevall-despres-de-reconeixer-ledil-del-psoe","status":"publish","type":"post","link":"https:\/\/elcafedepipa.com\/index.php\/2025\/04\/02\/el-pp-de-la-vall-sollicitem-un-informe-de-legalitat-del-proces-de-seleccio-duna-placa-en-emsevall-despres-de-reconeixer-ledil-del-psoe\/","title":{"rendered":"El PP de la Vall: &#8220;sol\u00b7licitem un informe de legalitat del proc\u00e9s de selecci\u00f3 d&#8217;una pla\u00e7a en Emsevall despr\u00e9s de recon\u00e9ixer l&#8217;edil del PSOE la cust\u00f2dia de la prova&#8221;."},"content":{"rendered":"\n<p><strong>El Partit Popular de la Vall ha demanat al gerent de Emsevall informe de legalitat relatiu al proc\u00e9s de selecci\u00f3 d&#8217;una pla\u00e7a en l&#8217;empresa p\u00fablica <\/strong>despr\u00e9s que el regidor delegat de l&#8217;\u00e0rea, <strong>Javier Ferreres<\/strong>, reconeguera de manera expressa en l&#8217;\u00faltim ple que &#8220;ell exercia de custodi de les proves&#8221;.<\/p>\n\n\n\n<p>La llei prohibix de manera expl\u00edcita que un c\u00e0rrec pol\u00edtic puga participar i intervindre en els processos de selecci\u00f3 de personal. Q\u00fcesti\u00f3 que ha motivat que el PP haja presentat via registre al gerent d\u2019Emsevall l&#8217;emissi\u00f3 d&#8217;un informe de legalitat del proc\u00e9s en curs.<\/p>\n\n\n\n<p><strong>Es tracta d&#8217;una pla\u00e7a de netejador\/a d&#8217;edificis i instal\u00b7lacions municipals en la qual seg\u00fan ells<\/strong> \u201cha de garantir-se el principi de neutralitat i rigor que exigix qualsevol proc\u00e9s de selecci\u00f3 laboral\u201d. I el fet que el regidor delegat d\u2019Emsevall \u201chaja exhibit les claus que custodien els ex\u00e0mens i reconegut uf\u00e0 el poder de custodiar-les, no ens sembla la millor mostra d&#8217;equanimitat que s&#8217;espera del procediment\u201d.<\/p>\n\n\n\n<p><strong>Els populars reclamen<\/strong>, \u201cno descartem qualsevol acci\u00f3 al respecte\u201d, ha manifestat Marco. \u201cNi tan sols la petici\u00f3 de declarar nul\u00b7la la prova. D&#8217;antuvi, volem que el gerent d\u2019Emsevall es pronuncie referent a la cust\u00f2dia d&#8217;estes proves per part del regidor delegat\u201d.<\/p>\n\n\n\n<p><strong>Per a la regidora del PP,<\/strong> \u201cles institucions han de ser mod\u00e8liques i exemplars per a despr\u00e9s poder exigir als seus ciutadans que tamb\u00e9 ho siguen. Mal servici li fem a la Vall si un regidor presumix de manera arrogant de ser marmessora d&#8217;uns ex\u00e0mens dels quals hauria d&#8217;estar allunyat perqu\u00e8 la llei aix\u00ed li ho exigix i existixen t\u00e8cnics que, de manera neutral, han d&#8217;estar al capdavant del seguiment del proc\u00e9s laboral\u201d. \u201cEsperem que ens ho aclarisquen\u201d, ha manifestat Marga Marco.<\/p>\n","protected":false},"excerpt":{"rendered":"<p>El Partit Popular de la Vall ha demanat al gerent de Emsevall informe de legalitat relatiu al proc\u00e9s de selecci\u00f3 d&#8217;una pla\u00e7a en l&#8217;empresa p\u00fablica despr\u00e9s que el regidor delegat de l&#8217;\u00e0rea, Javier Ferreres, reconeguera de manera expressa en l&#8217;\u00faltim ple que &#8220;ell exercia de custodi de les proves&#8221;. La llei prohibix de manera expl\u00edcita &#8230; <a title=\"El PP de la Vall: &#8220;sol\u00b7licitem un informe de legalitat del proc\u00e9s de selecci\u00f3 d&#8217;una pla\u00e7a en Emsevall despr\u00e9s de recon\u00e9ixer l&#8217;edil del PSOE la cust\u00f2dia de la prova&#8221;.\" class=\"read-more\" href=\"https:\/\/elcafedepipa.com\/index.php\/2025\/04\/02\/el-pp-de-la-vall-sollicitem-un-informe-de-legalitat-del-proces-de-seleccio-duna-placa-en-emsevall-despres-de-reconeixer-ledil-del-psoe\/\" aria-label=\"M\u00e9s informaci\u00f3 sobre El PP de la Vall: &#8220;sol\u00b7licitem un informe de legalitat del proc\u00e9s de selecci\u00f3 d&#8217;una pla\u00e7a en Emsevall despr\u00e9s de recon\u00e9ixer l&#8217;edil del PSOE la cust\u00f2dia de la prova&#8221;.\">Read more<\/a><\/p>\n","protected":false},"author":2,"featured_media":12510,"comment_status":"closed","ping_status":"closed","sticky":false,"template":"","format":"standard","meta":{"om_disable_all_campaigns":false,"_monsterinsights_skip_tracking":false,"_monsterinsights_sitenote_active":false,"_monsterinsights_sitenote_note":"","_monsterinsights_sitenote_category":0,"_uf_show_specific_survey":0,"_uf_disable_surveys":false,"footnotes":""},"categories":[2],"tags":[],"class_list":["post-12509","post","type-post","status-publish","format-standard","has-post-thumbnail","hentry","category-lavallduixo"],"_links":{"self":[{"href":"https:\/\/elcafedepipa.com\/index.php\/wp-json\/wp\/v2\/posts\/12509","targetHints":{"allow":["GET"]}}],"collection":[{"href":"https:\/\/elcafedepipa.com\/index.php\/wp-json\/wp\/v2\/posts"}],"about":[{"href":"https:\/\/elcafedepipa.com\/index.php\/wp-json\/wp\/v2\/types\/post"}],"author":[{"embeddable":true,"href":"https:\/\/elcafedepipa.com\/index.php\/wp-json\/wp\/v2\/users\/2"}],"replies":[{"embeddable":true,"href":"https:\/\/elcafedepipa.com\/index.php\/wp-json\/wp\/v2\/comments?post=12509"}],"version-history":[{"count":0,"href":"https:\/\/elcafedepipa.com\/index.php\/wp-json\/wp\/v2\/posts\/12509\/revisions"}],"wp:featuredmedia":[{"embeddable":true,"href":"https:\/\/elcafedepipa.com\/index.php\/wp-json\/wp\/v2\/media\/12510"}],"wp:attachment":[{"href":"https:\/\/elcafedepipa.com\/index.php\/wp-json\/wp\/v2\/media?parent=12509"}],"wp:term":[{"taxonomy":"category","embeddable":true,"href":"https:\/\/elcafedepipa.com\/index.php\/wp-json\/wp\/v2\/categories?post=12509"},{"taxonomy":"post_tag","embeddable":true,"href":"https:\/\/elcafedepipa.com\/index.php\/wp-json\/wp\/v2\/tags?post=12509"}],"curies":[{"name":"wp","href":"https:\/\/api.w.org\/{rel}","templated":true}]}}