{"id":12492,"date":"2025-04-02T09:44:39","date_gmt":"2025-04-02T07:44:39","guid":{"rendered":"https:\/\/elcafedepipa.com\/?p=12492"},"modified":"2025-04-02T09:44:40","modified_gmt":"2025-04-02T07:44:40","slug":"la-fundacio-nao-victoria-busca-voluntaris-per-a-viure-lexperiencia-del-festival-des-de-dins","status":"publish","type":"post","link":"https:\/\/elcafedepipa.com\/index.php\/2025\/04\/02\/la-fundacio-nao-victoria-busca-voluntaris-per-a-viure-lexperiencia-del-festival-des-de-dins\/","title":{"rendered":"La Fundaci\u00f3 Nao Victoria busca voluntaris per a viure l\u2019experi\u00e8ncia del festival des de dins."},"content":{"rendered":"\n<p>Els grans <strong>vaixells hist\u00f2rics de la Fundaci\u00f3 Nao Victoria <\/strong>tornen a Castell\u00f3 per a solcar les seues aig\u00fces i formar part, una vegada m\u00e9s, d\u2019Escala a Castell\u00f3. En aquesta 8a edici\u00f3 del festival mar\u00edtim, les emblem\u00e0tiques embarcacions es convertiran en protagonistes d\u2019un esdeveniment que reviu la hist\u00f2ria naval.<\/p>\n\n\n\n<p>Escala a Castell\u00f3 naix amb la missi\u00f3 d\u2019acostar el patrimoni mar\u00edtim a la ciutadania, oferint una experi\u00e8ncia \u00fanica on la hist\u00f2ria, la cultura i la tradici\u00f3 naval cobren vida. A trav\u00e9s de l\u2019arribada d\u2019impressionants embarcacions hist\u00f2riques, el festival busca connectar les persones amb el llegat dels grans navegants. Escala a Castell\u00f3 s\u2019ha consolidat com un esdeveniment que celebra la riquesa mar\u00edtima des d\u2019una perspectiva educativa, reunint fam\u00edlies, apassionats del mar i visitants d\u2019arreu en un entorn \u00fanic.<\/p>\n\n\n\n<p>Del 24 al 28 d\u2019abril, el port es transformar\u00e0 en un aut\u00e8ntic escenari mar\u00edtim amb visites gratu\u00eftes als vaixells, recreacions hist\u00f2riques, cercaviles, mercat mariner, tallers infantils i una variada programaci\u00f3 d\u2019espectacles i concerts per a tots els p\u00fablics. Un festival que, any rere any, continua creixent i atraient milers de persones que desitgen submergir-se en la vida dels antics navegants. Des de l\u2019emocionant entrada dels vaixells al port, on sentir\u00e0s la il\u00b7lusi\u00f3 de la tripulaci\u00f3 en desplegar les veles i escoltar l\u2019eco dels canons, fins a les justes marineres, on es posen a prova habilitats n\u00e0utiques en desafiaments tradicionals.<\/p>\n\n\n\n<p>Enguany, la Fundaci\u00f3 Nao Victoria vol que visques aquesta experi\u00e8ncia des de dins. T\u2019imagines formar part de l\u2019organitzaci\u00f3 d\u2019un festival d\u2019aquesta magnitud? Con\u00e9ixer de primera m\u00e0 com es gestionen i coordinen els vaixells hist\u00f2rics, els esdeveniments i les activitats? La Fundaci\u00f3 Nao Victoria busca voluntaris apassionats pel mar, la hist\u00f2ria i les grans experi\u00e8ncies, que vulguen unir-se al nostre equip durant aquests dies \u00fanics. Ser voluntari significa molt m\u00e9s que participar en un esdeveniment: \u00e9s l\u2019oportunitat de con\u00e9ixer de prop el m\u00f3n de la navegaci\u00f3 hist\u00f2rica, aprendre com es gestiona un gran festival i viure en primera persona la m\u00e0gia d\u2019aquests dies.<\/p>\n\n\n\n<figure class=\"wp-block-image\"><img decoding=\"async\" src=\"https:\/\/attachment.outlook.live.net\/owa\/MSA%3Acc5365c3f7dd9ce4d9b90e6c827db01b594c6660eeea802e5a4261ecbb1a3b77%40shadow.outlook.com\/service.svc\/s\/GetAttachmentThumbnail?id=AQMkAGM4YzkwMAItZGZjOC1jNTQ1LTAwAi0wMAoARgAAA9cCEmx8MKRJt8qcbetlCk8HALfylbCfFZBMsjL0Guod8mwAAAIBDAAAALfylbCfFZBMsjL0Guod8mwAAACYVS%2FwAAAAARIAEADvmdH2Oc0jSJOUj4kSKMFe&amp;thumbnailType=2&amp;isc=1&amp;token=eyJhbGciOiJSUzI1NiIsInR5cCI6IkpXVCIsImtpZCI6InFmQXNzQ3hlbVRweFVyZTh3Wkg3M1hyQ2FRZz0iLCJ4NXQiOiJxZkFzc0N4ZW1UcHhVcmU4d1pINzNYckNhUWc9Iiwibm9uY2UiOiIzTVQzWTJwWE1ONzFsSUJ5RzZ5c0dsOHdldzRGT0RrY19aYm5mNGoyVGRZVVJTNVhQbEtteUlaSTluNjlDSVpxN1JJRjAtWDVVdkEtdjlna1RoYWhqZ2R4VVI1TDZxUV83amJaMDlSVzdFVHV2T0ZTak52OGpzMmM4RTBEQjZqN2t6YjdzSWZPeDE1M1MzR0t1eTUtUlFNR3lSSWxaRUl2UThPQnlMbVduXzgiLCJpc3Nsb2MiOiJBTTZQUjA4TUI0MjMyIiwic3JzbiI6NjM4NzkwNDAwMTA5NTM3NzY2fQ.eyJzYXAtdmVyc2lvbiI6IjMxIiwiYXBwaWQiOiJhZjNlYmJiYS1jMjNmLTQ5MmEtYWE5My04MzQyMTY5NmVjNGIiLCJpc3NyaW5nIjoiV1ciLCJhcHBpZGFjciI6IjIiLCJhcHBfZGlzcGxheW5hbWUiOiIiLCJ1dGkiOiIwOGQ3NjUzMy0xZDk4LTRjY2YtOGIzMC1jMzY4MWRhZTk0MmYiLCJpYXQiOjE3NDM1Nzk4NDAsInZlciI6IlNUSS5Vc2VyLkNhbGxiYWNrVG9rZW4uVjEiLCJ0aWQiOiI4NGRmOWU3ZmU5ZjY0MGFmYjQzNWFhYWFhYWFhYWFhYSIsInRydXN0ZWRmb3JkZWxlZ2F0aW9uIjoiZmFsc2UiLCJ0b3BvbG9neSI6IntcIlR5cGVcIjpcIk1hY2hpbmVcIixcIlZhbHVlXCI6XCJBTTZQUjA4TUI0MjMyLmV1cnByZDA4LnByb2Qub3V0bG9vay5jb21cIn0iLCJyZXF1ZXN0b3JfYXBwaWQiOiIxNTdjZGZiZi03Mzk4LTRhNTYtOTZjMy1lOTNlOWFiMzA5YjUiLCJyZXF1ZXN0b3JfYXBwX2Rpc3BsYXluYW1lIjoiT2ZmaWNlIDM2NSBFeGNoYW5nZSBNaWNyb3NlcnZpY2UiLCJzY3AiOiJPd2FBdHRhY2htZW50cy5SZWFkIiwib2lkIjoiYzhjOTAwMDAtZGZjOC1jNTQ1LTAwMDAtMDAwMDAwMDAwMDAwIiwicHVpZCI6IkM4QzkwMDAwREZDOEM1NDUiLCJzbXRwIjoiY2M1MzY1YzNmN2RkOWNlNGQ5YjkwZTZjODI3ZGIwMWI1OTRjNjY2MGVlZWE4MDJlNWE0MjYxZWNiYjFhM2I3N0BzaGFkb3cub3V0bG9vay5jb20iLCJ1cG4iOiJjYzUzNjVjM2Y3ZGQ5Y2U0ZDliOTBlNmM4MjdkYjAxYjU5NGM2NjYwZWVlYTgwMmU1YTQyNjFlY2JiMWEzYjc3QHNoYWRvdy5vdXRsb29rLmNvbSIsInVzZXJjYWxsYmFja3VzZXJjb250ZXh0aWQiOiI0ZDkwMjA0YjhlMjI0YTQ3OGVkNTIyN2NhMGY2MjJlZSIsImVwayI6IntcImt0eVwiOlwiUlNBXCIsXCJuXCI6XCIzWmVwQ0dFd0hGLTFRakxkaXp5NTdWVHFIRXF5V2o3QzdmSHRMVEJtd1JOdmlvWGt1REZNblFfRUlNOVlwSGxYN2c0Y3FhekF2SEFKaFZwbzBad3draEFSTW9MbWR1SGx1QmVITWNWOF9iNGlkVlNQMS1ndDVqamdUbTgyWVBpdDlnTG56dTQ4Tk9sNnZNdEs4ZlZRem1GbjlhdGI5VG1VeVBMTTh5RWwtc3B6SzAwbnUtZTBFU3dqRUxGRDdWSVpiS2ZVRktHRzVIaXd5N29LcUJBbHlUdWNuS0c3YUs0RF9wY2QyZXJWWkNOM1JEOUZPUlhlUE5ZZmZGNzl2NVVUZjZxdkUzLWJ1dUpJSXpjT1VmZXNicU9fX2VzWHdtemxOU1BHZlBWNjdRaFhrYjdYbDJTYWtuZVFFTnR6NGZ3SEFQRkR0ejdYME5TbWM4RzRZWTV4T1FcIixcImVcIjpcIkFRQUJcIixcImFsZ1wiOlwiUlMyNTZcIixcImV4cFwiOlwiMTc0MzY2OTE0M1wiLFwiZXhwX2RpZmZcIjpcIjg2NDAwXCIsXCJraWRcIjpcIjQ4MndVekRzUWFGNEZJYU5GQ2tJa3NvMHJBMFwifS5XbWFtaGgrZkM5ci9weDRVMDdGZno1MitieEFGMXdVTkdMM1Y1ZWk2aFNYRlp2MGhRWkFYYjZFV3ZlQkYzYytXREFqSklQQTdlNGVtYnNHZ2lwV2dMNmV1b2R6WTVWTTkrUUlPc1drTGc3R051blM1VnIyZmNBV214eHRNUFlraU9FZmZxcVU4N0J2Y0NRL0ZSa3J1aGs3blREaXdzdkZDeHo4Ymx1VVpwTjMrS2pUTGhBV3F0a1lHNENWWUc1cmNvaTVoWlduUG1TREltMzU1bzNTTmZmZXhkdm81S3NhdFpFTVV3WHUvRld3VFJNdzd5ZW1ldzk2R3ljc05OWUxpN0I5Y29RU09UMXhrS29XM3lxNGVDbmt6Njh0OEl2dGpFZW9ubWp6TE5KaEYxbFliUUJ6QVdBRUhNNjV1VWR1U2Z0S2ZXRXRmRGhYKzNRNVl4OGVyUXc9PSIsIm5iZiI6MTc0MzU3OTg0MCwiZXhwIjoxNzQzNTgwMTQwLCJpc3MiOiJodHRwczovL3N1YnN0cmF0ZS5vZmZpY2UuY29tL3N0cy8iLCJhdWQiOiJodHRwczovL291dGxvb2sub2ZmaWNlLmNvbSIsInNzZWMiOiJFN1NDMldIK2tVcXc5RC90In0.ICN732RwfQvKgPMcW1xkrzO8zol6GWNilC9PObJ92n6d6sJoNPO-LnhuX8xoKtZ8BCRSL1Jkb4QWwGbhXwiIginmjFp7y3jvjl5v2hwlQgRXHZEZ72Nt5CoB7omQ1dBPh63WBSkshqYLGn2_MwBnrDPwr1VaJWwGP9mRhCFNQRNCnPkitWUok7pMJppu2faXg1w78lFhuFgyK8Elp9v6N5fEvTuHyIB0vOcZIFrZN8lzkIW023vbF0tJdJHjqEg_qy2pWiOL40VmTFTtsx9GJB1torVUM0b11aBD5ldmrFQpNscEZ4xIMTrS2QO6jVec7BcXQkcnNg-cSMznc9Yu1w&amp;X-OWA-CANARY=X-OWA-CANARY_cookie_is_null_or_empty&amp;owa=outlook.office.com&amp;scriptVer=20250320055.21&amp;clientId=9D102550BD6B4DD893AD89D9C51CE92B&amp;animation=true&amp;persistenceId=dfe7cb4f-a6bf-4148-b72c-84af090c5629\" alt=\"Visualitzaci\u00f3 pr\u00e8via de la imatge\"\/><\/figure>\n","protected":false},"excerpt":{"rendered":"<p>Els grans vaixells hist\u00f2rics de la Fundaci\u00f3 Nao Victoria tornen a Castell\u00f3 per a solcar les seues aig\u00fces i formar part, una vegada m\u00e9s, d\u2019Escala a Castell\u00f3. En aquesta 8a edici\u00f3 del festival mar\u00edtim, les emblem\u00e0tiques embarcacions es convertiran en protagonistes d\u2019un esdeveniment que reviu la hist\u00f2ria naval. Escala a Castell\u00f3 naix amb la missi\u00f3 &#8230; <a title=\"La Fundaci\u00f3 Nao Victoria busca voluntaris per a viure l\u2019experi\u00e8ncia del festival des de dins.\" class=\"read-more\" href=\"https:\/\/elcafedepipa.com\/index.php\/2025\/04\/02\/la-fundacio-nao-victoria-busca-voluntaris-per-a-viure-lexperiencia-del-festival-des-de-dins\/\" aria-label=\"M\u00e9s informaci\u00f3 sobre La Fundaci\u00f3 Nao Victoria busca voluntaris per a viure l\u2019experi\u00e8ncia del festival des de dins.\">Read more<\/a><\/p>\n","protected":false},"author":2,"featured_media":12493,"comment_status":"closed","ping_status":"closed","sticky":false,"template":"","format":"standard","meta":{"om_disable_all_campaigns":false,"_monsterinsights_skip_tracking":false,"_monsterinsights_sitenote_active":false,"_monsterinsights_sitenote_note":"","_monsterinsights_sitenote_category":0,"_uf_show_specific_survey":0,"_uf_disable_surveys":false,"footnotes":""},"categories":[1],"tags":[],"class_list":["post-12492","post","type-post","status-publish","format-standard","has-post-thumbnail","hentry","category-non-classe"],"_links":{"self":[{"href":"https:\/\/elcafedepipa.com\/index.php\/wp-json\/wp\/v2\/posts\/12492","targetHints":{"allow":["GET"]}}],"collection":[{"href":"https:\/\/elcafedepipa.com\/index.php\/wp-json\/wp\/v2\/posts"}],"about":[{"href":"https:\/\/elcafedepipa.com\/index.php\/wp-json\/wp\/v2\/types\/post"}],"author":[{"embeddable":true,"href":"https:\/\/elcafedepipa.com\/index.php\/wp-json\/wp\/v2\/users\/2"}],"replies":[{"embeddable":true,"href":"https:\/\/elcafedepipa.com\/index.php\/wp-json\/wp\/v2\/comments?post=12492"}],"version-history":[{"count":0,"href":"https:\/\/elcafedepipa.com\/index.php\/wp-json\/wp\/v2\/posts\/12492\/revisions"}],"wp:featuredmedia":[{"embeddable":true,"href":"https:\/\/elcafedepipa.com\/index.php\/wp-json\/wp\/v2\/media\/12493"}],"wp:attachment":[{"href":"https:\/\/elcafedepipa.com\/index.php\/wp-json\/wp\/v2\/media?parent=12492"}],"wp:term":[{"taxonomy":"category","embeddable":true,"href":"https:\/\/elcafedepipa.com\/index.php\/wp-json\/wp\/v2\/categories?post=12492"},{"taxonomy":"post_tag","embeddable":true,"href":"https:\/\/elcafedepipa.com\/index.php\/wp-json\/wp\/v2\/tags?post=12492"}],"curies":[{"name":"wp","href":"https:\/\/api.w.org\/{rel}","templated":true}]}}