{"id":12466,"date":"2025-04-01T14:01:03","date_gmt":"2025-04-01T12:01:03","guid":{"rendered":"https:\/\/elcafedepipa.com\/?p=12466"},"modified":"2025-04-01T14:01:04","modified_gmt":"2025-04-01T12:01:04","slug":"el-mes-dabril-arriba-ple-dactivitats-a-almenara","status":"publish","type":"post","link":"https:\/\/elcafedepipa.com\/index.php\/2025\/04\/01\/el-mes-dabril-arriba-ple-dactivitats-a-almenara\/","title":{"rendered":"El mes d&#8217;abril arriba ple d&#8217;activitats a Almenara"},"content":{"rendered":"\n<p>El mes d&#8217;abril arriba a Almenara ple d&#8217;activitats per a tots els p\u00fablics, en un mes on les celebracions de <strong>Setmana Santa i Pasqua<\/strong> prenen el protagonisme. Mercadet a la platja, confer\u00e8ncies, exposicions, rutes guiades, tornejos de futbol, Mig Any Fester,\u00a0<em>tardeos<\/em>, cercaviles i tastos de cervesa formen part de les propostes per a un mes \u00a0molt especial.<\/p>\n\n\n\n<p>Les activitats comen\u00e7aran el <strong>divendres 4 d&#8217;abril <\/strong>amb dues propostes. A les <strong>18 hores el Museu del Mol\u00ed d\u2019Arr\u00f2s<\/strong> s&#8217;inaugurar\u00e0 l&#8217;exposici\u00f3 de dibuix d&#8217;Enrique Barrera que es podr\u00e0 veure fins al 30 d&#8217;abril. Posteriorment, a les 19 hores, la Sala d&#8217;actes del CMC Paulo Freire acollir\u00e0 la confer\u00e8ncia de Pedro Garc\u00eda Aguado i Nerea L\u00f3pez titulada <strong>\u201cEducar en l&#8217;adolesc\u00e8ncia\u201d<\/strong>. L&#8217;entrada ser\u00e0 lliure fins a completar l&#8217;aforament.<\/p>\n\n\n\n<p>El divendres 11 d&#8217;abril a les 12 en el CMC Paulo Freire Jorge Ramos pronunciar\u00e0 la xarrada \u201cEntendre Palestina-Israel i com actuar davant el genocidi de Gaza\u201d que tindr\u00e0 entrada lliure. L&#8217;acte est\u00e0 organitzat pel Departament de Geografia i Hist\u00f2ria de l&#8217;IES Almenara. A m\u00e9s, des d&#8217;eixe mateix dia i fins al 9 de maig en el mateix edifici es podr\u00e0 contemplar la mostra de Carlos Pla titulada \u201cGeneraciones. La vida en Cisjordania\u201d.<\/p>\n\n\n\n<p>El dissabte 12 d&#8217;abril a partir de les 10 del mat\u00ed hi haur\u00e0 una visita guiada amb recreaci\u00f3 al Conjunt Memorial de Darrere del Castell. La inscripci\u00f3 gratu\u00efta es podr\u00e0 fer en el tel\u00e8fon 620 55 74 71 o en el correu electr\u00f2nic&nbsp;<a href=\"mailto:centrexyzalmenara@gmail.com\">centrexyzalmenara@gmail.com<\/a>.<\/p>\n\n\n\n<p>Eixe mateix dissabte la regidoria de Festes en col\u00b7laboraci\u00f3 amb els Quintos 2025 organitzar\u00e0 el Mig Any Fester en l&#8217;Aparcament Municipal. El dinar ser\u00e0 a les 14 hores i despr\u00e9s hi haur\u00e0 discom\u00f2bil a partir de les 16 hores amb Dj Royo, Djouza i Alex Garc\u00eda. La reserva de taules i cadires ser\u00e0 a l&#8217;ajuntament de l&#8217;1 al 9 d&#8217;abril.<\/p>\n\n\n\n<p>El diumenge 13 continuaran les visites guiades al Castell i la Torre Bivalcadim. L&#8217;eixida ser\u00e0 a les 10 del mat\u00ed. Les inscripcions seran gratu\u00eftes en el tel\u00e8fon 660 568 831. A m\u00e9s, els dies 14 i 16 l\u2019Escola de M\u00fasica Si Fa Sol d&#8217;Almenara dur\u00e0 a terme un passeig musical per les places de la localitat a partir de les 18 hores.<\/p>\n\n\n\n<p><strong>PROGRAMACI\u00d3 ESPECIAL DE PASQUA<\/strong><\/p>\n\n\n\n<p>El Dijous Sant, 17 d&#8217;abril, comen\u00e7ar\u00e0 la programaci\u00f3 especial de Pasqua de l&#8217;Ajuntament d&#8217;Almenara, i el far\u00e0 amb una jornada matinal de futbol amb la disputa dels tornejos Vila d\u2019Almenara Femen\u00ed i Querub\u00ed en els camps de futbol La Corona i Jos\u00e9 Vicente Forment respectivament.<\/p>\n\n\n\n<p>Eixe mateix dia, a partir de les 10 del mat\u00ed, en la zona de l&#8217;Oficina de Turisme del Passeig Mar\u00edtim de la Platja Casablanca comen\u00e7ar\u00e0 el Mercadet de Pasqua que estar\u00e0 obert fins al diumenge 20.<\/p>\n\n\n\n<p>El divendres 18 i el dissabte 19 continuaran els tornejos de futbol al Camp de la Corona amb el torneig Vila d\u2019Almenara per a la categoria d&#8217;Alev\u00ed, celebrant-se el divendres el de primer any i el dissabte el de segon any.<\/p>\n\n\n\n<p>Tamb\u00e9 el divendres 18 i el dissabte 19 a partir de les 10 hores del mat\u00ed hi haur\u00e0 visites guiades als Estanys d&#8217;Almenara. La inscripci\u00f3 ser\u00e0 gratu\u00efta en el tel\u00e8fon 679 389 887 o en el correu electr\u00f2nic&nbsp;<a href=\"mailto:aulanatura@almenara.es\">aulanatura@almenara.es<\/a>.<\/p>\n\n\n\n<p>A m\u00e9s en la zona de l&#8217;Oficina de Turisme de la Platja Casablanca, el dissabte 19 es dur\u00e0 a terme el \u201cTardeo\u201d dels Quintos 2025 i dels Quintos dels 27 anys amb l&#8217;orquestra Pop Rock a partir de les 18 hores.<\/p>\n\n\n\n<p>Finalment, el dissabte 26 d&#8217;abril, hi haur\u00e0 un tast de cerveses a partir de les 13 hores enfront de l&#8217;Oficina de Turisme de la Platja Casablanca d&#8217;Almenara. Les inscripcions tindran un preu de 10 euros i es podran realitzar en l&#8217;Oficina de Turisme del Mol\u00ed d\u2019Arr\u00f2s en els tel\u00e8fons 962 62 33 45 i 660 56 88 31.<\/p>\n\n\n\n<p><strong>ESCOLA DE PASQUA I PASQUA JOVE<\/strong><\/p>\n\n\n\n<p>A m\u00e9s, en el col\u00b7legi de la localitat es dur\u00e0 a terme l\u2019Escola de Pasqua 2025 els dies 17, 22, 23, 24 i 25 d&#8217;abril, mentre que del 22 al 25 d&#8217;abril se celebraran les activitats de la Pasqua Jove 2025 com s\u00f3n el disseny de videojocs, tallers de superviv\u00e8ncia i de cuina, i una jornada d&#8217;aventura en la Via Ferrata de l&#8217;Alcora. Les inscripcions per a ambdues es poden realitzar fins a l&#8217;11 d&#8217;abril en el Casal Jove, sempre que queden places disponibles.<\/p>\n","protected":false},"excerpt":{"rendered":"<p>El mes d&#8217;abril arriba a Almenara ple d&#8217;activitats per a tots els p\u00fablics, en un mes on les celebracions de Setmana Santa i Pasqua prenen el protagonisme. Mercadet a la platja, confer\u00e8ncies, exposicions, rutes guiades, tornejos de futbol, Mig Any Fester,\u00a0tardeos, cercaviles i tastos de cervesa formen part de les propostes per a un mes &#8230; <a title=\"El mes d&#8217;abril arriba ple d&#8217;activitats a Almenara\" class=\"read-more\" href=\"https:\/\/elcafedepipa.com\/index.php\/2025\/04\/01\/el-mes-dabril-arriba-ple-dactivitats-a-almenara\/\" aria-label=\"M\u00e9s informaci\u00f3 sobre El mes d&#8217;abril arriba ple d&#8217;activitats a Almenara\">Read more<\/a><\/p>\n","protected":false},"author":2,"featured_media":12468,"comment_status":"closed","ping_status":"closed","sticky":false,"template":"","format":"standard","meta":{"om_disable_all_campaigns":false,"_monsterinsights_skip_tracking":false,"_monsterinsights_sitenote_active":false,"_monsterinsights_sitenote_note":"","_monsterinsights_sitenote_category":0,"_uf_show_specific_survey":0,"_uf_disable_surveys":false,"footnotes":""},"categories":[5],"tags":[],"class_list":["post-12466","post","type-post","status-publish","format-standard","has-post-thumbnail","hentry","category-almenara"],"_links":{"self":[{"href":"https:\/\/elcafedepipa.com\/index.php\/wp-json\/wp\/v2\/posts\/12466","targetHints":{"allow":["GET"]}}],"collection":[{"href":"https:\/\/elcafedepipa.com\/index.php\/wp-json\/wp\/v2\/posts"}],"about":[{"href":"https:\/\/elcafedepipa.com\/index.php\/wp-json\/wp\/v2\/types\/post"}],"author":[{"embeddable":true,"href":"https:\/\/elcafedepipa.com\/index.php\/wp-json\/wp\/v2\/users\/2"}],"replies":[{"embeddable":true,"href":"https:\/\/elcafedepipa.com\/index.php\/wp-json\/wp\/v2\/comments?post=12466"}],"version-history":[{"count":0,"href":"https:\/\/elcafedepipa.com\/index.php\/wp-json\/wp\/v2\/posts\/12466\/revisions"}],"wp:featuredmedia":[{"embeddable":true,"href":"https:\/\/elcafedepipa.com\/index.php\/wp-json\/wp\/v2\/media\/12468"}],"wp:attachment":[{"href":"https:\/\/elcafedepipa.com\/index.php\/wp-json\/wp\/v2\/media?parent=12466"}],"wp:term":[{"taxonomy":"category","embeddable":true,"href":"https:\/\/elcafedepipa.com\/index.php\/wp-json\/wp\/v2\/categories?post=12466"},{"taxonomy":"post_tag","embeddable":true,"href":"https:\/\/elcafedepipa.com\/index.php\/wp-json\/wp\/v2\/tags?post=12466"}],"curies":[{"name":"wp","href":"https:\/\/api.w.org\/{rel}","templated":true}]}}