{"id":12455,"date":"2025-04-01T13:19:05","date_gmt":"2025-04-01T11:19:05","guid":{"rendered":"https:\/\/elcafedepipa.com\/?p=12455"},"modified":"2025-04-01T13:19:06","modified_gmt":"2025-04-01T11:19:06","slug":"la-diputacio-de-castello-protegeix-el-patrimoni-i-impulsa-el-turisme-cultural-a-almassora-en-invertir-125-000-euros-per-a-construir-un-centre-dinterpretacio-en-el-jaciment-arqueologic-del-tor","status":"publish","type":"post","link":"https:\/\/elcafedepipa.com\/index.php\/2025\/04\/01\/la-diputacio-de-castello-protegeix-el-patrimoni-i-impulsa-el-turisme-cultural-a-almassora-en-invertir-125-000-euros-per-a-construir-un-centre-dinterpretacio-en-el-jaciment-arqueologic-del-tor\/","title":{"rendered":"La Diputaci\u00f3 de Castell\u00f3 protegeix el patrimoni i impulsa el turisme cultural a Almassora en invertir 125.000 euros per a construir un centre d\u2019interpretaci\u00f3 en el jaciment arqueol\u00f2gic del Torrell\u00f3"},"content":{"rendered":"\n<p>La Diputaci\u00f3 Provincial de Castell\u00f3 protegix el patrimoni i impulsa el turisme cultural a Almassora en invertir 125.000 euros per a construir un centre d&#8217;interpretaci\u00f3 en el jaciment arqueol\u00f2gic del Torrell\u00f3.<\/p>\n\n\n\n<p><strong>La presidenta de la instituci\u00f3 provincial, Marta Barrachina<\/strong>, ha visitat este dimarts el municipi d&#8217;Almassora a fi de firmar al costat de l&#8217;alcaldessa, Mar\u00eda Tormo, un conveni singular entre les dos institucions per a construir esta instal\u00b7laci\u00f3 en el jaciment arqueol\u00f2gic declarat B\u00e9 d&#8217;Inter\u00e9s Cultural (BIC) per la seua simbologia i import\u00e0ncia patrimonial.<\/p>\n\n\n\n<p>Despr\u00e9s de la visita institucional a <strong>l&#8217;Ajuntament d&#8217;Almassora,<\/strong> les dos dirigents s&#8217;han despla\u00e7at fins al jaciment del Torrell\u00f3 per a con\u00e9ixer al costat de l&#8217;arque\u00f2leg municipal, Gerardo Clausell, l&#8217;actuaci\u00f3 que es dur\u00e0 a terme en l&#8217;assentament fortificat. L&#8217;objectiu d&#8217;este projecte, que compta amb un pressupost de 125.000 euros finan\u00e7ats per la instituci\u00f3 provincial, \u00e9s crear un edifici, adjacent al propi jaciment, consistent en una aula d&#8217;usos m\u00faltiples, una \u00e0gora o espai exterior i uns lavabos adaptats. L&#8217;execuci\u00f3 del conjunt, en este entorn natural, ha de ser ecol\u00f2gica i sostenible en concepte i construcci\u00f3, emprant la pedra i la terra.<\/p>\n\n\n\n<p>\u201cLa construcci\u00f3 del centre d&#8217;Interpretaci\u00f3 en El Torrell\u00f3 \u00e9s una aposta clara per posar en valor la nostra hist\u00f2ria i fer-la accessible a tota la ciutadania. \u00c9s un exemple perfecte de com el patrimoni pot ser motor de desenvolupament local\u201d, ha expressat la dirigent provincial.<\/p>\n\n\n\n<p>Marta Barrachina ha remarcat l&#8217;aposta de la instituci\u00f3 provincial per preservar el patrimoni. \u201cEl jaciment del Torrell\u00f3 \u00e9s una joia del nostre patrimoni que ens connecta directament amb la nostra hist\u00f2ria m\u00e9s antiga i l&#8217;actuaci\u00f3 a realitzar forma part del nostre comprom\u00eds per la conservaci\u00f3 i preservaci\u00f3 del patrimoni del conjunt del nostre territori\u201d.<\/p>\n\n\n\n<p>Per part seua, l&#8217;alcaldessa Mar\u00eda Tormo ha assenyalat que la creaci\u00f3 del centre d&#8217;interpretaci\u00f3 \u201cservir\u00e0 per a implementar el turisme cultural, en aprofitar uns recursos sostenibles i mediambientals, que posen en valor el ric patrimoni local, convertint-ho a trav\u00e9s de recursos did\u00e0ctics en una<\/p>\n\n\n\n<p>ferramenta de treball i formaci\u00f3 del p\u00fablic en general\u201d.<\/p>\n\n\n\n<p>Al respecte assenyalar que el projecte s&#8217;ha dissenyat amb una clara aposta per la sostenibilitat, reutilitzant materials de les pr\u00f2pies excavacions per a la construcci\u00f3 del centre d&#8217;interpretaci\u00f3, demostrant que la protecci\u00f3 del medi ambient i la conservaci\u00f3 del patrimoni poden anar de bracet.<\/p>\n\n\n\n<p>\u201cAgra\u00efsc enormement la col\u00b7laboraci\u00f3 de la Diputaci\u00f3 per a poder fer realitat esta actuaci\u00f3 que permetr\u00e0 poder visitar les ru\u00efnes ib\u00e8riques i tindre un centre d&#8217;interpretaci\u00f3 annex, completant aix\u00ed el recorregut per esta joia patrimonial i hist\u00f2rica d&#8217;Almassora\u201d, ha ressaltat Tormo, qui ha insistit en el car\u00e0cter pedag\u00f2gic d&#8217;este jaciment que rep nombroses visites per part dels centres educatius.<\/p>\n\n\n\n<p>La presidenta Marta Barrachina ha subratllat que esta actuaci\u00f3 \u00e9s fruit del treball conjunt amb l&#8217;Ajuntament d&#8217;Almassora. \u201cQuan sumem esfor\u00e7os, aconseguim projectes que milloren el nostre territori i que preserven la nostra hist\u00f2ria per a futures generacions\u201d, ha indicat.<\/p>\n\n\n\n<p>Les excavacions realitzades, des de 1989 fins a la data, han perm\u00e9s situar el Torrell\u00f3 com un referent en l&#8217;estudi dels dos \u00faltims mil\u00b7lennis abans de Crist en la pen\u00ednsula ib\u00e8rica; des de la cultura del bronze mitj\u00e0, passant pel<\/p>\n\n\n\n<p>m\u00f3n de les colonitzacions fen\u00edcies i la cultura ib\u00e8rica per a acabar amb la seua desaparici\u00f3 durant la conquesta de Jaume I, cap al segle XIII d. C..<\/p>\n\n\n\n<p>Les troballes trobades en el Torrell\u00f3 es poden visitar en el Museu Municipal.<\/p>\n\n\n\n<figure class=\"wp-block-image\"><img decoding=\"async\" src=\"https:\/\/attachment.outlook.live.net\/owa\/MSA%3Acc5365c3f7dd9ce4d9b90e6c827db01b594c6660eeea802e5a4261ecbb1a3b77%40shadow.outlook.com\/service.svc\/s\/GetAttachmentThumbnail?id=AQMkAGM4YzkwMAItZGZjOC1jNTQ1LTAwAi0wMAoARgAAA9cCEmx8MKRJt8qcbetlCk8HALfylbCfFZBMsjL0Guod8mwAAAIBDAAAALfylbCfFZBMsjL0Guod8mwAAACYVS%2FlAAAAARIAEAAhXJ74%2FVhfTrC%2F4nHR%2FKUy&amp;thumbnailType=2&amp;isc=1&amp;token=eyJhbGciOiJSUzI1NiIsInR5cCI6IkpXVCIsImtpZCI6ImRadEd6QjZZWFJlTnhkZk8zOUFLM2JvZStRUT0iLCJ4NXQiOiJkWnRHekI2WVhSZU54ZGZPMzlBSzNib2UrUVE9Iiwibm9uY2UiOiJSUTlMRGx5M3dfSEZUaEpfNGlHeVdzMkF0OXo3M2lKSUJNQnFkR3ZTbmM0dkl0MFlXWFczUy13TFVtcFM4cUJ3Tkk5TFMtZXhYcC1GY1c4SDhpaU5WYWdOU3JWSmNlSjdJZVFZaDBSdXBqVlVLaFlnMHoyaTYxOEFtdnVrUU43T0ZlS3ZySXhadk9tckxTNU02R2owQl9lYlhiS1M3SzhzVnZBZWtRSklCRFkiLCJpc3Nsb2MiOiJBTTZQUjA4TUI0MjMyIiwic3JzbiI6NjM4NzkwNDAwMTA5NTM3Njg0fQ.eyJzYXAtdmVyc2lvbiI6IjMxIiwiYXBwaWQiOiJhZjNlYmJiYS1jMjNmLTQ5MmEtYWE5My04MzQyMTY5NmVjNGIiLCJpc3NyaW5nIjoiV1ciLCJhcHBpZGFjciI6IjIiLCJhcHBfZGlzcGxheW5hbWUiOiIiLCJ1dGkiOiI0ZjgwYWFhNC05NjJkLTRjZWUtYjM3YS1lNDJlZDIxNDA2Y2MiLCJpYXQiOjE3NDM1MDYwMzksInZlciI6IlNUSS5Vc2VyLkNhbGxiYWNrVG9rZW4uVjEiLCJ0aWQiOiI4NGRmOWU3ZmU5ZjY0MGFmYjQzNWFhYWFhYWFhYWFhYSIsInRydXN0ZWRmb3JkZWxlZ2F0aW9uIjoiZmFsc2UiLCJ0b3BvbG9neSI6IntcIlR5cGVcIjpcIk1hY2hpbmVcIixcIlZhbHVlXCI6XCJBTTZQUjA4TUI0MjMyLmV1cnByZDA4LnByb2Qub3V0bG9vay5jb21cIn0iLCJyZXF1ZXN0b3JfYXBwaWQiOiIxNTdjZGZiZi03Mzk4LTRhNTYtOTZjMy1lOTNlOWFiMzA5YjUiLCJyZXF1ZXN0b3JfYXBwX2Rpc3BsYXluYW1lIjoiT2ZmaWNlIDM2NSBFeGNoYW5nZSBNaWNyb3NlcnZpY2UiLCJzY3AiOiJPd2FBdHRhY2htZW50cy5SZWFkIiwib2lkIjoiYzhjOTAwMDAtZGZjOC1jNTQ1LTAwMDAtMDAwMDAwMDAwMDAwIiwicHVpZCI6IkM4QzkwMDAwREZDOEM1NDUiLCJzbXRwIjoiY2M1MzY1YzNmN2RkOWNlNGQ5YjkwZTZjODI3ZGIwMWI1OTRjNjY2MGVlZWE4MDJlNWE0MjYxZWNiYjFhM2I3N0BzaGFkb3cub3V0bG9vay5jb20iLCJ1cG4iOiJjYzUzNjVjM2Y3ZGQ5Y2U0ZDliOTBlNmM4MjdkYjAxYjU5NGM2NjYwZWVlYTgwMmU1YTQyNjFlY2JiMWEzYjc3QHNoYWRvdy5vdXRsb29rLmNvbSIsInVzZXJjYWxsYmFja3VzZXJjb250ZXh0aWQiOiI0ZDkwMjA0YjhlMjI0YTQ3OGVkNTIyN2NhMGY2MjJlZSIsImVwayI6IntcImt0eVwiOlwiUlNBXCIsXCJuXCI6XCJ5ZWs4ZkRPZmxha3h4T1RXZDNVbVNCY2wwbzhfN1B1NzA4OUJTWXFmbnMtUHY0X0N3S2ZrNmZNZXlGd3Zxc3UtTkN4ZzAxTHN5MDNxRWd6ZVladDBZSWxHamJ4QVdQVDFSRXBNMkJoUThhdUlmQnZzcmpvdjByTkt4RW1aZkJLbHBnQ0RrUFJXY1pnbDIyWjZVQUczVTlGb0R0M1F0QWxDT3AwWkpHbWdMMTVSUkhBaHhWVG41VFBjZDJNZHUyYVdDQmU3aDF2NDdlNDNlU1loYTA3a2NlOFhqZXJhV0RHaDdXeEp2TW9KZTRwS29udzhkSlZrejI5SFpqZmd0dTVXVXRVb1VGaGpMaTc5NFVlU1lIWjd4Q2hHTUh2V0JuemJoZGRMblNzQ19CWFFiV3A0LVFFdU9EWk1iTWRpbjNxQmxWU2FrbzM4Q00tNEdfc0loM0F3d1FcIixcImVcIjpcIkFRQUJcIixcImFsZ1wiOlwiUlMyNTZcIixcImV4cFwiOlwiMTc0MzU5NTMyNlwiLFwiZXhwX2RpZmZcIjpcIjg2NDAwXCIsXCJraWRcIjpcIjQ4MndVekRzUWFGNEZJYU5GQ2tJa3NvMHJBMFwifS5zQmJRbm9IWWNheGN5TjI1VHhNT2RhUWV3Yy9ELzdocXVIYXErM2F5T2VFMGRYc3RCTEdJRitGNk5YVjlocHpMNWhuYi9DM0V4Q0JnY3FjZGhaVWtabE5jOWlIdEJsaDdidnJudnlTQk4rRnRqSzNkK1Azb0F1TnNSb2pLQXkzNktwMko1YjZKdWhmdGNJb1BZTzlkNWZrdnhwdmwwSlE1NXJ3UWNJeEJtQzlCeTJBMEhEZWtTWTdST1BjS25QdmlzeFJlTThXcVdoR1N4UWlod3FYTUpVeFZwTGpoNkJLK3JidUFtUEFsS1BGWVRaakxRZ2MvdDI2MGN1SmJHMzZYeHJxOTJ0U3VpcEdRb2thY3NlbzV6MDlDQ1RMZU43b0FCWTNocDNuOEVkMFlPVUdwY0MyMkFsWm0vRmNFK1Nkbk5lcU9SRllweWlLM2lqM2Y5dVVNYkE9PSIsIm5iZiI6MTc0MzUwNjAzOSwiZXhwIjoxNzQzNTA2MzM5LCJpc3MiOiJodHRwczovL3N1YnN0cmF0ZS5vZmZpY2UuY29tL3N0cy8iLCJhdWQiOiJodHRwczovL291dGxvb2sub2ZmaWNlLmNvbSIsInNzZWMiOiJFN2txcW5kUGQ4V2FoVWRTIn0.Z4LyNVATi3qB8Hd0c9JBgaiZ_EGMuNjkR7kMd-UIvUisMWDIBixd0eg6ZeWdvgdNODxdXAT89SYIVITaYnoa44w0j9QKFS6xjDqNGUDYxtFAN6QzZFLheQrM_Yys_Yo0xS7Gc-1zxs9M-ls0pif_aGkhGNBgjaWXKS7iKTLlczx20H0fQTw2tQ1jSao63YpaXxJw9GcG6fCzDW9_3gm_oWoLUF8xe2dO7luroXwj-mwFP9HmSCXnUjycOFRs8VWwsUAMCaoee7xQGdhsv4aeZ7LP8d4pLTMcLlUk22kowpMtl8WvWrt7Tk7Son8KgrbnY_mngE4ZXkkC6gb3G0VwCA&amp;X-OWA-CANARY=X-OWA-CANARY_cookie_is_null_or_empty&amp;owa=outlook.office.com&amp;scriptVer=20250320055.21&amp;clientId=9D102550BD6B4DD893AD89D9C51CE92B&amp;animation=true&amp;persistenceId=dfe7cb4f-a6bf-4148-b72c-84af090c5629\" alt=\"Visualitzaci\u00f3 pr\u00e8via de la imatge\"\/><\/figure>\n","protected":false},"excerpt":{"rendered":"<p>La Diputaci\u00f3 Provincial de Castell\u00f3 protegix el patrimoni i impulsa el turisme cultural a Almassora en invertir 125.000 euros per a construir un centre d&#8217;interpretaci\u00f3 en el jaciment arqueol\u00f2gic del Torrell\u00f3. La presidenta de la instituci\u00f3 provincial, Marta Barrachina, ha visitat este dimarts el municipi d&#8217;Almassora a fi de firmar al costat de l&#8217;alcaldessa, Mar\u00eda &#8230; <a title=\"La Diputaci\u00f3 de Castell\u00f3 protegeix el patrimoni i impulsa el turisme cultural a Almassora en invertir 125.000 euros per a construir un centre d\u2019interpretaci\u00f3 en el jaciment arqueol\u00f2gic del Torrell\u00f3\" class=\"read-more\" href=\"https:\/\/elcafedepipa.com\/index.php\/2025\/04\/01\/la-diputacio-de-castello-protegeix-el-patrimoni-i-impulsa-el-turisme-cultural-a-almassora-en-invertir-125-000-euros-per-a-construir-un-centre-dinterpretacio-en-el-jaciment-arqueologic-del-tor\/\" aria-label=\"M\u00e9s informaci\u00f3 sobre La Diputaci\u00f3 de Castell\u00f3 protegeix el patrimoni i impulsa el turisme cultural a Almassora en invertir 125.000 euros per a construir un centre d\u2019interpretaci\u00f3 en el jaciment arqueol\u00f2gic del Torrell\u00f3\">Read more<\/a><\/p>\n","protected":false},"author":2,"featured_media":0,"comment_status":"closed","ping_status":"closed","sticky":false,"template":"","format":"standard","meta":{"om_disable_all_campaigns":false,"_monsterinsights_skip_tracking":false,"_monsterinsights_sitenote_active":false,"_monsterinsights_sitenote_note":"","_monsterinsights_sitenote_category":0,"_uf_show_specific_survey":0,"_uf_disable_surveys":false,"footnotes":""},"categories":[11],"tags":[],"class_list":["post-12455","post","type-post","status-publish","format-standard","hentry","category-comunitatvalenciana"],"_links":{"self":[{"href":"https:\/\/elcafedepipa.com\/index.php\/wp-json\/wp\/v2\/posts\/12455","targetHints":{"allow":["GET"]}}],"collection":[{"href":"https:\/\/elcafedepipa.com\/index.php\/wp-json\/wp\/v2\/posts"}],"about":[{"href":"https:\/\/elcafedepipa.com\/index.php\/wp-json\/wp\/v2\/types\/post"}],"author":[{"embeddable":true,"href":"https:\/\/elcafedepipa.com\/index.php\/wp-json\/wp\/v2\/users\/2"}],"replies":[{"embeddable":true,"href":"https:\/\/elcafedepipa.com\/index.php\/wp-json\/wp\/v2\/comments?post=12455"}],"version-history":[{"count":0,"href":"https:\/\/elcafedepipa.com\/index.php\/wp-json\/wp\/v2\/posts\/12455\/revisions"}],"wp:attachment":[{"href":"https:\/\/elcafedepipa.com\/index.php\/wp-json\/wp\/v2\/media?parent=12455"}],"wp:term":[{"taxonomy":"category","embeddable":true,"href":"https:\/\/elcafedepipa.com\/index.php\/wp-json\/wp\/v2\/categories?post=12455"},{"taxonomy":"post_tag","embeddable":true,"href":"https:\/\/elcafedepipa.com\/index.php\/wp-json\/wp\/v2\/tags?post=12455"}],"curies":[{"name":"wp","href":"https:\/\/api.w.org\/{rel}","templated":true}]}}