{"id":12414,"date":"2025-03-31T12:56:12","date_gmt":"2025-03-31T10:56:12","guid":{"rendered":"https:\/\/elcafedepipa.com\/?p=12414"},"modified":"2025-03-31T12:56:13","modified_gmt":"2025-03-31T10:56:13","slug":"lajuntament-dalmenara-acull-un-curs-basic-per-a-voluntaris-de-proteccio-civil-a-carrec-de-livaspe","status":"publish","type":"post","link":"https:\/\/elcafedepipa.com\/index.php\/2025\/03\/31\/lajuntament-dalmenara-acull-un-curs-basic-per-a-voluntaris-de-proteccio-civil-a-carrec-de-livaspe\/","title":{"rendered":"L&#8217;Ajuntament d&#8217;Almenara acull un curs b\u00e0sic per a voluntaris de Protecci\u00f3 Civil a c\u00e0rrec de l&#8217;IVASPE"},"content":{"rendered":"\n<p>L&#8217;Ajuntament d&#8217;Almenara est\u00e0 acollint els caps de setmana un Curs B\u00e0sic per a Voluntaris de Protecci\u00f3 Civil emmarcat en l&#8217;activitat formativa de l&#8217;IVASPE, en el qual participen 30 persones de 6 agrupacions provincials de Protecci\u00f3 Civil.<\/p>\n\n\n\n<p>En aquest curs l&#8217;alumnat est\u00e0 rebent coneixements te\u00f2rics i pr\u00e0ctics sobre gesti\u00f3 i plans d&#8217;emerg\u00e8ncies, primers auxilis, cerca de persones, psicologia, ordenaci\u00f3 del tr\u00e0nsit i comunicacions i foc.<\/p>\n\n\n\n<p>Dins de la programaci\u00f3 pr\u00e0ctica ja s\u2019han portat a terme t\u00e8cniques de primers auxilis, aix\u00ed com altres t\u00e8cniques d&#8217;atenci\u00f3 en situacions d&#8217;emerg\u00e8ncia, tot aix\u00f2 essencial per a salvar vides abans de l&#8217;arribada dels serveis m\u00e8dics.<\/p>\n\n\n\n<p>Tamb\u00e9 hi haur\u00e0 un simulacre d&#8217;un incendi, que ser\u00e0 una pr\u00e0ctica perqu\u00e8 els voluntaris puguen desembolicar-se en incendis de manera segura i resolutiva. Finalment, es realitza un simulacre sobre la cerca de persones posant l&#8217;accent en les t\u00e8cniques de localitzaci\u00f3 en zones de dif\u00edcil acc\u00e9s.<\/p>\n\n\n\n<p>El curs consta de 40 hores lectives, amb la participaci\u00f3 de 30 persones pertanyents a les agrupacions de Protecci\u00f3 Civil d&#8217;Almenara (3), Castell\u00f3 (10), Nules (5), Vila-real (5), i Segorbe (7). L&#8217;equip docent est\u00e0 format per 13 professors.<\/p>\n\n\n\n<figure class=\"wp-block-image size-full\"><img fetchpriority=\"high\" decoding=\"async\" width=\"375\" height=\"250\" src=\"https:\/\/elcafedepipa.com\/wp-content\/uploads\/2025\/03\/GetAttachmentThumbnail-19.jpg\" alt=\"\" class=\"wp-image-12415\" srcset=\"https:\/\/elcafedepipa.com\/wp-content\/uploads\/2025\/03\/GetAttachmentThumbnail-19.jpg 375w, https:\/\/elcafedepipa.com\/wp-content\/uploads\/2025\/03\/GetAttachmentThumbnail-19-300x200.jpg 300w\" sizes=\"(max-width: 375px) 100vw, 375px\" \/><\/figure>\n","protected":false},"excerpt":{"rendered":"<p>L&#8217;Ajuntament d&#8217;Almenara est\u00e0 acollint els caps de setmana un Curs B\u00e0sic per a Voluntaris de Protecci\u00f3 Civil emmarcat en l&#8217;activitat formativa de l&#8217;IVASPE, en el qual participen 30 persones de 6 agrupacions provincials de Protecci\u00f3 Civil. En aquest curs l&#8217;alumnat est\u00e0 rebent coneixements te\u00f2rics i pr\u00e0ctics sobre gesti\u00f3 i plans d&#8217;emerg\u00e8ncies, primers auxilis, cerca de &#8230; <a title=\"L&#8217;Ajuntament d&#8217;Almenara acull un curs b\u00e0sic per a voluntaris de Protecci\u00f3 Civil a c\u00e0rrec de l&#8217;IVASPE\" class=\"read-more\" href=\"https:\/\/elcafedepipa.com\/index.php\/2025\/03\/31\/lajuntament-dalmenara-acull-un-curs-basic-per-a-voluntaris-de-proteccio-civil-a-carrec-de-livaspe\/\" aria-label=\"M\u00e9s informaci\u00f3 sobre L&#8217;Ajuntament d&#8217;Almenara acull un curs b\u00e0sic per a voluntaris de Protecci\u00f3 Civil a c\u00e0rrec de l&#8217;IVASPE\">Read more<\/a><\/p>\n","protected":false},"author":2,"featured_media":12416,"comment_status":"closed","ping_status":"closed","sticky":false,"template":"","format":"standard","meta":{"om_disable_all_campaigns":false,"_monsterinsights_skip_tracking":false,"_monsterinsights_sitenote_active":false,"_monsterinsights_sitenote_note":"","_monsterinsights_sitenote_category":0,"_uf_show_specific_survey":0,"_uf_disable_surveys":false,"footnotes":""},"categories":[1],"tags":[],"class_list":["post-12414","post","type-post","status-publish","format-standard","has-post-thumbnail","hentry","category-non-classe"],"_links":{"self":[{"href":"https:\/\/elcafedepipa.com\/index.php\/wp-json\/wp\/v2\/posts\/12414","targetHints":{"allow":["GET"]}}],"collection":[{"href":"https:\/\/elcafedepipa.com\/index.php\/wp-json\/wp\/v2\/posts"}],"about":[{"href":"https:\/\/elcafedepipa.com\/index.php\/wp-json\/wp\/v2\/types\/post"}],"author":[{"embeddable":true,"href":"https:\/\/elcafedepipa.com\/index.php\/wp-json\/wp\/v2\/users\/2"}],"replies":[{"embeddable":true,"href":"https:\/\/elcafedepipa.com\/index.php\/wp-json\/wp\/v2\/comments?post=12414"}],"version-history":[{"count":0,"href":"https:\/\/elcafedepipa.com\/index.php\/wp-json\/wp\/v2\/posts\/12414\/revisions"}],"wp:featuredmedia":[{"embeddable":true,"href":"https:\/\/elcafedepipa.com\/index.php\/wp-json\/wp\/v2\/media\/12416"}],"wp:attachment":[{"href":"https:\/\/elcafedepipa.com\/index.php\/wp-json\/wp\/v2\/media?parent=12414"}],"wp:term":[{"taxonomy":"category","embeddable":true,"href":"https:\/\/elcafedepipa.com\/index.php\/wp-json\/wp\/v2\/categories?post=12414"},{"taxonomy":"post_tag","embeddable":true,"href":"https:\/\/elcafedepipa.com\/index.php\/wp-json\/wp\/v2\/tags?post=12414"}],"curies":[{"name":"wp","href":"https:\/\/api.w.org\/{rel}","templated":true}]}}