{"id":12401,"date":"2025-03-31T12:39:46","date_gmt":"2025-03-31T10:39:46","guid":{"rendered":"https:\/\/elcafedepipa.com\/?p=12401"},"modified":"2025-03-31T12:39:47","modified_gmt":"2025-03-31T10:39:47","slug":"el-pspv-denuncia-el-collapse-de-la-salut-mental-a-castello-per-la-falta-dinversio-i-planificacio-de-mazon-qui-sho-pot-permetre-a-la-privada-i-qui-no-es-queda-sense-a","status":"publish","type":"post","link":"https:\/\/elcafedepipa.com\/index.php\/2025\/03\/31\/el-pspv-denuncia-el-collapse-de-la-salut-mental-a-castello-per-la-falta-dinversio-i-planificacio-de-mazon-qui-sho-pot-permetre-a-la-privada-i-qui-no-es-queda-sense-a\/","title":{"rendered":"El PSPV denuncia &#8220;el col\u00b7lapse de la salut mental a Castell\u00f3 per la falta d\u2019inversi\u00f3 i planificaci\u00f3 de Maz\u00f3n&#8221;: \u201cQui s\u2019ho pot permetre, a la privada, i qui no, es queda sense atenci\u00f3\u201d"},"content":{"rendered":"\n<p>El <strong>PSPV-PSOE denuncia que<\/strong> la prov\u00edncia de Castell\u00f3 \u201cs\u2019est\u00e0 quedant enrere en atenci\u00f3 a la salut mental\u201d degut a \u201cla mala gesti\u00f3 i la falta de planificaci\u00f3 del Consell de Carlos Maz\u00f3n\u201d. <strong>Aix\u00ed ho ha assenyalat el portaveu socialista de Sanitat a les Corts, Rafa Sim\u00f3, qui ha criticat que<\/strong> \u201cla distribuci\u00f3 desigual de les unitats d\u2019atenci\u00f3, la falta de refor\u00e7os en les plantilles i l\u2019augment desmesurat de les llistes d\u2019espera est\u00e0 portant el sistema i els pacients a un punt insostenible\u201d.<\/p>\n\n\n\n<blockquote class=\"wp-block-quote is-layout-flow wp-block-quote-is-layout-flow\">\n<p>\u201cLes comarques de Castell\u00f3 estan patint les conseq\u00fc\u00e8ncies d\u2019un model sanitari que menysprea les comarques d\u2019interior i que concentra els recursos en les grans ciutats. La falta d\u2019equitat territorial de la que, malauradament, \u2018peca\u2019 aquest Consell fa que moltes persones no tinguen acc\u00e9s a aquest servei b\u00e0sic a prop de casa i hagen de despla\u00e7ar-se quil\u00f2metres per a rebre atenci\u00f3, la qual cosa provoca que molts abandonen prematurament els tractaments\u201d, ha alertat Sim\u00f3. Lligat a aix\u00f2, ha advertit que la situaci\u00f3 \u201cca\u00f2tica\u201d que viu el sistema est\u00e0 generant una bretxa social en l\u2019acc\u00e9s a la salut mental. \u201cEls que s\u2019ho poden permetre acaben recorrent a la sanitat privada, mentre que els qui no poden pagar un tractament es queden sense atenci\u00f3\u201d.<\/p>\n<\/blockquote>\n\n\n\n<blockquote class=\"wp-block-quote is-layout-flow wp-block-quote-is-layout-flow\">\n<p>\u201cAl PP s\u2019esforcen en dir que la salut mental \u00e9s una prioritat per\u00f2 no ho \u00e9s. Si ac\u00ed la situaci\u00f3 \u00e9s greu, pel fet que no es cobreixen baixes ni vacants, ni s\u2019est\u00e0 fent res per a ampliar xarxa de centres, ni existeix voluntat de fer abaixar les llistes d\u2019espera, imagineu la situaci\u00f3 que es viu a les zones afectades per la DANA\u201d, ha explicat, fent refer\u00e8ncia a que no s\u2019ha fet efectiu cap refor\u00e7 per a atendre les milers de persones que han perdut familiars o les seues formes de vida.<\/p>\n<\/blockquote>\n\n\n\n<p>A m\u00e9s a m\u00e9s, <strong>Sim\u00f3 ha denunciat l\u2019opacitat del Consell en la gesti\u00f3 del Pla de Salut Mental.<\/strong> \u201cQuan sol\u00b7licitem informaci\u00f3 sobre la seua execuci\u00f3, ens la deneguen. Sospitem que \u00e9s perqu\u00e8 no s\u2019est\u00e0 duent a terme, especialment pel que fa a l\u2019obertura de nous espais\u201d.<\/p>\n\n\n\n<p><\/p>\n","protected":false},"excerpt":{"rendered":"<p>El PSPV-PSOE denuncia que la prov\u00edncia de Castell\u00f3 \u201cs\u2019est\u00e0 quedant enrere en atenci\u00f3 a la salut mental\u201d degut a \u201cla mala gesti\u00f3 i la falta de planificaci\u00f3 del Consell de Carlos Maz\u00f3n\u201d. Aix\u00ed ho ha assenyalat el portaveu socialista de Sanitat a les Corts, Rafa Sim\u00f3, qui ha criticat que \u201cla distribuci\u00f3 desigual de les &#8230; <a title=\"El PSPV denuncia &#8220;el col\u00b7lapse de la salut mental a Castell\u00f3 per la falta d\u2019inversi\u00f3 i planificaci\u00f3 de Maz\u00f3n&#8221;: \u201cQui s\u2019ho pot permetre, a la privada, i qui no, es queda sense atenci\u00f3\u201d\" class=\"read-more\" href=\"https:\/\/elcafedepipa.com\/index.php\/2025\/03\/31\/el-pspv-denuncia-el-collapse-de-la-salut-mental-a-castello-per-la-falta-dinversio-i-planificacio-de-mazon-qui-sho-pot-permetre-a-la-privada-i-qui-no-es-queda-sense-a\/\" aria-label=\"M\u00e9s informaci\u00f3 sobre El PSPV denuncia &#8220;el col\u00b7lapse de la salut mental a Castell\u00f3 per la falta d\u2019inversi\u00f3 i planificaci\u00f3 de Maz\u00f3n&#8221;: \u201cQui s\u2019ho pot permetre, a la privada, i qui no, es queda sense atenci\u00f3\u201d\">Read more<\/a><\/p>\n","protected":false},"author":2,"featured_media":12402,"comment_status":"closed","ping_status":"closed","sticky":false,"template":"","format":"standard","meta":{"om_disable_all_campaigns":false,"_monsterinsights_skip_tracking":false,"_monsterinsights_sitenote_active":false,"_monsterinsights_sitenote_note":"","_monsterinsights_sitenote_category":0,"_uf_show_specific_survey":0,"_uf_disable_surveys":false,"footnotes":""},"categories":[1],"tags":[],"class_list":["post-12401","post","type-post","status-publish","format-standard","has-post-thumbnail","hentry","category-non-classe"],"_links":{"self":[{"href":"https:\/\/elcafedepipa.com\/index.php\/wp-json\/wp\/v2\/posts\/12401","targetHints":{"allow":["GET"]}}],"collection":[{"href":"https:\/\/elcafedepipa.com\/index.php\/wp-json\/wp\/v2\/posts"}],"about":[{"href":"https:\/\/elcafedepipa.com\/index.php\/wp-json\/wp\/v2\/types\/post"}],"author":[{"embeddable":true,"href":"https:\/\/elcafedepipa.com\/index.php\/wp-json\/wp\/v2\/users\/2"}],"replies":[{"embeddable":true,"href":"https:\/\/elcafedepipa.com\/index.php\/wp-json\/wp\/v2\/comments?post=12401"}],"version-history":[{"count":0,"href":"https:\/\/elcafedepipa.com\/index.php\/wp-json\/wp\/v2\/posts\/12401\/revisions"}],"wp:featuredmedia":[{"embeddable":true,"href":"https:\/\/elcafedepipa.com\/index.php\/wp-json\/wp\/v2\/media\/12402"}],"wp:attachment":[{"href":"https:\/\/elcafedepipa.com\/index.php\/wp-json\/wp\/v2\/media?parent=12401"}],"wp:term":[{"taxonomy":"category","embeddable":true,"href":"https:\/\/elcafedepipa.com\/index.php\/wp-json\/wp\/v2\/categories?post=12401"},{"taxonomy":"post_tag","embeddable":true,"href":"https:\/\/elcafedepipa.com\/index.php\/wp-json\/wp\/v2\/tags?post=12401"}],"curies":[{"name":"wp","href":"https:\/\/api.w.org\/{rel}","templated":true}]}}