{"id":12362,"date":"2025-03-28T14:08:15","date_gmt":"2025-03-28T13:08:15","guid":{"rendered":"https:\/\/elcafedepipa.com\/?p=12362"},"modified":"2025-03-28T14:08:16","modified_gmt":"2025-03-28T13:08:16","slug":"lajuntament-de-la-vall-duixo-duplica-en-tres-mesos-les-tones-de-residus-organics-que-es-separen","status":"publish","type":"post","link":"https:\/\/elcafedepipa.com\/index.php\/2025\/03\/28\/lajuntament-de-la-vall-duixo-duplica-en-tres-mesos-les-tones-de-residus-organics-que-es-separen\/","title":{"rendered":"L&#8217;Ajuntament de la Vall d\u2019Uix\u00f3 duplica en tres mesos les tones de residus org\u00e0nics que es separen."},"content":{"rendered":"\n<p><strong>Aquest augment s&#8217;ha aconseguit amb la instal\u00b7laci\u00f3 de 150 nous contenidors marrons i diverses accions de conscienciaci\u00f3 ciutadana<\/strong><\/p>\n\n\n\n<p><strong>El contenidor marr\u00f3 d\u2019un futur verd.<\/strong> Aquesta campanya impulsada des de principis d&#8217;any per l&#8217;Ajuntament de la Vall d\u2019Uix\u00f3 ha aconseguit duplicar les tones de mat\u00e8ria org\u00e0nica que es recullen setmanalment a la ciutat. En tres mesos s&#8217;ha passat de 3 tones a la setmana a entre 5 i 6 tones, el que suposa un augment d&#8217;entre el 80 i el 100%. Aix\u00ed, aquests residus separats no arriben al abocador.<\/p>\n\n\n\n<p>L&#8217;alcaldessa, Tania Ba\u00f1os, i el regidor de Medi Ambient, Marc Seguer, han donat a con\u00e9ixer aquests resultats provisionals, als quals ha contribu\u00eft la instal\u00b7laci\u00f3 el mes de febrer de 150 nous contenidors marrons i la distribuci\u00f3 de 1.300 kits per separar la fracci\u00f3 org\u00e0nica (un cub, bosses compostables i una guia). Aquesta campanya, en les seues diferents fases des de 2021, ha arribat ja a 8.000 habitatges, el 42% del total, i l&#8217;objectiu en els pr\u00f2xims mesos \u00e9s acostar-se al 100%.<\/p>\n\n\n\n<p>Gr\u00e0cies a aquesta iniciativa s&#8217;ha passat de tenir 127 a 275 contenidors marrons a la via p\u00fablica. A m\u00e9s, s&#8217;han realitzat nou xerrades d&#8217;educaci\u00f3 ambiental als centres socials dels barris (queden dues m\u00e9s a l&#8217;associaci\u00f3 d&#8217;amas de casa i a l&#8217;escola de persones adultes) i s&#8217;ha realitzat una campanya de comunicaci\u00f3, juntament amb la contractaci\u00f3 de dos educadors ambientals per a la distribuci\u00f3 de kits i l&#8217;assessorament porta a porta a la ciutadania.<\/p>\n\n\n\n<p>En definitiva, s&#8217;ha buscat \u201cfacilitar la vida a la gent perqu\u00e8 puguen separar els residus, donant-los mitjans\u201d, han assenyalat els responsables municipals. Ara el repte \u00e9s seguir augmentant la separaci\u00f3 de residus \u201cperqu\u00e8 ho imposa la normativa europea, per\u00f2 tamb\u00e9 per la convicci\u00f3 de cuidar el planeta, la salut de les persones, estalviar i lluitar contra el canvi clim\u00e0tic\u201d.<\/p>\n\n\n\n<p>Aquest projecte per augmentar la separaci\u00f3 de la fracci\u00f3 org\u00e0nica est\u00e0 finan\u00e7at per la Uni\u00f3 Europea \u2013 Next Generation EU, a trav\u00e9s del Pla de Recuperaci\u00f3, Transformaci\u00f3 i Resili\u00e8ncia del Govern d&#8217;Espanya. La inversi\u00f3 \u00e9s de 117.190,85 euros, dels quals els fons europeus aporten el 70% (82.033,60 euros) i la resta l&#8217;Ajuntament.<\/p>\n","protected":false},"excerpt":{"rendered":"<p>Aquest augment s&#8217;ha aconseguit amb la instal\u00b7laci\u00f3 de 150 nous contenidors marrons i diverses accions de conscienciaci\u00f3 ciutadana El contenidor marr\u00f3 d\u2019un futur verd. Aquesta campanya impulsada des de principis d&#8217;any per l&#8217;Ajuntament de la Vall d\u2019Uix\u00f3 ha aconseguit duplicar les tones de mat\u00e8ria org\u00e0nica que es recullen setmanalment a la ciutat. En tres mesos &#8230; <a title=\"L&#8217;Ajuntament de la Vall d\u2019Uix\u00f3 duplica en tres mesos les tones de residus org\u00e0nics que es separen.\" class=\"read-more\" href=\"https:\/\/elcafedepipa.com\/index.php\/2025\/03\/28\/lajuntament-de-la-vall-duixo-duplica-en-tres-mesos-les-tones-de-residus-organics-que-es-separen\/\" aria-label=\"M\u00e9s informaci\u00f3 sobre L&#8217;Ajuntament de la Vall d\u2019Uix\u00f3 duplica en tres mesos les tones de residus org\u00e0nics que es separen.\">Read more<\/a><\/p>\n","protected":false},"author":2,"featured_media":12366,"comment_status":"closed","ping_status":"closed","sticky":false,"template":"","format":"standard","meta":{"om_disable_all_campaigns":false,"_monsterinsights_skip_tracking":false,"_monsterinsights_sitenote_active":false,"_monsterinsights_sitenote_note":"","_monsterinsights_sitenote_category":0,"_uf_show_specific_survey":0,"_uf_disable_surveys":false,"footnotes":""},"categories":[2],"tags":[],"class_list":["post-12362","post","type-post","status-publish","format-standard","has-post-thumbnail","hentry","category-lavallduixo"],"_links":{"self":[{"href":"https:\/\/elcafedepipa.com\/index.php\/wp-json\/wp\/v2\/posts\/12362","targetHints":{"allow":["GET"]}}],"collection":[{"href":"https:\/\/elcafedepipa.com\/index.php\/wp-json\/wp\/v2\/posts"}],"about":[{"href":"https:\/\/elcafedepipa.com\/index.php\/wp-json\/wp\/v2\/types\/post"}],"author":[{"embeddable":true,"href":"https:\/\/elcafedepipa.com\/index.php\/wp-json\/wp\/v2\/users\/2"}],"replies":[{"embeddable":true,"href":"https:\/\/elcafedepipa.com\/index.php\/wp-json\/wp\/v2\/comments?post=12362"}],"version-history":[{"count":0,"href":"https:\/\/elcafedepipa.com\/index.php\/wp-json\/wp\/v2\/posts\/12362\/revisions"}],"wp:featuredmedia":[{"embeddable":true,"href":"https:\/\/elcafedepipa.com\/index.php\/wp-json\/wp\/v2\/media\/12366"}],"wp:attachment":[{"href":"https:\/\/elcafedepipa.com\/index.php\/wp-json\/wp\/v2\/media?parent=12362"}],"wp:term":[{"taxonomy":"category","embeddable":true,"href":"https:\/\/elcafedepipa.com\/index.php\/wp-json\/wp\/v2\/categories?post=12362"},{"taxonomy":"post_tag","embeddable":true,"href":"https:\/\/elcafedepipa.com\/index.php\/wp-json\/wp\/v2\/tags?post=12362"}],"curies":[{"name":"wp","href":"https:\/\/api.w.org\/{rel}","templated":true}]}}