{"id":1235,"date":"2024-05-29T12:32:14","date_gmt":"2024-05-29T10:32:14","guid":{"rendered":"https:\/\/elcafedepipa.com\/?p=1235"},"modified":"2024-05-29T12:32:15","modified_gmt":"2024-05-29T10:32:15","slug":"lajuntament-dalfondeguilla-recupera-sis-aljubs-tradicionals-dels-segles-xviii-i-xix","status":"publish","type":"post","link":"https:\/\/elcafedepipa.com\/index.php\/2024\/05\/29\/lajuntament-dalfondeguilla-recupera-sis-aljubs-tradicionals-dels-segles-xviii-i-xix\/","title":{"rendered":"L\u2019Ajuntament d&#8217;Alfondeguilla recupera sis aljubs tradicionals dels segles XVIII i XIX"},"content":{"rendered":"\n<p>L\u2019Ajuntament d&#8217;Alfondeguilla, comprom\u00e9s amb la recuperaci\u00f3 del seu patrimoni tradicional, ha restaurat sis aljubs dels segles XVIII i XIX, respectant les construccions heretades dels seus avantpassats. Aquestes estructures han estat senyalitzades perqu\u00e8 puguen ser visitades.<\/p>\n\n\n\n<p>Els aljubs estan situats en El Colom, el barranc de la Contesa, la Foia Arnau, Pipa, l&#8217;alt de Pipa i l&#8217;Ereta. S\u00f3n edificacions molt interessants que conserven en perfecte estat la t\u00e8cnica de la pedra seca, destacant especialment la t\u00e8cnica depurada de l&#8217;aljub de Foia Arnau.<\/p>\n\n\n\n<p>El regidor de Cultura, David Galindo, ha explicat que \u201cantigament la gent vivia de la terra. Alfondeguilla \u00e9s un municipi molt muntanyenc i els camins no eren tan accessibles com ara, per la qual cosa les dist\u00e0ncies eren m\u00e9s llargues\u201d. Amb els aljubs, \u201cera una manera de tindre aigua per a la gent que anava al camp i els seus animals\u201d.<\/p>\n\n\n\n<p>\u201cHem&nbsp;posat en valor&nbsp;una part dels aljubs que tenim en el nostre terme municipal perqu\u00e8 la gent conega com s&#8217;aprofitaven els recursos naturals en moments de dificultat\u201d, ha assegurat Galindo.<\/p>\n\n\n\n<p>Estos&nbsp;aljubs es constru\u00efen en zones molt transitades i pr\u00f2ximes als camps on treballaven les terres. Arreplegaven l&#8217;aigua de la pluja per la part superior de la cisterna, que es depositava en el got accessible per una obertura deixada en la construcci\u00f3 de pedra. Els usuaris realitzaven un manteniment perqu\u00e8 l&#8217;aigua fora&nbsp;el m\u00e9s apta possible&nbsp;per al consum hum\u00e0.<\/p>\n\n\n\n<p>Per la seua banda, l&#8217;alcalde d&#8217;Alfondeguilla, Salvador Ventura, ha explicat que els treballs de posada en valor dels aljubs van comen\u00e7ar fa un any. \u201cEls hem restaurat i hem senyalitzat les rutes amb panells indicatius en les zones d&#8217;acc\u00e9s, a m\u00e9s d&#8217;un panell explicatiu en l&#8217;avinguda Betx\u00ed perqu\u00e8 la gent puga descarregar-se l&#8217;aplicaci\u00f3 m\u00f2bil i seguir les rutes\u201d.<\/p>\n\n\n\n<p>Per a aix\u00f2, l&#8217;Ajuntament d&#8217;Alfondeguilla ha invertit prop de 30.000 euros en la &#8216;Ruta dels Aljubs&#8217;, que se suma a les rutes senyalitzades del Castell de Castro i l&#8217;Arquet.<\/p>\n\n\n\n<p>Ventura ha indicat que l&#8217;objectiu \u00e9s continuar&nbsp;posant en valor&nbsp;els recursos patrimonials d&#8217;Alfondeguilla i que les rutes de Castro i l&#8217;Arquet tamb\u00e9 s&#8217;incloguen en l&#8217;APP &#8216;Wikiloc&#8217;.<\/p>\n","protected":false},"excerpt":{"rendered":"<p>L\u2019Ajuntament d&#8217;Alfondeguilla, comprom\u00e9s amb la recuperaci\u00f3 del seu patrimoni tradicional, ha restaurat sis aljubs dels segles XVIII i XIX, respectant les construccions heretades dels seus avantpassats. Aquestes estructures han estat senyalitzades perqu\u00e8 puguen ser visitades. Els aljubs estan situats en El Colom, el barranc de la Contesa, la Foia Arnau, Pipa, l&#8217;alt de Pipa i &#8230; <a title=\"L\u2019Ajuntament d&#8217;Alfondeguilla recupera sis aljubs tradicionals dels segles XVIII i XIX\" class=\"read-more\" href=\"https:\/\/elcafedepipa.com\/index.php\/2024\/05\/29\/lajuntament-dalfondeguilla-recupera-sis-aljubs-tradicionals-dels-segles-xviii-i-xix\/\" aria-label=\"M\u00e9s informaci\u00f3 sobre L\u2019Ajuntament d&#8217;Alfondeguilla recupera sis aljubs tradicionals dels segles XVIII i XIX\">Read more<\/a><\/p>\n","protected":false},"author":2,"featured_media":0,"comment_status":"open","ping_status":"open","sticky":false,"template":"","format":"standard","meta":{"om_disable_all_campaigns":false,"_monsterinsights_skip_tracking":false,"_monsterinsights_sitenote_active":false,"_monsterinsights_sitenote_note":"","_monsterinsights_sitenote_category":0,"_uf_show_specific_survey":0,"_uf_disable_surveys":false,"footnotes":""},"categories":[9],"tags":[],"class_list":["post-1235","post","type-post","status-publish","format-standard","hentry","category-alfondeguilla"],"_links":{"self":[{"href":"https:\/\/elcafedepipa.com\/index.php\/wp-json\/wp\/v2\/posts\/1235","targetHints":{"allow":["GET"]}}],"collection":[{"href":"https:\/\/elcafedepipa.com\/index.php\/wp-json\/wp\/v2\/posts"}],"about":[{"href":"https:\/\/elcafedepipa.com\/index.php\/wp-json\/wp\/v2\/types\/post"}],"author":[{"embeddable":true,"href":"https:\/\/elcafedepipa.com\/index.php\/wp-json\/wp\/v2\/users\/2"}],"replies":[{"embeddable":true,"href":"https:\/\/elcafedepipa.com\/index.php\/wp-json\/wp\/v2\/comments?post=1235"}],"version-history":[{"count":0,"href":"https:\/\/elcafedepipa.com\/index.php\/wp-json\/wp\/v2\/posts\/1235\/revisions"}],"wp:attachment":[{"href":"https:\/\/elcafedepipa.com\/index.php\/wp-json\/wp\/v2\/media?parent=1235"}],"wp:term":[{"taxonomy":"category","embeddable":true,"href":"https:\/\/elcafedepipa.com\/index.php\/wp-json\/wp\/v2\/categories?post=1235"},{"taxonomy":"post_tag","embeddable":true,"href":"https:\/\/elcafedepipa.com\/index.php\/wp-json\/wp\/v2\/tags?post=1235"}],"curies":[{"name":"wp","href":"https:\/\/api.w.org\/{rel}","templated":true}]}}