{"id":12323,"date":"2025-03-27T13:45:27","date_gmt":"2025-03-27T12:45:27","guid":{"rendered":"https:\/\/elcafedepipa.com\/?p=12323"},"modified":"2025-03-27T13:45:28","modified_gmt":"2025-03-27T12:45:28","slug":"el-ppcv-presenta-un-pla-de-treball-viu-per-a-una-comissio-dinvestigacio-de-la-dana-que-vaja-mes-enlla-de-lespectacle-i-el-circ","status":"publish","type":"post","link":"https:\/\/elcafedepipa.com\/index.php\/2025\/03\/27\/el-ppcv-presenta-un-pla-de-treball-viu-per-a-una-comissio-dinvestigacio-de-la-dana-que-vaja-mes-enlla-de-lespectacle-i-el-circ\/","title":{"rendered":"El PPCV presenta un pla de treball viu per a una comissi\u00f3 d&#8217;investigaci\u00f3 de la DANA \u201cque vaja m\u00e9s enll\u00e0 de l&#8217;espectacle i el circ\u201d"},"content":{"rendered":"\n<p><strong>El portaveu del GPP en la comissi\u00f3 d&#8217;investigaci\u00f3 sobre la gesti\u00f3 de la DANA, Fernando Pastor, presenta una proposta de treball viva \u201cque vagi m\u00e9s enll\u00e0 de l&#8217;espectacle i el circ\u201d<\/strong><\/p>\n\n\n\n<p>El portaveu del Grup Popular (GPP) en la comissi\u00f3 d&#8217;investigaci\u00f3 sobre la gesti\u00f3 de la DANA, <strong>Fernando Pastor, ha presentat una proposta de treball viva<\/strong> \u201cque s&#8217;allunye de l&#8217;espectacle i el circ en que en algunes ocasions s&#8217;han convertit aquestes comissions parlament\u00e0ries&#8221;.<\/p>\n\n\n\n<p>En roda de premsa, juntament amb la portaveu adjunta del Grup Popular, Laura Chuli\u00e0, Pastor ha traslladat la seua voluntat perqu\u00e8 les sessions es desenvolupen amb rigor i coher\u00e8ncia, i siguin \u00fatils en diversos nivells: \u201cPrimer, per a la comissi\u00f3 d&#8217;investigaci\u00f3; segon, per a Les Corts; tercer, per a les fam\u00edlies i amics de les v\u00edctimes; quart, per als afectats per la riuada, i cinqu\u00e9, per als valencians en general. Perqu\u00e8 estem obligats a donar una explicaci\u00f3 digna i a l&#8217;altura del que ha passat\u201d.<\/p>\n\n\n\n<p>El diputat popular ha subratllat que la comissi\u00f3 ha de centrar-se en tres claus temporals: present, passat i futur. \u201cVolem saber qu\u00e8 va passar i per qu\u00e8 va passar. En el present, \u00e9s fonamental con\u00e8ixer qu\u00e8 estan fent \u2013i qu\u00e8 no estan fent\u2013 les administracions amb compet\u00e8ncies en la gesti\u00f3 de la riuada. I de cara al futur, el pla de treball que presentem ha de contribuir a que, si es repeteix una riuada com la d&#8217;octubre, els seus efectes sobre el territori valenci\u00e0 siguen els m\u00ednims possibles\u201d, ha explicat.<\/p>\n\n\n\n<p>En la seua opini\u00f3, la investigaci\u00f3 ha de desenvolupar-se sense vetos ni biaixos pol\u00edtics. Aquesta comissi\u00f3 \u201cno \u00e9s una desfilada\u201d, sin\u00f3 que se cridar\u00e0 a declarar aquells que tinguen \u201calguna cosa important que dir\u201d. En aquest sentit, Pastor ha reclamat al PSPV \u201cque animi els seus companys de partit en el Govern d&#8217;Espanya perqu\u00e8 donen la cara i vinguin a explicar qu\u00e8 va passar i quines mesures prendran per evitar que es repeteixi\u201d.<\/p>\n\n\n\n<p>Segons el pla proposat, el termini de durada dels treballs ser\u00e0 de dotze mesos. Les sessions es ordenaran amb sis compareixents diaris.<\/p>\n","protected":false},"excerpt":{"rendered":"<p>El portaveu del GPP en la comissi\u00f3 d&#8217;investigaci\u00f3 sobre la gesti\u00f3 de la DANA, Fernando Pastor, presenta una proposta de treball viva \u201cque vagi m\u00e9s enll\u00e0 de l&#8217;espectacle i el circ\u201d El portaveu del Grup Popular (GPP) en la comissi\u00f3 d&#8217;investigaci\u00f3 sobre la gesti\u00f3 de la DANA, Fernando Pastor, ha presentat una proposta de treball &#8230; <a title=\"El PPCV presenta un pla de treball viu per a una comissi\u00f3 d&#8217;investigaci\u00f3 de la DANA \u201cque vaja m\u00e9s enll\u00e0 de l&#8217;espectacle i el circ\u201d\" class=\"read-more\" href=\"https:\/\/elcafedepipa.com\/index.php\/2025\/03\/27\/el-ppcv-presenta-un-pla-de-treball-viu-per-a-una-comissio-dinvestigacio-de-la-dana-que-vaja-mes-enlla-de-lespectacle-i-el-circ\/\" aria-label=\"M\u00e9s informaci\u00f3 sobre El PPCV presenta un pla de treball viu per a una comissi\u00f3 d&#8217;investigaci\u00f3 de la DANA \u201cque vaja m\u00e9s enll\u00e0 de l&#8217;espectacle i el circ\u201d\">Read more<\/a><\/p>\n","protected":false},"author":2,"featured_media":12324,"comment_status":"closed","ping_status":"closed","sticky":false,"template":"","format":"standard","meta":{"om_disable_all_campaigns":false,"_monsterinsights_skip_tracking":false,"_monsterinsights_sitenote_active":false,"_monsterinsights_sitenote_note":"","_monsterinsights_sitenote_category":0,"_uf_show_specific_survey":0,"_uf_disable_surveys":false,"footnotes":""},"categories":[11],"tags":[],"class_list":["post-12323","post","type-post","status-publish","format-standard","has-post-thumbnail","hentry","category-comunitatvalenciana"],"_links":{"self":[{"href":"https:\/\/elcafedepipa.com\/index.php\/wp-json\/wp\/v2\/posts\/12323","targetHints":{"allow":["GET"]}}],"collection":[{"href":"https:\/\/elcafedepipa.com\/index.php\/wp-json\/wp\/v2\/posts"}],"about":[{"href":"https:\/\/elcafedepipa.com\/index.php\/wp-json\/wp\/v2\/types\/post"}],"author":[{"embeddable":true,"href":"https:\/\/elcafedepipa.com\/index.php\/wp-json\/wp\/v2\/users\/2"}],"replies":[{"embeddable":true,"href":"https:\/\/elcafedepipa.com\/index.php\/wp-json\/wp\/v2\/comments?post=12323"}],"version-history":[{"count":0,"href":"https:\/\/elcafedepipa.com\/index.php\/wp-json\/wp\/v2\/posts\/12323\/revisions"}],"wp:featuredmedia":[{"embeddable":true,"href":"https:\/\/elcafedepipa.com\/index.php\/wp-json\/wp\/v2\/media\/12324"}],"wp:attachment":[{"href":"https:\/\/elcafedepipa.com\/index.php\/wp-json\/wp\/v2\/media?parent=12323"}],"wp:term":[{"taxonomy":"category","embeddable":true,"href":"https:\/\/elcafedepipa.com\/index.php\/wp-json\/wp\/v2\/categories?post=12323"},{"taxonomy":"post_tag","embeddable":true,"href":"https:\/\/elcafedepipa.com\/index.php\/wp-json\/wp\/v2\/tags?post=12323"}],"curies":[{"name":"wp","href":"https:\/\/api.w.org\/{rel}","templated":true}]}}