{"id":12316,"date":"2025-03-27T13:37:31","date_gmt":"2025-03-27T12:37:31","guid":{"rendered":"https:\/\/elcafedepipa.com\/?p=12316"},"modified":"2025-03-27T13:37:32","modified_gmt":"2025-03-27T12:37:32","slug":"nules-convoca-el-i-concurs-literari-dia-internacional-de-la-joventut","status":"publish","type":"post","link":"https:\/\/elcafedepipa.com\/index.php\/2025\/03\/27\/nules-convoca-el-i-concurs-literari-dia-internacional-de-la-joventut\/","title":{"rendered":"Nules convoca el I Concurs Literari Dia Internacional de la Joventut"},"content":{"rendered":"\n<p>La <strong>Regidoria de Joventut de l\u2019Ajuntament de Nules<\/strong> vol unir-se a la celebraci\u00f3 anual del Dia Internacional de la Joventut, que es commemora el 12 d\u2019agost, amb la realitzaci\u00f3 de diverses activitats, entre les quals es troba com a novetat el I Concurs Literari de Relat Dia Internacional de la Joventut.<\/p>\n\n\n\n<p>De manera que, pot participar de manera individual qualsevol persona jove de 18 a 30 anys o persona menor d\u2019edat de 12 a 17 anys amb l\u2019autoritzaci\u00f3 signada pel pare, mare o persona tutora.<\/p>\n\n\n\n<p>Aix\u00ed, cada persona participant pot presentar un m\u00e0xim de dos relats originals i in\u00e8dites amb tem\u00e0tica lliure, sempre que siga representativa i estiga relacionada amb la data que es commemora, es a dir al voltant de les persones joves i de la joventut.<\/p>\n\n\n\n<p>La Regidora de Joventut, Blanca Silvestre, assenyala que \u201ces valoraran especialment els treballs que defensen els valors no discriminatoris ni sexistes, el trencament amb els estereotips masculins i femenins tradicionals, i que ressalten la figura de les persones joves i de la joventut, a m\u00e9s de la creativitat, l\u2019originalitat, la qualitat liter\u00e0ria i la coher\u00e8ncia narrativa dels relats\u201d.<\/p>\n\n\n\n<p>Per tant, el termini per a presentar treballs \u00e9s fins divendres, 25 d\u2019abril, al Registre General de documents de l\u2019Ajuntament de Nules, en horari de dilluns a divendres de 9 a 14 hores, a m\u00e9s tamb\u00e9 es poden presentar per correu certificat.<\/p>\n\n\n\n<p>La dotaci\u00f3 pressupost\u00e0ria d\u2019aquest concurs \u00e9s de 500 euros. Aix\u00ed doncs, es lliuraran un primer i segon premi amb imports de 200 i 150 euros respectivament, i s\u2019estableix un premi especial de 150 euros destinat a destacar el millor relat en valenci\u00e0, \u201cque t\u00e9 com a objectiu impulsar la redacci\u00f3 en la nostra llengua\u201d, matisa Blanca Silvestre.<\/p>\n\n\n\n<p>Cal destacar que, el jurat estar\u00e0 format per persones relacionades amb el m\u00f3n de la cultura, preferentment amb titulaci\u00f3 universit\u00e0ria en Ci\u00e8ncies de la Informaci\u00f3 i\/o Comunicaci\u00f3, escriptors\/es, cr\u00edtics\/ques literaris o persones expertes en l\u2019\u00e0mbit de les pol\u00edtiques de la joventut o del Consell de la Joventut, estar\u00e0 presidit per la Regidora de Pol\u00edtiques de Joventut, i actuar\u00e0 com a secretari el T\u00e8cnic Coordinador de Joventut de l\u2019Ajuntament de Nules.<\/p>\n","protected":false},"excerpt":{"rendered":"<p>La Regidoria de Joventut de l\u2019Ajuntament de Nules vol unir-se a la celebraci\u00f3 anual del Dia Internacional de la Joventut, que es commemora el 12 d\u2019agost, amb la realitzaci\u00f3 de diverses activitats, entre les quals es troba com a novetat el I Concurs Literari de Relat Dia Internacional de la Joventut. De manera que, pot &#8230; <a title=\"Nules convoca el I Concurs Literari Dia Internacional de la Joventut\" class=\"read-more\" href=\"https:\/\/elcafedepipa.com\/index.php\/2025\/03\/27\/nules-convoca-el-i-concurs-literari-dia-internacional-de-la-joventut\/\" aria-label=\"M\u00e9s informaci\u00f3 sobre Nules convoca el I Concurs Literari Dia Internacional de la Joventut\">Read more<\/a><\/p>\n","protected":false},"author":2,"featured_media":12318,"comment_status":"closed","ping_status":"closed","sticky":false,"template":"","format":"standard","meta":{"om_disable_all_campaigns":false,"_monsterinsights_skip_tracking":false,"_monsterinsights_sitenote_active":false,"_monsterinsights_sitenote_note":"","_monsterinsights_sitenote_category":0,"_uf_show_specific_survey":0,"_uf_disable_surveys":false,"footnotes":""},"categories":[3],"tags":[],"class_list":["post-12316","post","type-post","status-publish","format-standard","has-post-thumbnail","hentry","category-nules"],"_links":{"self":[{"href":"https:\/\/elcafedepipa.com\/index.php\/wp-json\/wp\/v2\/posts\/12316","targetHints":{"allow":["GET"]}}],"collection":[{"href":"https:\/\/elcafedepipa.com\/index.php\/wp-json\/wp\/v2\/posts"}],"about":[{"href":"https:\/\/elcafedepipa.com\/index.php\/wp-json\/wp\/v2\/types\/post"}],"author":[{"embeddable":true,"href":"https:\/\/elcafedepipa.com\/index.php\/wp-json\/wp\/v2\/users\/2"}],"replies":[{"embeddable":true,"href":"https:\/\/elcafedepipa.com\/index.php\/wp-json\/wp\/v2\/comments?post=12316"}],"version-history":[{"count":0,"href":"https:\/\/elcafedepipa.com\/index.php\/wp-json\/wp\/v2\/posts\/12316\/revisions"}],"wp:featuredmedia":[{"embeddable":true,"href":"https:\/\/elcafedepipa.com\/index.php\/wp-json\/wp\/v2\/media\/12318"}],"wp:attachment":[{"href":"https:\/\/elcafedepipa.com\/index.php\/wp-json\/wp\/v2\/media?parent=12316"}],"wp:term":[{"taxonomy":"category","embeddable":true,"href":"https:\/\/elcafedepipa.com\/index.php\/wp-json\/wp\/v2\/categories?post=12316"},{"taxonomy":"post_tag","embeddable":true,"href":"https:\/\/elcafedepipa.com\/index.php\/wp-json\/wp\/v2\/tags?post=12316"}],"curies":[{"name":"wp","href":"https:\/\/api.w.org\/{rel}","templated":true}]}}