{"id":12234,"date":"2025-03-26T12:37:53","date_gmt":"2025-03-26T11:37:53","guid":{"rendered":"https:\/\/elcafedepipa.com\/?p=12234"},"modified":"2025-03-26T12:38:08","modified_gmt":"2025-03-26T11:38:08","slug":"el-moli-darros-dalmenara-acollira-del-4-al-30-dabril-una-mostra-de-dibuixos-denrique-barrera-zafon","status":"publish","type":"post","link":"https:\/\/elcafedepipa.com\/index.php\/2025\/03\/26\/el-moli-darros-dalmenara-acollira-del-4-al-30-dabril-una-mostra-de-dibuixos-denrique-barrera-zafon\/","title":{"rendered":"El mol\u00ed d\u2019arr\u00f2s d\u2019almenara acollir\u00e0 del 4 al 30 d\u2019abril una mostra de dibuixos d\u2019Enrique Barrera Zaf\u00f3n"},"content":{"rendered":"\n<p>El Museu del Mol\u00ed d\u2019Arr\u00f2s d&#8217;Almenara acollir\u00e0 del 4 al 30 d&#8217;abril una mostra de dibuix d&#8217;Enrique Barrera Zaf\u00f3n. L&#8217;exposici\u00f3 s&#8217;inaugurar\u00e0 el divendres 4 a les 18 hores i podr\u00e0 visitar-se de dilluns a divendres de 9.30 a 14 hores, els dimarts i dijous de 16 a 18 hores i els dissabtes de 10 a 13 i de 17 a 19 hores.<\/p>\n\n\n\n<p>En la mostra, Barrera Zaf\u00f3n presentar\u00e0 els seus dibuixos de paisatges i edificis emblem\u00e0tics de la comarca, aix\u00ed com la seua col\u00b7lecci\u00f3 de dibuixos abstractes i de caricatures. Per a aix\u00f2 utilitza diverses t\u00e8cniques com el carbonet, el llapis o els retoladors.<\/p>\n\n\n\n<p>Enrique Barrera Zaf\u00f3n va n\u00e0ixer a Benifair\u00f3 de les Valls l&#8217;any 1946. \u00c9s un artista autodidacta que ha mostrat des de sempre un gran entusiasme pel dibuix en totes les seues t\u00e8cniques, q\u00fcesti\u00f3 que queda demostrada en les seues obres. Actualment, despr\u00e9s de la seua jubilaci\u00f3, es dedica b\u00e0sicament a les seues dues grans passions, el dibuix i el billar.<\/p>\n\n\n\n<p><\/p>\n","protected":false},"excerpt":{"rendered":"<p>El Museu del Mol\u00ed d\u2019Arr\u00f2s d&#8217;Almenara acollir\u00e0 del 4 al 30 d&#8217;abril una mostra de dibuix d&#8217;Enrique Barrera Zaf\u00f3n. L&#8217;exposici\u00f3 s&#8217;inaugurar\u00e0 el divendres 4 a les 18 hores i podr\u00e0 visitar-se de dilluns a divendres de 9.30 a 14 hores, els dimarts i dijous de 16 a 18 hores i els dissabtes de 10 a &#8230; <a title=\"El mol\u00ed d\u2019arr\u00f2s d\u2019almenara acollir\u00e0 del 4 al 30 d\u2019abril una mostra de dibuixos d\u2019Enrique Barrera Zaf\u00f3n\" class=\"read-more\" href=\"https:\/\/elcafedepipa.com\/index.php\/2025\/03\/26\/el-moli-darros-dalmenara-acollira-del-4-al-30-dabril-una-mostra-de-dibuixos-denrique-barrera-zafon\/\" aria-label=\"M\u00e9s informaci\u00f3 sobre El mol\u00ed d\u2019arr\u00f2s d\u2019almenara acollir\u00e0 del 4 al 30 d\u2019abril una mostra de dibuixos d\u2019Enrique Barrera Zaf\u00f3n\">Read more<\/a><\/p>\n","protected":false},"author":2,"featured_media":12235,"comment_status":"closed","ping_status":"closed","sticky":false,"template":"","format":"standard","meta":{"om_disable_all_campaigns":false,"_monsterinsights_skip_tracking":false,"_monsterinsights_sitenote_active":false,"_monsterinsights_sitenote_note":"","_monsterinsights_sitenote_category":0,"_uf_show_specific_survey":0,"_uf_disable_surveys":false,"footnotes":""},"categories":[5],"tags":[],"class_list":["post-12234","post","type-post","status-publish","format-standard","has-post-thumbnail","hentry","category-almenara"],"_links":{"self":[{"href":"https:\/\/elcafedepipa.com\/index.php\/wp-json\/wp\/v2\/posts\/12234","targetHints":{"allow":["GET"]}}],"collection":[{"href":"https:\/\/elcafedepipa.com\/index.php\/wp-json\/wp\/v2\/posts"}],"about":[{"href":"https:\/\/elcafedepipa.com\/index.php\/wp-json\/wp\/v2\/types\/post"}],"author":[{"embeddable":true,"href":"https:\/\/elcafedepipa.com\/index.php\/wp-json\/wp\/v2\/users\/2"}],"replies":[{"embeddable":true,"href":"https:\/\/elcafedepipa.com\/index.php\/wp-json\/wp\/v2\/comments?post=12234"}],"version-history":[{"count":0,"href":"https:\/\/elcafedepipa.com\/index.php\/wp-json\/wp\/v2\/posts\/12234\/revisions"}],"wp:featuredmedia":[{"embeddable":true,"href":"https:\/\/elcafedepipa.com\/index.php\/wp-json\/wp\/v2\/media\/12235"}],"wp:attachment":[{"href":"https:\/\/elcafedepipa.com\/index.php\/wp-json\/wp\/v2\/media?parent=12234"}],"wp:term":[{"taxonomy":"category","embeddable":true,"href":"https:\/\/elcafedepipa.com\/index.php\/wp-json\/wp\/v2\/categories?post=12234"},{"taxonomy":"post_tag","embeddable":true,"href":"https:\/\/elcafedepipa.com\/index.php\/wp-json\/wp\/v2\/tags?post=12234"}],"curies":[{"name":"wp","href":"https:\/\/api.w.org\/{rel}","templated":true}]}}