{"id":12230,"date":"2025-03-26T11:57:56","date_gmt":"2025-03-26T10:57:56","guid":{"rendered":"https:\/\/elcafedepipa.com\/?p=12230"},"modified":"2025-03-26T11:57:57","modified_gmt":"2025-03-26T10:57:57","slug":"el-pp-de-la-vall-exercix-daltaveu-dels-veins-i-presenta-al-ple-iniciatives-per-a-millorar-lestacio-dautobusos-i-actuar-en-la-placa-despana","status":"publish","type":"post","link":"https:\/\/elcafedepipa.com\/index.php\/2025\/03\/26\/el-pp-de-la-vall-exercix-daltaveu-dels-veins-i-presenta-al-ple-iniciatives-per-a-millorar-lestacio-dautobusos-i-actuar-en-la-placa-despana\/","title":{"rendered":"El PP de la Vall exercix d&#8217;altaveu dels ve\u00efns i presenta al ple iniciatives per a millorar l&#8217;estaci\u00f3 d&#8217;autobusos i actuar en la pla\u00e7a d&#8217;Espa\u00f1a."},"content":{"rendered":"\n<p>El Partit Popular elevar\u00e0 dem\u00e0 dijous a ple dos iniciatives que donen veu als ciutadans de la Vall amb l&#8217;objectiu que siguen ateses les seues demandes en dos espais diferenciats: l&#8217;estaci\u00f3 d&#8217;autobusos i la pla\u00e7a d&#8217;Espa\u00f1a.&nbsp;<\/p>\n\n\n\n<p>En la primera moci\u00f3, el <strong>PP planteja<\/strong> inversi\u00f3 per a &#8220;millorar les condicions d&#8217;un recurs que cada dia utilitzen centenars de ciutadans&#8221;. \u201cNo ja nom\u00e9s en conservaci\u00f3 i manteniment, tamb\u00e9 en refor\u00e7 de prestacions\u201d. D&#8217;una banda, <strong>explica Herminio Serra<\/strong>, es necessita \u201cun refor\u00e7 en la neteja\u201d, no ja nom\u00e9s perqu\u00e8 l&#8217;estaci\u00f3 \u00e9s porta d&#8217;entrada a la localitat, \u201csin\u00f3 perqu\u00e8 els ve\u00efns paguen impostos per a rebre servicis que, en este cas concret, s\u00f3n sens dubte deficients\u201d.\u00a0<\/p>\n\n\n\n<p><strong>Serra proposa<\/strong> la instal\u00b7laci\u00f3 de sistemes anticoloms, per a evitar els excrements de les aus en zones de pas d&#8217;usuaris, aix\u00ed com la inversi\u00f3 que permeta reparar bancs i papereres. Aix\u00ed mateix, tamb\u00e9 demana complir la paraula donada per l&#8217;alcaldessa socialista,\u00a0<\/p>\n\n\n\n<p><strong>Serra diu<\/strong> que &#8220;Tania Ba\u00f1os, per a desenrotllar el parc del Pol\u00edgon 3, situat al costat de l&#8217;estaci\u00f3. Amb el desenrotllament d&#8217;este entorn podr\u00edem incorporar als recursos la posada en marxa d&#8217;una cafeteria i uns lavabos p\u00fablics que s\u00f3n necessaris en una infraestructura amb un constant tr\u00e0nsit de passatgers&#8221;.<\/p>\n\n\n\n<p>En paral\u00b7lel, la pla\u00e7a d&#8217;Espa\u00f1a tamb\u00e9 ser\u00e0 motiu de demanda per part del Partit Popular. En este cas, la iniciativa que Serra def\u00e9n dona veu als ve\u00efns d&#8217;esta pla\u00e7a el s\u00f2l de la qual est\u00e0 cedit al consistori i obliga al mateix a realitzar labors de conservaci\u00f3 i manteniment \u201cque en estos moments s\u00f3n inexistents\u201d.&nbsp;<\/p>\n\n\n\n<p>\u201cEls ciutadans esperen que el seu consistori complisca amb els seus deures, de la mateixa manera que s&#8217;exigix este compliment a la poblaci\u00f3. Ni m\u00e9s, ni menys\u201d, assenyala el regidor. \u00c9s per aix\u00f2 que la moci\u00f3 proposada planteja invertir per a garantir neteja de l&#8217;entorn i dels seus embornals. Corregir l&#8217;acumulaci\u00f3 d&#8217;aigua en superf\u00edcie, \u201cperqu\u00e8 estes acaben generant filtracions en l&#8217;aparcament soterrat que hi ha en la part inferior de la pla\u00e7a\u201d.&nbsp;<\/p>\n\n\n\n<p>En el pla d&#8217;acci\u00f3, que els ve\u00efns han compartit amb el PP, tamb\u00e9 es planteja la millora de la senyalitzaci\u00f3 \u201cper a garantir seguretat als vianants\u201d, aix\u00ed com reparar els equipaments instal\u00b7lats en la pla\u00e7a, \u201cperqu\u00e8 s\u00f3n d&#8217;\u00fas com\u00fa\u201d. \u201cNo \u00e9s una opci\u00f3, \u00e9s la nostra obligaci\u00f3\u201d, ha concl\u00f2s el regidor.<\/p>\n","protected":false},"excerpt":{"rendered":"<p>El Partit Popular elevar\u00e0 dem\u00e0 dijous a ple dos iniciatives que donen veu als ciutadans de la Vall amb l&#8217;objectiu que siguen ateses les seues demandes en dos espais diferenciats: l&#8217;estaci\u00f3 d&#8217;autobusos i la pla\u00e7a d&#8217;Espa\u00f1a.&nbsp; En la primera moci\u00f3, el PP planteja inversi\u00f3 per a &#8220;millorar les condicions d&#8217;un recurs que cada dia utilitzen &#8230; <a title=\"El PP de la Vall exercix d&#8217;altaveu dels ve\u00efns i presenta al ple iniciatives per a millorar l&#8217;estaci\u00f3 d&#8217;autobusos i actuar en la pla\u00e7a d&#8217;Espa\u00f1a.\" class=\"read-more\" href=\"https:\/\/elcafedepipa.com\/index.php\/2025\/03\/26\/el-pp-de-la-vall-exercix-daltaveu-dels-veins-i-presenta-al-ple-iniciatives-per-a-millorar-lestacio-dautobusos-i-actuar-en-la-placa-despana\/\" aria-label=\"M\u00e9s informaci\u00f3 sobre El PP de la Vall exercix d&#8217;altaveu dels ve\u00efns i presenta al ple iniciatives per a millorar l&#8217;estaci\u00f3 d&#8217;autobusos i actuar en la pla\u00e7a d&#8217;Espa\u00f1a.\">Read more<\/a><\/p>\n","protected":false},"author":2,"featured_media":12231,"comment_status":"closed","ping_status":"closed","sticky":false,"template":"","format":"standard","meta":{"om_disable_all_campaigns":false,"_monsterinsights_skip_tracking":false,"_monsterinsights_sitenote_active":false,"_monsterinsights_sitenote_note":"","_monsterinsights_sitenote_category":0,"_uf_show_specific_survey":0,"_uf_disable_surveys":false,"footnotes":""},"categories":[2],"tags":[],"class_list":["post-12230","post","type-post","status-publish","format-standard","has-post-thumbnail","hentry","category-lavallduixo"],"_links":{"self":[{"href":"https:\/\/elcafedepipa.com\/index.php\/wp-json\/wp\/v2\/posts\/12230","targetHints":{"allow":["GET"]}}],"collection":[{"href":"https:\/\/elcafedepipa.com\/index.php\/wp-json\/wp\/v2\/posts"}],"about":[{"href":"https:\/\/elcafedepipa.com\/index.php\/wp-json\/wp\/v2\/types\/post"}],"author":[{"embeddable":true,"href":"https:\/\/elcafedepipa.com\/index.php\/wp-json\/wp\/v2\/users\/2"}],"replies":[{"embeddable":true,"href":"https:\/\/elcafedepipa.com\/index.php\/wp-json\/wp\/v2\/comments?post=12230"}],"version-history":[{"count":0,"href":"https:\/\/elcafedepipa.com\/index.php\/wp-json\/wp\/v2\/posts\/12230\/revisions"}],"wp:featuredmedia":[{"embeddable":true,"href":"https:\/\/elcafedepipa.com\/index.php\/wp-json\/wp\/v2\/media\/12231"}],"wp:attachment":[{"href":"https:\/\/elcafedepipa.com\/index.php\/wp-json\/wp\/v2\/media?parent=12230"}],"wp:term":[{"taxonomy":"category","embeddable":true,"href":"https:\/\/elcafedepipa.com\/index.php\/wp-json\/wp\/v2\/categories?post=12230"},{"taxonomy":"post_tag","embeddable":true,"href":"https:\/\/elcafedepipa.com\/index.php\/wp-json\/wp\/v2\/tags?post=12230"}],"curies":[{"name":"wp","href":"https:\/\/api.w.org\/{rel}","templated":true}]}}