{"id":12227,"date":"2025-03-26T11:45:18","date_gmt":"2025-03-26T10:45:18","guid":{"rendered":"https:\/\/elcafedepipa.com\/?p=12227"},"modified":"2025-03-26T11:45:20","modified_gmt":"2025-03-26T10:45:20","slug":"setmana-de-sol-i-estabilitat-a-castello-amb-temperatures-suaus","status":"publish","type":"post","link":"https:\/\/elcafedepipa.com\/index.php\/2025\/03\/26\/setmana-de-sol-i-estabilitat-a-castello-amb-temperatures-suaus\/","title":{"rendered":"Setmana de sol i estabilitat a Castell\u00f3 amb temperatures suaus"},"content":{"rendered":"\n<p>La prov\u00edncia de Castell\u00f3 gaudir\u00e0 d&#8217;una setmana marcada per l&#8217;estabilitat meteorol\u00f2gica i el predomini del sol, segons les previsions de l&#8217;Ag\u00e8ncia Estatal de Meteorologia (AEMET).<\/p>\n\n\n\n<p>Des del dimecres 26 fins al diumenge 30 de mar\u00e7, el cel es mantindr\u00e0 pr\u00e0cticament ras, amb abs\u00e8ncia de precipitacions i temperatures suaus. Les m\u00e0ximes oscil\u00b7laran entre els 17 i 19 graus, mentre que les m\u00ednimes es mouran entre els 6 i 9 graus.<\/p>\n\n\n\n<p>El vent bufar\u00e0 fluix de component sud i est, amb ratxes moderades en alguns moments, especialment el dimecres i el dissabte. A m\u00e9s, l&#8217;\u00edndex ultraviolat ser\u00e0 moderat-alt, arribant a nivells de 7 el dimecres, per la qual cosa es recomana precauci\u00f3 a l&#8217;hora d&#8217;exposar-se al sol.<\/p>\n\n\n\n<p>De cara al cap de setmana, hi haur\u00e0 un lleuger augment de la nuvolositat, especialment el dissabte i el diumenge, per\u00f2 amb una probabilitat molt baixa de pluja.<\/p>\n\n\n\n<p>En definitiva, una setmana ideal per gaudir de l&#8217;aire lliure amb un ambient primaveral i estable.<\/p>\n\n\n\n<p>Font: <a href=\"https:\/\/www.aemet.es\/es\/eltiempo\/prediccion\/municipios\/vall-d-uixo-la-id12126\" data-type=\"link\" data-id=\"https:\/\/www.aemet.es\/es\/eltiempo\/prediccion\/municipios\/vall-d-uixo-la-id12126\">AEMET<\/a><\/p>\n","protected":false},"excerpt":{"rendered":"<p>La prov\u00edncia de Castell\u00f3 gaudir\u00e0 d&#8217;una setmana marcada per l&#8217;estabilitat meteorol\u00f2gica i el predomini del sol, segons les previsions de l&#8217;Ag\u00e8ncia Estatal de Meteorologia (AEMET). Des del dimecres 26 fins al diumenge 30 de mar\u00e7, el cel es mantindr\u00e0 pr\u00e0cticament ras, amb abs\u00e8ncia de precipitacions i temperatures suaus. Les m\u00e0ximes oscil\u00b7laran entre els 17 i &#8230; <a title=\"Setmana de sol i estabilitat a Castell\u00f3 amb temperatures suaus\" class=\"read-more\" href=\"https:\/\/elcafedepipa.com\/index.php\/2025\/03\/26\/setmana-de-sol-i-estabilitat-a-castello-amb-temperatures-suaus\/\" aria-label=\"M\u00e9s informaci\u00f3 sobre Setmana de sol i estabilitat a Castell\u00f3 amb temperatures suaus\">Read more<\/a><\/p>\n","protected":false},"author":2,"featured_media":12228,"comment_status":"closed","ping_status":"closed","sticky":false,"template":"","format":"standard","meta":{"om_disable_all_campaigns":false,"_monsterinsights_skip_tracking":false,"_monsterinsights_sitenote_active":false,"_monsterinsights_sitenote_note":"","_monsterinsights_sitenote_category":0,"_uf_show_specific_survey":0,"_uf_disable_surveys":false,"footnotes":""},"categories":[10],"tags":[],"class_list":["post-12227","post","type-post","status-publish","format-standard","has-post-thumbnail","hentry","category-provinciadecastello"],"_links":{"self":[{"href":"https:\/\/elcafedepipa.com\/index.php\/wp-json\/wp\/v2\/posts\/12227","targetHints":{"allow":["GET"]}}],"collection":[{"href":"https:\/\/elcafedepipa.com\/index.php\/wp-json\/wp\/v2\/posts"}],"about":[{"href":"https:\/\/elcafedepipa.com\/index.php\/wp-json\/wp\/v2\/types\/post"}],"author":[{"embeddable":true,"href":"https:\/\/elcafedepipa.com\/index.php\/wp-json\/wp\/v2\/users\/2"}],"replies":[{"embeddable":true,"href":"https:\/\/elcafedepipa.com\/index.php\/wp-json\/wp\/v2\/comments?post=12227"}],"version-history":[{"count":0,"href":"https:\/\/elcafedepipa.com\/index.php\/wp-json\/wp\/v2\/posts\/12227\/revisions"}],"wp:featuredmedia":[{"embeddable":true,"href":"https:\/\/elcafedepipa.com\/index.php\/wp-json\/wp\/v2\/media\/12228"}],"wp:attachment":[{"href":"https:\/\/elcafedepipa.com\/index.php\/wp-json\/wp\/v2\/media?parent=12227"}],"wp:term":[{"taxonomy":"category","embeddable":true,"href":"https:\/\/elcafedepipa.com\/index.php\/wp-json\/wp\/v2\/categories?post=12227"},{"taxonomy":"post_tag","embeddable":true,"href":"https:\/\/elcafedepipa.com\/index.php\/wp-json\/wp\/v2\/tags?post=12227"}],"curies":[{"name":"wp","href":"https:\/\/api.w.org\/{rel}","templated":true}]}}