{"id":12197,"date":"2025-03-25T13:13:14","date_gmt":"2025-03-25T12:13:14","guid":{"rendered":"https:\/\/elcafedepipa.com\/?p=12197"},"modified":"2025-03-25T13:13:15","modified_gmt":"2025-03-25T12:13:15","slug":"el-consorci-c3v1-aconsegueix-el-record-historic-el-2024-amb-un-56-de-valoritzacio-i-un-309-deliminacio-de-residus","status":"publish","type":"post","link":"https:\/\/elcafedepipa.com\/index.php\/2025\/03\/25\/el-consorci-c3v1-aconsegueix-el-record-historic-el-2024-amb-un-56-de-valoritzacio-i-un-309-deliminacio-de-residus\/","title":{"rendered":"El Consorci C3V1 aconsegueix el r\u00e8cord hist\u00f2ric el 2024 amb un 56% de valoritzaci\u00f3 i un 30&#8217;9 % d&#8217;eliminaci\u00f3 de residus"},"content":{"rendered":"\n<p><strong>L&#8217;ens supramunicipal redueix un 2% els residus dipositats a l&#8217;abocador gr\u00e0cies a la tecnologia i implicaci\u00f3 ciutadana<\/strong><\/p>\n\n\n\n<p>El Consorci de Residus C3V1 (Consorci Pal\u00e0ncia Belcaire) ha obtingut unes xifres de r\u00e8cord en valoritzaci\u00f3 de residus combinant tecnologia, educaci\u00f3 ambiental i pr\u00e0ctiques sostenibles durant el 2024. Aix\u00ed, l&#8217;ens supramunicipal ha aconseguit el millor rendiment de gesti\u00f3 dels residus urbans i dom\u00e8stics des de l&#8217;inici de l&#8217;explotaci\u00f3 de les 2 i eliminaci\u00f3 que la normativa estableix per al 2025: un 56,14% de valoritzaci\u00f3, percentatge que supera el 55% establert legalment per al 2025 i un 30,90% d&#8217;eliminaci\u00f3 que compleix l&#8217;objectiu establert normativament per al 2025, que \u00e9s el de no superar el 40%.<\/p>\n\n\n\n<p><br>A m\u00e9s, durant el 2024 s&#8217;ha dipositat un 2% menys de tones de residus a l&#8217;abocador respecte del 2023, gr\u00e0cies a la recuperaci\u00f3 m\u00e9s gran de la planta ia l&#8217;increment notable de residus dipositats per la ciutadania a la xarxa d&#8217;ecoparcs<br>El Consorci de Residus C3\/V1 continua enfortint la seva posici\u00f3 com a referent en la gesti\u00f3 innovadora i sostenible de residus urbans i dom\u00e8stics, mitjan\u00e7ant l\u201fadopci\u00f3 de tecnologies avan\u00e7ades i sistemes basats en intel\u00b7lig\u00e8ncia artificial. Aquesta estrat\u00e8gia respon integralment als desafiaments mediambientals actuals i cerca augmentar significativament l&#8217;efici\u00e8ncia operativa, alineant-se clarament amb els principis de l&#8217;economia circular.<br>Implementaci\u00f3 d&#8217;infraestructures intel\u00b7ligents.<\/p>\n\n\n\n<p><br>Dins d&#8217;aquest ambici\u00f3s projecte, el consorci ha dissenyat i implementat una instal\u00b7laci\u00f3 de tractament i eliminaci\u00f3 i una xarxa d&#8217;ecoparcs que, amb l&#8217;\u00fas de les millors t\u00e8cniques disponibles per a la valoritzaci\u00f3 dels residus urbans i dom\u00e8stics i un manteniment i millora adequats per a la seva adaptaci\u00f3 i modernitzaci\u00f3, gestionen els residus urbans complint els requisits legals aplicables i els principis d&#8217;economia circular.<br>Comprom\u00eds socioambiental i qualitat de vida ciutadana<\/p>\n\n\n\n<p><br>&#8220;El nostre model integral est\u00e0 fonamentat en la innovaci\u00f3 tecnol\u00f2gica i un profund comprom\u00eds socioambiental, alineat plenament amb els objectius establerts a les normatives locals, nacionals i europees&#8221;, ha destacat la presidenta del Consorci C3\/V1, Mari Carmen Climent. &#8220;La integraci\u00f3 efectiva de tecnologies avan\u00e7ades ens permet maximitzar l&#8217;\u00fas dels nostres recursos, generant beneficis tangibles en termes de sostenibilitat ambiental i qualitat de vida ciutadana, cosa que ens posiciona com a referents clars en gesti\u00f3 ambiental sostenible&#8221;.<br>Educaci\u00f3 ambiental per a un futur sostenible.<\/p>\n\n\n\n<p><br>Per implementar aquest model integral tecnol\u00f2gic-socioambiental, a m\u00e9s de les millores tecnol\u00f2giques i operatives implantades a les instal\u00b7lacions de valoritzaci\u00f3 consorciades (planta i xarxa d&#8217;ecoparcs), el consorci desenvolupa de manera activa programes educatius i de sensibilitzaci\u00f3 ciutadana, amb un pla de visites a la planta de tractament. Aquestes iniciatives busquen fomentar h\u00e0bits sostenibles, enfortir una cultura de responsabilitat ambiental i facilitar la transici\u00f3 cap a una economia circular. Les accions formatives complementen l&#8217;esfor\u00e7 tecnol\u00f2gic, garantint aix\u00ed un impacte positiu m\u00e9s gran en la comunitat i una participaci\u00f3 ciutadana m\u00e9s compromesa amb la sostenibilitat.<\/p>\n\n\n\n<p>Qu\u00e8 \u00e9s el Consorci Pal\u00e0ncia Belcaire?<br>Cal recordar que el Consorci Pal\u00e0ncia Belcaire est\u00e0 format per 56 municipis de les comarques del Camp de Morvedre, Alt Pal\u00e0ncia i Plana Baixa. Els ajuntaments dels 56 municipis, juntament amb la Diputaci\u00f3 de Castell\u00f3, la Diputaci\u00f3 de Val\u00e8ncia i la Generalitat Valenciana, gestionen de la manera m\u00e9s eficient possible els residus urbans del Pla Zonal C3\/V1.<\/p>\n\n\n\n<p><\/p>\n","protected":false},"excerpt":{"rendered":"<p>L&#8217;ens supramunicipal redueix un 2% els residus dipositats a l&#8217;abocador gr\u00e0cies a la tecnologia i implicaci\u00f3 ciutadana El Consorci de Residus C3V1 (Consorci Pal\u00e0ncia Belcaire) ha obtingut unes xifres de r\u00e8cord en valoritzaci\u00f3 de residus combinant tecnologia, educaci\u00f3 ambiental i pr\u00e0ctiques sostenibles durant el 2024. Aix\u00ed, l&#8217;ens supramunicipal ha aconseguit el millor rendiment de gesti\u00f3 &#8230; <a title=\"El Consorci C3V1 aconsegueix el r\u00e8cord hist\u00f2ric el 2024 amb un 56% de valoritzaci\u00f3 i un 30&#8217;9 % d&#8217;eliminaci\u00f3 de residus\" class=\"read-more\" href=\"https:\/\/elcafedepipa.com\/index.php\/2025\/03\/25\/el-consorci-c3v1-aconsegueix-el-record-historic-el-2024-amb-un-56-de-valoritzacio-i-un-309-deliminacio-de-residus\/\" aria-label=\"M\u00e9s informaci\u00f3 sobre El Consorci C3V1 aconsegueix el r\u00e8cord hist\u00f2ric el 2024 amb un 56% de valoritzaci\u00f3 i un 30&#8217;9 % d&#8217;eliminaci\u00f3 de residus\">Read more<\/a><\/p>\n","protected":false},"author":2,"featured_media":12198,"comment_status":"closed","ping_status":"closed","sticky":false,"template":"","format":"standard","meta":{"om_disable_all_campaigns":false,"_monsterinsights_skip_tracking":false,"_monsterinsights_sitenote_active":false,"_monsterinsights_sitenote_note":"","_monsterinsights_sitenote_category":0,"_uf_show_specific_survey":0,"_uf_disable_surveys":false,"footnotes":""},"categories":[10],"tags":[],"class_list":["post-12197","post","type-post","status-publish","format-standard","has-post-thumbnail","hentry","category-provinciadecastello"],"_links":{"self":[{"href":"https:\/\/elcafedepipa.com\/index.php\/wp-json\/wp\/v2\/posts\/12197","targetHints":{"allow":["GET"]}}],"collection":[{"href":"https:\/\/elcafedepipa.com\/index.php\/wp-json\/wp\/v2\/posts"}],"about":[{"href":"https:\/\/elcafedepipa.com\/index.php\/wp-json\/wp\/v2\/types\/post"}],"author":[{"embeddable":true,"href":"https:\/\/elcafedepipa.com\/index.php\/wp-json\/wp\/v2\/users\/2"}],"replies":[{"embeddable":true,"href":"https:\/\/elcafedepipa.com\/index.php\/wp-json\/wp\/v2\/comments?post=12197"}],"version-history":[{"count":0,"href":"https:\/\/elcafedepipa.com\/index.php\/wp-json\/wp\/v2\/posts\/12197\/revisions"}],"wp:featuredmedia":[{"embeddable":true,"href":"https:\/\/elcafedepipa.com\/index.php\/wp-json\/wp\/v2\/media\/12198"}],"wp:attachment":[{"href":"https:\/\/elcafedepipa.com\/index.php\/wp-json\/wp\/v2\/media?parent=12197"}],"wp:term":[{"taxonomy":"category","embeddable":true,"href":"https:\/\/elcafedepipa.com\/index.php\/wp-json\/wp\/v2\/categories?post=12197"},{"taxonomy":"post_tag","embeddable":true,"href":"https:\/\/elcafedepipa.com\/index.php\/wp-json\/wp\/v2\/tags?post=12197"}],"curies":[{"name":"wp","href":"https:\/\/api.w.org\/{rel}","templated":true}]}}